{"id":5787,"date":"2018-05-14T13:06:49","date_gmt":"2018-05-14T13:06:49","guid":{"rendered":"http:\/\/heidysandovalruiz.com\/?p=5787"},"modified":"2018-05-16T04:02:53","modified_gmt":"2018-05-16T04:02:53","slug":"vuestros-pies-hoy-caminan-al-viaje-sin-retorno","status":"publish","type":"post","link":"https:\/\/heidysandovalruiz.com\/?p=5787","title":{"rendered":"Vuestros pies hoy caminan al viaje sin retorno"},"content":{"rendered":"<p>Por <strong>Heidy Sandoval Ruiz<\/strong><\/p>\n<p style=\"text-align: justify;\">Crec\u00ed escuchando en las radios de moda la canci\u00f3n de Luis Galich \u201cVuestros pies\u201d, la que escribi\u00f3 en 1973 y la que r\u00e1pidamente se convirti\u00f3 en la preferida de los adolescentes de aquella \u00e9poca pues escuchar a Galich con el acompa\u00f1amiento del grupo Santa Fe daba una magia espectacular a la canci\u00f3n que hasta este 2018, la siguen interpretando solistas y grupos.<\/p>\n<p style=\"text-align: justify;\">Sin embargo, muchos desconocen que su pasi\u00f3n por la m\u00fasica surgi\u00f3 cuando contaba solamente con diez a\u00f1os pues al escuchar un disco de acetato de Mario Lanza, supo desde ese momento \u00a0que lo suyo era cantar y ser m\u00fasico.\u00a0 Sus maestros fueron una guitarra y un acorde\u00f3n que llegaron a sus manos, desde ah\u00ed no dej\u00f3 de hacer m\u00fasica. \u00a0Con el grupo Santa Fe le conocimos varios temas entre ellos \u201cVuestros pies\u201d, \u201cWoman\u201d, \u201cMarin Guariba\u201d, \u201cCual es\u201d entre otros que prendieron a la juventud de la \u00e9poca.<\/p>\n<p style=\"text-align: justify;\">Cantante, compositor, arreglista, multi-instrumentalista pues ejecutaba varios instrumentos como la guitarra, el piano, bajo el\u00e9ctrico, acorde\u00f3n entre otros.\u00a0 Luis Galich no dejaba de hacer m\u00fasica y para 1979 acompa\u00f1ado del Grupo Pir\u00e1mide representa a Guatemala en el Festival OTI realizado en Venezuela con la canci\u00f3n \u201cLa mitad de mi naranja\u201d, ese a\u00f1o el ganador fue el representante de Argentina, sin embargo para nosotros fue el primer lugar y se ha demostrado ya que la canci\u00f3n nunca se qued\u00f3 en el olvido.<\/p>\n<figure id=\"attachment_5790\" aria-describedby=\"caption-attachment-5790\" style=\"width: 300px\" class=\"wp-caption alignright\"><a href=\"https:\/\/heidysandovalruiz.com\/wp-content\/uploads\/2018\/05\/Scan0006.jpg\"><img loading=\"lazy\" decoding=\"async\" class=\"wp-image-5790 size-medium\" src=\"https:\/\/heidysandovalruiz.com\/wp-content\/uploads\/2018\/05\/Scan0006-300x285.jpg\" alt=\"Scan0006\" width=\"300\" height=\"285\" srcset=\"https:\/\/heidysandovalruiz.com\/wp-content\/uploads\/2018\/05\/Scan0006-300x285.jpg 300w, https:\/\/heidysandovalruiz.com\/wp-content\/uploads\/2018\/05\/Scan0006.jpg 697w\" sizes=\"auto, (max-width: 300px) 100vw, 300px\" \/><\/a><figcaption id=\"caption-attachment-5790\" class=\"wp-caption-text\">Con Gloria C\u00e1ceres, David Avalos y quien coordina la \u00abGala de la Canci\u00f3n Guatemalteca\u00bb. Septiembre de 1995.<\/figcaption><\/figure>\n<p style=\"text-align: justify;\">Entre otras cosas que pocos conocen, es que estuvo exiliado por once a\u00f1os en Canad\u00e1 pero esto lo fortaleci\u00f3 y rompi\u00f3 las fronteras del arte y esto le dio la oportunidad de conocer varios lugares a los que viaj\u00f3 posteriormente. Fue hijo del dramaturgo Manuel Galich.<\/p>\n<p style=\"text-align: justify;\">Particip\u00f3 en la \u201cII y XVIII Gala de la Canci\u00f3n Guatemalteca\u201d, 1995 y 2011 respectivamente. Asimismo celebr\u00f3 sus cuarenta a\u00f1os de trayectoria art\u00edstica en 2016 donde se le escuch\u00f3 cantar temas como \u201cEl triunfador\u201d, \u201cAnduri\u00f1a\u201d, \u201cAyer tuve un sue\u00f1o\u201d y el \u201c\u00daltimo beso\u201d entre otros y en el 2017 fue invitado por el Maestro Lester God\u00ednez para participar en el \u201cXX aniversario de The Jazz Train Big Band\u201d, entre much\u00edsimas actividades realizadas a los largo de cuatro d\u00e9cadas.\u00a0 En algunas ocasiones fue invitado por la Embajada de M\u00e9xico a participar con canciones tradicionales de ese pa\u00eds en el \u00abD\u00eda de los muertos\u00bb.<\/p>\n<p style=\"text-align: justify;\">Defin\u00eda sus cuarenta a\u00f1os de trayectoria musical como dif\u00edciles, alegres, creativos, muy demandantes de energ\u00eda y de tiempo pero feliz de componer canciones que tocaban el coraz\u00f3n de muchas personas y eso a \u00e9l le llenaba el alma.\u00a0 Admirado y querido por muchos de sus colegas, fue un enamorado de la m\u00fasica de la cual trabajaba arreglos para otros artistas.<\/p>\n<p style=\"text-align: justify;\">El a\u00f1o pasado me escribi\u00f3 estas palabras: Heidy&#8230;que bueno restablecer comunicaci\u00f3n con todo ese mundo que t\u00fa has creado desde hace tanto tiempo ya&#8230;tu ves la corriente art\u00edstica y quieres contar al respecto&#8230;gozas y sufres tanto los triunfos como los golpes &#8230;como tantos como los\u00a0 que participamos activamente en ella&#8230;<strong>Luis Galich.<\/strong><\/p>\n<p style=\"text-align: justify;\">M\u00e1s de cuatro d\u00e9cadas de trayectoria musical recorrieron la vida de Luis Galich quien falleci\u00f3 este domingo a causa de un paro respiratorio.\u00a0 Deja un legado musical sorprendente. Expresamos nuestras muestras de condolencias a su familia especialmente a su hijo Juan Salvador Galich.<\/p>\n<figure id=\"attachment_5803\" aria-describedby=\"caption-attachment-5803\" style=\"width: 300px\" class=\"wp-caption aligncenter\"><a href=\"https:\/\/heidysandovalruiz.com\/wp-content\/uploads\/2018\/05\/thumbnail.jpg\"><img loading=\"lazy\" decoding=\"async\" class=\"wp-image-5803 size-medium\" src=\"https:\/\/heidysandovalruiz.com\/wp-content\/uploads\/2018\/05\/thumbnail-300x199.jpg\" alt=\"thumbnail\" width=\"300\" height=\"199\" srcset=\"https:\/\/heidysandovalruiz.com\/wp-content\/uploads\/2018\/05\/thumbnail-300x199.jpg 300w, https:\/\/heidysandovalruiz.com\/wp-content\/uploads\/2018\/05\/thumbnail-1024x678.jpg 1024w, https:\/\/heidysandovalruiz.com\/wp-content\/uploads\/2018\/05\/thumbnail.jpg 1080w\" sizes=\"auto, (max-width: 300px) 100vw, 300px\" \/><\/a><figcaption id=\"caption-attachment-5803\" class=\"wp-caption-text\">Con el Presidente de la APG, Miguel Alvarez<\/figcaption><\/figure>\n<p style=\"text-align: justify;\"><a href=\"https:\/\/heidysandovalruiz.com\/wp-content\/uploads\/2018\/05\/DSC02074.jpg\"><img loading=\"lazy\" decoding=\"async\" class=\"aligncenter size-medium wp-image-5791\" src=\"https:\/\/heidysandovalruiz.com\/wp-content\/uploads\/2018\/05\/DSC02074-300x257.jpg\" alt=\"DSC02074\" width=\"300\" height=\"257\" srcset=\"https:\/\/heidysandovalruiz.com\/wp-content\/uploads\/2018\/05\/DSC02074-300x257.jpg 300w, https:\/\/heidysandovalruiz.com\/wp-content\/uploads\/2018\/05\/DSC02074.jpg 853w\" sizes=\"auto, (max-width: 300px) 100vw, 300px\" \/><\/a><\/p>\n<p style=\"text-align: justify;\"><a href=\"https:\/\/heidysandovalruiz.com\/wp-content\/uploads\/2018\/05\/Scan0009.jpg\"><img loading=\"lazy\" decoding=\"async\" class=\"aligncenter size-medium wp-image-5793\" src=\"https:\/\/heidysandovalruiz.com\/wp-content\/uploads\/2018\/05\/Scan0009-220x300.jpg\" alt=\"Scan0009\" width=\"220\" height=\"300\" srcset=\"https:\/\/heidysandovalruiz.com\/wp-content\/uploads\/2018\/05\/Scan0009-220x300.jpg 220w, https:\/\/heidysandovalruiz.com\/wp-content\/uploads\/2018\/05\/Scan0009.jpg 528w\" sizes=\"auto, (max-width: 220px) 100vw, 220px\" \/><\/a><\/p>\n<p style=\"text-align: center;\"><a href=\"https:\/\/heidysandovalruiz.com\/wp-content\/uploads\/2018\/05\/DSC07904.jpg\"><img loading=\"lazy\" decoding=\"async\" class=\"aligncenter size-medium wp-image-5799\" src=\"https:\/\/heidysandovalruiz.com\/wp-content\/uploads\/2018\/05\/DSC07904-300x200.jpg\" alt=\"DSC07904\" width=\"300\" height=\"200\" srcset=\"https:\/\/heidysandovalruiz.com\/wp-content\/uploads\/2018\/05\/DSC07904-300x200.jpg 300w, https:\/\/heidysandovalruiz.com\/wp-content\/uploads\/2018\/05\/DSC07904-1024x683.jpg 1024w\" sizes=\"auto, (max-width: 300px) 100vw, 300px\" \/><\/a><\/p>\n<p style=\"text-align: center;\"><a href=\"https:\/\/heidysandovalruiz.com\/wp-content\/uploads\/2018\/05\/2.jpg\"><img loading=\"lazy\" decoding=\"async\" class=\"aligncenter size-medium wp-image-5796\" src=\"https:\/\/heidysandovalruiz.com\/wp-content\/uploads\/2018\/05\/2-300x169.jpg\" alt=\"2\" width=\"300\" height=\"169\" srcset=\"https:\/\/heidysandovalruiz.com\/wp-content\/uploads\/2018\/05\/2-300x169.jpg 300w, https:\/\/heidysandovalruiz.com\/wp-content\/uploads\/2018\/05\/2-1024x576.jpg 1024w, https:\/\/heidysandovalruiz.com\/wp-content\/uploads\/2018\/05\/2.jpg 1920w\" sizes=\"auto, (max-width: 300px) 100vw, 300px\" \/><\/a><\/p>\n<p><iframe loading=\"lazy\" src=\"https:\/\/www.youtube.com\/embed\/cq78HS6SkrU\" width=\"560\" height=\"315\" frameborder=\"0\" allowfullscreen=\"allowfullscreen\"><\/iframe><\/p>\n<p><iframe loading=\"lazy\" src=\"https:\/\/www.youtube.com\/embed\/rBLZ5JEE4Ww\" width=\"560\" height=\"315\" frameborder=\"0\" allowfullscreen=\"allowfullscreen\"><\/iframe><\/p>\n<p><iframe loading=\"lazy\" src=\"https:\/\/www.youtube.com\/embed\/SGHC1TOSvUE\" width=\"560\" height=\"315\" frameborder=\"0\" allowfullscreen=\"allowfullscreen\"><\/iframe><\/p>\n<p><iframe loading=\"lazy\" width=\"560\" height=\"315\" src=\"https:\/\/www.youtube.com\/embed\/L-ZCcr8V23M\" frameborder=\"0\" allow=\"autoplay; encrypted-media\" allowfullscreen><\/iframe><\/p>\n<p><iframe loading=\"lazy\" src=\"https:\/\/www.youtube.com\/embed\/iDGoEKkafmI\" width=\"560\" height=\"315\" frameborder=\"0\" allowfullscreen=\"allowfullscreen\"><\/iframe><\/p>\n<p style=\"text-align: justify;\">Les invitamos para que se unan al grupo de \u00ab<strong>Artistas de Guatemala para el Mundo<\/strong>\u00bb en este link <a href=\"http:\/\/on.fb.me\/1sn2wSf\">http:\/\/on.fb.me\/1sn2wSf<\/a> \u00a0\u00a0el cual tiene como prop\u00f3sito compartir videos, fotos, an\u00e9cdotas y todo lo de nuestros artistas en las diferentes d\u00e9cadas.<\/p>\n<p style=\"text-align: justify;\">Hemos creado el grupo <strong>\u201cLas entrevistas de Heidy<\/strong>\u201d que pueden localizar en<\/p>\n<p style=\"text-align: justify;\"><a href=\"https:\/\/www.facebook.com\/groups\/1443599465933701\/\">https:\/\/www.facebook.com\/groups\/1443599465933701\/<\/a><\/p>\n<p style=\"text-align: justify;\">Tambi\u00e9n ponemos a su disposici\u00f3n el grupo <strong>\u201cUn siglo de anuncios y algo m\u00e1s\u2026\u201d,<\/strong> un espacio donde pueden compartir o comentar los post que se publiquen <a href=\"http:\/\/on.fb.me\/1vASm2g\">http:\/\/on.fb.me\/1vASm2g<\/a><\/p>\n<p style=\"text-align: justify;\"><strong>Las entrevistas las pueden leer en los siguientes links:\u00a0\u00a0 <\/strong><\/p>\n<p style=\"text-align: justify;\"><a href=\"http:\/\/www.heidysandovalruiz.com\">http:\/\/www.heidysandovalruiz.com<\/a><\/p>\n<p style=\"text-align: justify;\"><a href=\"http:\/\/lasentrevistasdeheidy.blogspot.com\">http:\/\/lasentrevistasdeheidy.blogspot.com<\/a><\/p>\n<p style=\"text-align: justify;\"><a href=\"https:\/\/www.facebook.com\/pages\/Los-invitados-de-Heidy\/892159284204965?ref=hl\">https:\/\/www.facebook.com\/pages\/Los-invitados-de-Heidy\/892159284204965?ref=hl<\/a><\/p>\n","protected":false},"excerpt":{"rendered":"<div class=\"mh-excerpt\"><p>Por Heidy Sandoval Ruiz Crec\u00ed escuchando en las radios de moda la canci\u00f3n de Luis Galich \u201cVuestros pies\u201d, la que escribi\u00f3 en 1973 y la <a class=\"mh-excerpt-more\" href=\"https:\/\/heidysandovalruiz.com\/?p=5787\" title=\"Vuestros pies hoy caminan al viaje sin retorno\">[&#8230;]<\/a><\/p>\n<\/div>","protected":false},"author":4,"featured_media":5789,"comment_status":"closed","ping_status":"closed","sticky":false,"template":"","format":"standard","meta":{"footnotes":""},"categories":[63],"tags":[403],"class_list":["post-5787","post","type-post","status-publish","format-standard","has-post-thumbnail","hentry","category-varios","tag-vuestros-pies-hoy-caminan-al-viaje-sin-retorno"],"_links":{"self":[{"href":"https:\/\/heidysandovalruiz.com\/index.php?rest_route=\/wp\/v2\/posts\/5787","targetHints":{"allow":["GET"]}}],"collection":[{"href":"https:\/\/heidysandovalruiz.com\/index.php?rest_route=\/wp\/v2\/posts"}],"about":[{"href":"https:\/\/heidysandovalruiz.com\/index.php?rest_route=\/wp\/v2\/types\/post"}],"author":[{"embeddable":true,"href":"https:\/\/heidysandovalruiz.com\/index.php?rest_route=\/wp\/v2\/users\/4"}],"replies":[{"embeddable":true,"href":"https:\/\/heidysandovalruiz.com\/index.php?rest_route=%2Fwp%2Fv2%2Fcomments&post=5787"}],"version-history":[{"count":10,"href":"https:\/\/heidysandovalruiz.com\/index.php?rest_route=\/wp\/v2\/posts\/5787\/revisions"}],"predecessor-version":[{"id":5806,"href":"https:\/\/heidysandovalruiz.com\/index.php?rest_route=\/wp\/v2\/posts\/5787\/revisions\/5806"}],"wp:featuredmedia":[{"embeddable":true,"href":"https:\/\/heidysandovalruiz.com\/index.php?rest_route=\/wp\/v2\/media\/5789"}],"wp:attachment":[{"href":"https:\/\/heidysandovalruiz.com\/index.php?rest_route=%2Fwp%2Fv2%2Fmedia&parent=5787"}],"wp:term":[{"taxonomy":"category","embeddable":true,"href":"https:\/\/heidysandovalruiz.com\/index.php?rest_route=%2Fwp%2Fv2%2Fcategories&post=5787"},{"taxonomy":"post_tag","embeddable":true,"href":"https:\/\/heidysandovalruiz.com\/index.php?rest_route=%2Fwp%2Fv2%2Ftags&post=5787"}],"curies":[{"name":"wp","href":"https:\/\/api.w.org\/{rel}","templated":true}]}}