{"id":5807,"date":"2018-05-16T20:22:50","date_gmt":"2018-05-16T20:22:50","guid":{"rendered":"http:\/\/heidysandovalruiz.com\/?p=5807"},"modified":"2018-05-17T16:01:06","modified_gmt":"2018-05-17T16:01:06","slug":"la-cara-amiga-de-los-clasicos","status":"publish","type":"post","link":"https:\/\/heidysandovalruiz.com\/?p=5807","title":{"rendered":"La cara amiga de \u00abLos Cl\u00e1sicos\u00bb"},"content":{"rendered":"<p style=\"text-align: justify;\">En la \u201c<strong>Cara amiga de los invitados de Heidy<\/strong>\u201d conoceremos la historia del grupo \u201c<strong>Los Cl\u00e1sicos<\/strong>\u201d una agrupaci\u00f3n reciente que se ha presentado con \u00e9xito en varios lugares de Guatemala. Pero para conocer diversos aspectos conversaremos con Dabner Ortiz quien es el manager y director del grupo.<br \/>\nBienvenido Dabner a este espacio en el que se puede decir lo que se quiere y otros medios no se puede:<\/p>\n<p style=\"text-align: justify;\"><strong>\u00bfCu\u00e9ntanos c\u00f3mo surge la idea de iniciar este grupo y en qu\u00e9 a\u00f1o se integra<\/strong>? La idea surge cuando nos vimos invitados a alternar y abrir el concierto de los Panchos en Guatemala, pero no ten\u00edamos una alineaci\u00f3n conformada, as\u00ed que un d\u00eda antes de la presentaci\u00f3n hicimos la convocatoria a los amigos que sab\u00edamos que ten\u00edan experiencia en la l\u00ednea musical que necesit\u00e1bamos y tras el \u00e9xito de ese concierto en especifico fue as\u00ed como se consolido un 10 de mayo de hace 9 a\u00f1os el proyecto de Grupo Los Cl\u00e1sicos.<\/p>\n<p style=\"text-align: justify;\"><strong>\u00bfQui\u00e9nes son los integrantes y que instrumento ejecutan?<\/strong><br \/>\n\u2022 V\u00edctor Sol\u00f3rzano (Victor Konga) Percusi\u00f3n<br \/>\n\u2022 David Gomez , Teclados<br \/>\n\u2022 Danilo Santos (Vocalista)<br \/>\n\u2022 Dabner Ortiz (Vocalista)<\/p>\n<p style=\"text-align: justify;\"><strong>\u00bfQui\u00e9n es el padrino del grupo y c\u00f3mo recuerdan ese momento?<\/strong> Tenemos el honor de haber sido apadrinados por Victor Kapusta, el compositor y fundador de la agrupaci\u00f3n argentina Abracadabra y para nosotros fue una sorpresa y recordamos ese momento como algo que ha marcado significativamente la carrera art\u00edstica de grupo Los Cl\u00e1sicos, fue durante un concierto en el cual altern\u00e1bamos con Victor cuando se dio este acontecimiento tan especial y posteriormente grabamos un tema junto a el con un nuevo arreglo musical pero conservando la esencia del tema \u00abHoy te doy la mitad de lo que soy.<a href=\"https:\/\/heidysandovalruiz.com\/wp-content\/uploads\/2018\/05\/22045843_1597083300354584_4537186458812160090_n.jpg\"><img loading=\"lazy\" decoding=\"async\" class=\"size-medium wp-image-5809 alignright\" src=\"https:\/\/heidysandovalruiz.com\/wp-content\/uploads\/2018\/05\/22045843_1597083300354584_4537186458812160090_n-300x225.jpg\" alt=\"22045843_1597083300354584_4537186458812160090_n\" width=\"300\" height=\"225\" srcset=\"https:\/\/heidysandovalruiz.com\/wp-content\/uploads\/2018\/05\/22045843_1597083300354584_4537186458812160090_n-300x225.jpg 300w, https:\/\/heidysandovalruiz.com\/wp-content\/uploads\/2018\/05\/22045843_1597083300354584_4537186458812160090_n.jpg 960w\" sizes=\"auto, (max-width: 300px) 100vw, 300px\" \/><\/a><\/p>\n<p style=\"text-align: justify;\"><strong>\u00bfC\u00f3mo surge el nombre de \u201cCl\u00e1sicos\u201d y por qu\u00e9 ese nombre?<\/strong> El nombre Cl\u00e1sicos surge de la pasi\u00f3n que sent\u00edamos al interpretar este g\u00e9nero musical retro y como su nombre lo indicaba, los \u00e9xitos que interpret\u00e1bamos eran unos verdaderos cl\u00e1sicos as\u00ed que decidimos bautizar el nombre de la banda de esa manera y as\u00ed naci\u00f3 \u201cGrupo Los Cl\u00e1sicos\u201d.<\/p>\n<p style=\"text-align: justify;\"><strong>\u00bfCu\u00e1l es el repertorio que ustedes comparten con el p\u00fablico?<\/strong> Tenemos de todo un poco, pero nuestro repertorio principal es interpretando m\u00fasica de artistas como: Los Iracundos, Los Mitos, Leo Dan, Formula V, Sandro, Raphael, Bee Gees, Tavares, Beatles y por supuesto tambi\u00e9n tenemos un segmento de m\u00fasica bailable que incluyen merengues y cumbias retro.<\/p>\n<p style=\"text-align: justify;\"><strong>\u00bfEn qu\u00e9 lugares de la rep\u00fablica se han presentado?<\/strong> Hubo un momento en que platic\u00e1bamos con los compa\u00f1eros si ten\u00edamos alguna idea de cuantas presentaciones llev\u00e1bamos hasta el momento, y son tantos lugares dentro de toda la capital as\u00ed como a los departamentos de Quetzaltenango, Huehuetenango, San Marco, Quiche, Pet\u00e9n, Chiquimula, Izabal, Zacapa, Antigua, Escuintla, San Lucas, Retalhuleu entre otros los cuales recordamos muy alegres!!!<\/p>\n<p style=\"text-align: justify;\"><strong><a href=\"https:\/\/heidysandovalruiz.com\/wp-content\/uploads\/2018\/05\/25507889_1684356251627288_4377568275639339816_n.jpg\"><img loading=\"lazy\" decoding=\"async\" class=\"size-medium wp-image-5810 alignleft\" src=\"https:\/\/heidysandovalruiz.com\/wp-content\/uploads\/2018\/05\/25507889_1684356251627288_4377568275639339816_n-300x295.jpg\" alt=\"25507889_1684356251627288_4377568275639339816_n\" width=\"300\" height=\"295\" srcset=\"https:\/\/heidysandovalruiz.com\/wp-content\/uploads\/2018\/05\/25507889_1684356251627288_4377568275639339816_n-300x295.jpg 300w, https:\/\/heidysandovalruiz.com\/wp-content\/uploads\/2018\/05\/25507889_1684356251627288_4377568275639339816_n.jpg 960w\" sizes=\"auto, (max-width: 300px) 100vw, 300px\" \/><\/a>Hablando de grabaciones \u00bfTienen ya material?<\/strong> Tenemos un disco con covers de los a\u00f1os 70 que se compone de 14 temas. Un Sencillo junto a Victor Kapusta, otro junto a Cesar de Guatemala y uno de temas originales que se est\u00e1n trabajando siempre con un tinte retro.<\/p>\n<p style=\"text-align: justify;\"><strong>\u00bfQu\u00e9 es lo que ustedes le entregan al p\u00fablico a parte de la m\u00fasica en sus presentaciones?<\/strong> Yo pienso que lo m\u00e1s importante es la pasi\u00f3n por lo que hacemos, la interpretaci\u00f3n de los temas, cuando estamos en el escenario nos gusta transportar a nuestro p\u00fablico hacia esos recuerdos de aquellas buenas \u00e9pocas.<\/p>\n<p style=\"text-align: justify;\"><strong>\u00bfCu\u00e9ntanos del programa que tienes donde se entrevista a artistas nacionales?<\/strong> Te cuento que la misma necesidad de seguir llevando esta m\u00fasica y de mantenerla viva me motivo a crear un programa de televisi\u00f3n al cual he puesto como nombre \u00abQue Suenen Los Cl\u00e1sicos\u00bb, con un formato video musical desde los a\u00f1os 60 hasta los 90 y contamos con entrevistas realizadas a nuestros artistas nacionales como C\u00e9sar de Guatemala, Luis Galich y muchos m\u00e1s. El formato del programa es familiar y ah\u00ed se manejan concursos, rifas , sorteos de entradas a conciertos. Actualmente estamos en un canal de televisi\u00f3n por cable llamado TVS que se encuentra en algunas cableras y que poco a poco hemos podido tener cada vez m\u00e1s cobertura. en facebook estamos como: Que Suenen Los Cl\u00e1sicos.<\/p>\n<figure id=\"attachment_5816\" aria-describedby=\"caption-attachment-5816\" style=\"width: 300px\" class=\"wp-caption alignright\"><a href=\"https:\/\/heidysandovalruiz.com\/wp-content\/uploads\/2018\/05\/LC-Y-VICTOR-KAPUSTA.jpg\"><img loading=\"lazy\" decoding=\"async\" class=\"wp-image-5816 size-medium\" src=\"https:\/\/heidysandovalruiz.com\/wp-content\/uploads\/2018\/05\/LC-Y-VICTOR-KAPUSTA-300x300.jpg\" alt=\"LC Y VICTOR KAPUSTA\" width=\"300\" height=\"300\" srcset=\"https:\/\/heidysandovalruiz.com\/wp-content\/uploads\/2018\/05\/LC-Y-VICTOR-KAPUSTA-300x300.jpg 300w, https:\/\/heidysandovalruiz.com\/wp-content\/uploads\/2018\/05\/LC-Y-VICTOR-KAPUSTA-150x150.jpg 150w, https:\/\/heidysandovalruiz.com\/wp-content\/uploads\/2018\/05\/LC-Y-VICTOR-KAPUSTA.jpg 960w\" sizes=\"auto, (max-width: 300px) 100vw, 300px\" \/><\/a><figcaption id=\"caption-attachment-5816\" class=\"wp-caption-text\">Con V\u00edctor Kapusta, padrino de Los Cl\u00e1sicos<\/figcaption><\/figure>\n<p style=\"text-align: justify;\"><strong>\u00bfA cu\u00e1l de los grupos que han dejado trayectoria en nuestro pa\u00eds admiran?<\/strong> A todos los grupos y solistas que nos anteceden en esta l\u00ednea musical ya que ellos son nuestra inspiraci\u00f3n y fortaleza al haber logrado llegar tan lejos con los pocos medios de publicidad que hab\u00edan en ese tiempo.<br \/>\nNuestra admiraci\u00f3n y respeto a los que aun siguen y a los que hemos podido conocer y alternar en escenario.<\/p>\n<p style=\"text-align: justify;\"><strong>\u00bfHan grabado videos? \u00bfD\u00f3nde pueden verlos?<\/strong> Hemos grabado un video con un tinte retro del tema de Tavares, El cielo est\u00e1 extra\u00f1ando a un \u00e1ngel y pueden verlo en nuestra p\u00e1gina de facebook: Grupo Los Cl\u00e1sicos, adem\u00e1s tenemos varios videos de nuestras presentaciones en concierto y este a\u00f1o primero Dios grabaremos otro material audiovisual junto a C\u00e9sar de Guatemala.<\/p>\n<p style=\"text-align: justify;\"><strong>\u00bfSe ha dado alg\u00fan cambio entre los integrantes del grupo?<\/strong> El m\u00e1s nuevo es el tecladista que lleva ya 5 a\u00f1os con el grupo, el percusionista lleva 6 a\u00f1os y Danilo y yo (Dabner) que somos los fundadores originales. el grupo cumple 9 a\u00f1os de estar en los escenarios ahora en mayo 2018.<\/p>\n<p style=\"text-align: justify;\"><strong>\u00bfInterpretan canciones nacionales? \u00bfC\u00f3mo cu\u00e1les?<\/strong> Interpretamos temas como Vuestros Pies de Luis Galich, Mi Plegaria de C\u00e9sar de Guatemala, Adriana de Carlos del Llano, La Gallinita Josefina de V\u00edctor Manuel Porras.<\/p>\n<p style=\"text-align: justify;\"><strong>\u00bfCon qu\u00e9 grupos internacionales han alternado? Hemos tenido el honor de alternar con<\/strong>:<br \/>\n\u2022 Lucho Mu\u00f1oz la voz de Los Galos<br \/>\n\u2022 Los Iracundos<br \/>\n\u2022 Victor Kapusta<br \/>\n\u2022 Los Angeles Negros<br \/>\n\u2022 Los Panchos<br \/>\n\u2022 Los Dandys<\/p>\n<p style=\"text-align: justify;\"><strong>\u00bfD\u00f3nde se presentan?<\/strong> Actualmente nos pueden encontrar en Hacienda de los S\u00e1nchez en la zona 10, nosotros siempre publicamos en nuestra p\u00e1gina de facebook los lugares donde pueden encontrarnos.<\/p>\n<p style=\"text-align: justify;\"><strong>\u00bfPuedes compartir un mensaje para quienes leen \u201cLas entrevistas de Heidy\u201d?<\/strong> Primero agradecerte por este espacio que tanta falta le hace a los artistas nacionales para poder compartir el gusto por la m\u00fasica retro y a todos los lectores agradecer el tiempo que se tomaron de conocer un poco al Grupo Los Cl\u00e1sicos, guatemaltecos 100% les enviamos un fuerte abrazo y esperamos verles en alguna de las presentaciones y cantar juntos estos temas que nos llevan a un viaje en el tiempo.<\/p>\n<p><iframe loading=\"lazy\" src=\"https:\/\/www.youtube.com\/embed\/PUa1Wh6-y2k\" width=\"560\" height=\"315\" frameborder=\"0\" allowfullscreen=\"allowfullscreen\"><\/iframe><\/p>\n<p><iframe loading=\"lazy\" src=\"https:\/\/www.youtube.com\/embed\/jcS76jJ9i_Y\" width=\"560\" height=\"315\" frameborder=\"0\" allowfullscreen=\"allowfullscreen\"><\/iframe><\/p>\n<p><iframe loading=\"lazy\" src=\"https:\/\/www.youtube.com\/embed\/bahHsNZ6zMc\" width=\"560\" height=\"315\" frameborder=\"0\" allowfullscreen=\"allowfullscreen\"><\/iframe><\/p>\n<p style=\"text-align: justify;\">Les invitamos para que se unan al grupo de \u00ab<strong>Artistas de Guatemala para el Mundo<\/strong>\u00bb en este link <a href=\"http:\/\/on.fb.me\/1sn2wSf\">http:\/\/on.fb.me\/1sn2wSf<\/a> el cual tiene como prop\u00f3sito compartir videos, fotos, an\u00e9cdotas y todo lo de nuestros artistas en las diferentes d\u00e9cadas.<\/p>\n<p style=\"text-align: justify;\">Hemos creado el grupo \u201c<strong>Las entrevistas de Heidy<\/strong>\u201d que pueden localizar en <a href=\"https:\/\/www.facebook.com\/groups\/1443599465933701\/\">https:\/\/www.facebook.com\/groups\/1443599465933701\/<\/a><\/p>\n<p style=\"text-align: justify;\">Tambi\u00e9n ponemos a su disposici\u00f3n el grupo <strong>\u201cUn siglo de anuncios y algo m\u00e1s\u2026<\/strong>\u201d, un espacio donde pueden compartir o comentar los post que se publiquen <a href=\"http:\/\/on.fb.me\/1vASm2g\">http:\/\/on.fb.me\/1vASm2g<\/a><\/p>\n<p style=\"text-align: justify;\"><strong>Las entrevistas las pueden leer en los siguientes links:<\/strong><br \/>\n<a href=\"http:\/\/www.heidysandovalruiz.com\">http:\/\/www.heidysandovalruiz.com<\/a><br \/>\n<a href=\"http:\/\/lasentrevistasdeheidy.blogspot.com\">http:\/\/lasentrevistasdeheidy.blogspot.com<\/a><br \/>\n<a href=\"https:\/\/www.facebook.com\/pages\/Los-invitados-de-Heidy\/892159284204965?ref=hl\">https:\/\/www.facebook.com\/pages\/Los-invitados-de-Heidy\/892159284204965?ref=hl<\/a><\/p>\n<p style=\"text-align: justify;\"><strong>Entrevista realizada por Heidy Sandoval Ruiz<\/strong><\/p>\n<p style=\"text-align: justify;\">Toda publicaci\u00f3n es responsabilidad de la Administraci\u00f3n<\/p>\n","protected":false},"excerpt":{"rendered":"<div class=\"mh-excerpt\"><p>En la \u201cCara amiga de los invitados de Heidy\u201d conoceremos la historia del grupo \u201cLos Cl\u00e1sicos\u201d una agrupaci\u00f3n reciente que se ha presentado con \u00e9xito <a class=\"mh-excerpt-more\" href=\"https:\/\/heidysandovalruiz.com\/?p=5807\" title=\"La cara amiga de \u00abLos Cl\u00e1sicos\u00bb\">[&#8230;]<\/a><\/p>\n<\/div>","protected":false},"author":4,"featured_media":5808,"comment_status":"closed","ping_status":"closed","sticky":false,"template":"","format":"standard","meta":{"footnotes":""},"categories":[16],"tags":[404],"class_list":["post-5807","post","type-post","status-publish","format-standard","has-post-thumbnail","hentry","category-la-cara-amiga","tag-la-cara-amiga-de-los-clasicos"],"_links":{"self":[{"href":"https:\/\/heidysandovalruiz.com\/index.php?rest_route=\/wp\/v2\/posts\/5807","targetHints":{"allow":["GET"]}}],"collection":[{"href":"https:\/\/heidysandovalruiz.com\/index.php?rest_route=\/wp\/v2\/posts"}],"about":[{"href":"https:\/\/heidysandovalruiz.com\/index.php?rest_route=\/wp\/v2\/types\/post"}],"author":[{"embeddable":true,"href":"https:\/\/heidysandovalruiz.com\/index.php?rest_route=\/wp\/v2\/users\/4"}],"replies":[{"embeddable":true,"href":"https:\/\/heidysandovalruiz.com\/index.php?rest_route=%2Fwp%2Fv2%2Fcomments&post=5807"}],"version-history":[{"count":3,"href":"https:\/\/heidysandovalruiz.com\/index.php?rest_route=\/wp\/v2\/posts\/5807\/revisions"}],"predecessor-version":[{"id":5817,"href":"https:\/\/heidysandovalruiz.com\/index.php?rest_route=\/wp\/v2\/posts\/5807\/revisions\/5817"}],"wp:featuredmedia":[{"embeddable":true,"href":"https:\/\/heidysandovalruiz.com\/index.php?rest_route=\/wp\/v2\/media\/5808"}],"wp:attachment":[{"href":"https:\/\/heidysandovalruiz.com\/index.php?rest_route=%2Fwp%2Fv2%2Fmedia&parent=5807"}],"wp:term":[{"taxonomy":"category","embeddable":true,"href":"https:\/\/heidysandovalruiz.com\/index.php?rest_route=%2Fwp%2Fv2%2Fcategories&post=5807"},{"taxonomy":"post_tag","embeddable":true,"href":"https:\/\/heidysandovalruiz.com\/index.php?rest_route=%2Fwp%2Fv2%2Ftags&post=5807"}],"curies":[{"name":"wp","href":"https:\/\/api.w.org\/{rel}","templated":true}]}}