{"id":5874,"date":"2018-07-24T20:01:28","date_gmt":"2018-07-24T20:01:28","guid":{"rendered":"http:\/\/heidysandovalruiz.com\/?p=5874"},"modified":"2018-07-24T20:08:40","modified_gmt":"2018-07-24T20:08:40","slug":"carlos-cuellar-10-anos-de-musica-entre-amigos-y-canciones","status":"publish","type":"post","link":"https:\/\/heidysandovalruiz.com\/?p=5874","title":{"rendered":"Carlos Cu\u00e9llar 10 a\u00f1os de m\u00fasica entre amigos y canciones"},"content":{"rendered":"<p style=\"text-align: justify;\">El pasado fin de semana Carlos Cu\u00e9llar celebr\u00f3 sus primeros diez a\u00f1os de dedicarse a la m\u00fasica. Para este festejo el marco fue La Churrasquera en la zona 10 donde se dieron cita amigos y seguidores del cantante que enamora con su voz y su estilo.<\/p>\n<p style=\"text-align: justify;\">Acompa\u00f1ado por Walter Flores y su grupo inici\u00f3 su presentaci\u00f3n con la canci\u00f3n \u201ceres toda una mujer\u201d, que populariz\u00f3 Albert Hammond. El repertorio que present\u00f3 fue un aperitivo para los sentimientos pues Cu\u00e9llar supo seleccionar cada canci\u00f3n que lleg\u00f3 al gusto del p\u00fablico.<\/p>\n<p style=\"text-align: justify;\">Sin duda alguna uno de los momentos m\u00e1s emotivos de la noche fue cuando su hermano Jorge Mario Cu\u00e9llar se expres\u00f3 de la pasi\u00f3n con que Carlos ha trabajado para lograr ubicarse en el gusto del p\u00fablico.<\/p>\n<p style=\"text-align: justify;\">M\u00e1s de 15 canciones fueron las interpretadas por el artista y coreadas por los asistentes. Al finalizar su actuaci\u00f3n tuvo de detalle de compartir con los asistentes en cada mesa donde aprovech\u00f3 para tomarse las respectivas fotos.<\/p>\n<p style=\"text-align: justify;\">Aprovecho para compartir la entrevista realizada a nuestro amigo, donde nos habla de su ni\u00f1ez,su gusto por la m\u00fasica entre otros temas de los que platic\u00f3 en su oportunidad.<\/p>\n<p style=\"text-align: justify;\">En la \u201cCara amiga de los invitados de Heidy\u201d, compartimos en esta oportunidad la maravillosa historia de Carlos Enrique Cuellar Garc\u00eda a quien art\u00edsticamente se le conoce como \u201cCarlos Cu\u00e9llar\u201d, quien desde peque\u00f1o se inclin\u00f3 por la m\u00fasica cl\u00e1sica, escuchaba la franja instrumental de \u201cFabuestereo\u201d y fue motivado por Lucy Bonilla a presentarse en p\u00fablico.\u00a0 Hoy este espacio est\u00e1 dedicado a contar la historia de un int\u00e9rprete que sabe cantarle al amor.\u00a0 Nuestro invitado tiene poco en el ambiente art\u00edstico pero su estilo est\u00e1 gustando y es apoyado por quienes le escuchan en los lugares donde se presenta.\u00a0 Una voz que enamora.<\/p>\n<p style=\"text-align: justify;\"><strong>La entrevista completa la pueden leer en cualquiera de estos links:<\/strong><\/p>\n<p style=\"text-align: justify;\">\n<p style=\"text-align: justify;\">\n<p style=\"text-align: center;\"><a href=\"https:\/\/heidysandovalruiz.com\/wp-content\/uploads\/2018\/07\/4.jpg\"><img loading=\"lazy\" decoding=\"async\" class=\"aligncenter size-medium wp-image-5876\" src=\"https:\/\/heidysandovalruiz.com\/wp-content\/uploads\/2018\/07\/4-300x169.jpg\" alt=\"4\" width=\"300\" height=\"169\" srcset=\"https:\/\/heidysandovalruiz.com\/wp-content\/uploads\/2018\/07\/4-300x169.jpg 300w, https:\/\/heidysandovalruiz.com\/wp-content\/uploads\/2018\/07\/4-1024x576.jpg 1024w, https:\/\/heidysandovalruiz.com\/wp-content\/uploads\/2018\/07\/4.jpg 1920w\" sizes=\"auto, (max-width: 300px) 100vw, 300px\" \/><\/a><\/p>\n<p style=\"text-align: center;\"><a href=\"https:\/\/heidysandovalruiz.com\/wp-content\/uploads\/2018\/07\/10.jpg\"><img loading=\"lazy\" decoding=\"async\" class=\"aligncenter size-medium wp-image-5878\" src=\"https:\/\/heidysandovalruiz.com\/wp-content\/uploads\/2018\/07\/10-300x204.jpg\" alt=\"10\" width=\"300\" height=\"204\" srcset=\"https:\/\/heidysandovalruiz.com\/wp-content\/uploads\/2018\/07\/10-300x204.jpg 300w, https:\/\/heidysandovalruiz.com\/wp-content\/uploads\/2018\/07\/10-1024x696.jpg 1024w, https:\/\/heidysandovalruiz.com\/wp-content\/uploads\/2018\/07\/10.jpg 1590w\" sizes=\"auto, (max-width: 300px) 100vw, 300px\" \/><\/a><\/p>\n<p style=\"text-align: center;\"><a href=\"https:\/\/heidysandovalruiz.com\/wp-content\/uploads\/2018\/07\/11.jpg\"><img loading=\"lazy\" decoding=\"async\" class=\"aligncenter size-medium wp-image-5879\" src=\"https:\/\/heidysandovalruiz.com\/wp-content\/uploads\/2018\/07\/11-300x169.jpg\" alt=\"11\" width=\"300\" height=\"169\" srcset=\"https:\/\/heidysandovalruiz.com\/wp-content\/uploads\/2018\/07\/11-300x169.jpg 300w, https:\/\/heidysandovalruiz.com\/wp-content\/uploads\/2018\/07\/11-1024x576.jpg 1024w, https:\/\/heidysandovalruiz.com\/wp-content\/uploads\/2018\/07\/11.jpg 1920w\" sizes=\"auto, (max-width: 300px) 100vw, 300px\" \/><\/a><\/p>\n<p style=\"text-align: center;\"><a href=\"https:\/\/heidysandovalruiz.com\/wp-content\/uploads\/2018\/07\/12.jpg\"><img loading=\"lazy\" decoding=\"async\" class=\"aligncenter size-medium wp-image-5880\" src=\"https:\/\/heidysandovalruiz.com\/wp-content\/uploads\/2018\/07\/12-300x194.jpg\" alt=\"12\" width=\"300\" height=\"194\" srcset=\"https:\/\/heidysandovalruiz.com\/wp-content\/uploads\/2018\/07\/12-300x194.jpg 300w, https:\/\/heidysandovalruiz.com\/wp-content\/uploads\/2018\/07\/12-1024x663.jpg 1024w, https:\/\/heidysandovalruiz.com\/wp-content\/uploads\/2018\/07\/12.jpg 1602w\" sizes=\"auto, (max-width: 300px) 100vw, 300px\" \/><\/a><\/p>\n<p style=\"text-align: justify;\"><strong>\u00a0<\/strong><\/p>\n<p><iframe loading=\"lazy\" src=\"https:\/\/www.youtube.com\/embed\/wCm7mvmm3zM\" width=\"560\" height=\"315\" frameborder=\"0\" allowfullscreen=\"allowfullscreen\"><\/iframe><\/p>\n<p><iframe loading=\"lazy\" src=\"https:\/\/www.youtube.com\/embed\/O2ffoaIxSbw\" width=\"560\" height=\"315\" frameborder=\"0\" allowfullscreen=\"allowfullscreen\"><\/iframe><\/p>\n","protected":false},"excerpt":{"rendered":"<div class=\"mh-excerpt\"><p>El pasado fin de semana Carlos Cu\u00e9llar celebr\u00f3 sus primeros diez a\u00f1os de dedicarse a la m\u00fasica. Para este festejo el marco fue La Churrasquera <a class=\"mh-excerpt-more\" href=\"https:\/\/heidysandovalruiz.com\/?p=5874\" title=\"Carlos Cu\u00e9llar 10 a\u00f1os de m\u00fasica entre amigos y canciones\">[&#8230;]<\/a><\/p>\n<\/div>","protected":false},"author":4,"featured_media":5875,"comment_status":"closed","ping_status":"closed","sticky":false,"template":"","format":"standard","meta":{"footnotes":""},"categories":[63],"tags":[411],"class_list":["post-5874","post","type-post","status-publish","format-standard","has-post-thumbnail","hentry","category-varios","tag-carlos-cuellar-10-anos-de-musica-entre-amigos-y-canciones"],"_links":{"self":[{"href":"https:\/\/heidysandovalruiz.com\/index.php?rest_route=\/wp\/v2\/posts\/5874","targetHints":{"allow":["GET"]}}],"collection":[{"href":"https:\/\/heidysandovalruiz.com\/index.php?rest_route=\/wp\/v2\/posts"}],"about":[{"href":"https:\/\/heidysandovalruiz.com\/index.php?rest_route=\/wp\/v2\/types\/post"}],"author":[{"embeddable":true,"href":"https:\/\/heidysandovalruiz.com\/index.php?rest_route=\/wp\/v2\/users\/4"}],"replies":[{"embeddable":true,"href":"https:\/\/heidysandovalruiz.com\/index.php?rest_route=%2Fwp%2Fv2%2Fcomments&post=5874"}],"version-history":[{"count":3,"href":"https:\/\/heidysandovalruiz.com\/index.php?rest_route=\/wp\/v2\/posts\/5874\/revisions"}],"predecessor-version":[{"id":5883,"href":"https:\/\/heidysandovalruiz.com\/index.php?rest_route=\/wp\/v2\/posts\/5874\/revisions\/5883"}],"wp:featuredmedia":[{"embeddable":true,"href":"https:\/\/heidysandovalruiz.com\/index.php?rest_route=\/wp\/v2\/media\/5875"}],"wp:attachment":[{"href":"https:\/\/heidysandovalruiz.com\/index.php?rest_route=%2Fwp%2Fv2%2Fmedia&parent=5874"}],"wp:term":[{"taxonomy":"category","embeddable":true,"href":"https:\/\/heidysandovalruiz.com\/index.php?rest_route=%2Fwp%2Fv2%2Fcategories&post=5874"},{"taxonomy":"post_tag","embeddable":true,"href":"https:\/\/heidysandovalruiz.com\/index.php?rest_route=%2Fwp%2Fv2%2Ftags&post=5874"}],"curies":[{"name":"wp","href":"https:\/\/api.w.org\/{rel}","templated":true}]}}