{"id":5885,"date":"2018-08-16T18:09:12","date_gmt":"2018-08-16T18:09:12","guid":{"rendered":"http:\/\/heidysandovalruiz.com\/?p=5885"},"modified":"2018-08-16T19:01:50","modified_gmt":"2018-08-16T19:01:50","slug":"polo-50-anos-de-pasion-por-la-musica","status":"publish","type":"post","link":"https:\/\/heidysandovalruiz.com\/?p=5885","title":{"rendered":"Polo: 50 a\u00f1os de pasi\u00f3n por la m\u00fasica"},"content":{"rendered":"<p style=\"font-weight: 400;\"><strong>Por Heidy Sandoval Ruiz<\/strong><\/p>\n<p style=\"font-weight: 400; text-align: justify;\">En\u00a0<strong>\u201dLa cara amiga de los invitados de Heidy<\/strong>\u201d, hacemos un espacio en esta oportunidad para felicitar a un m\u00fasico que arriba a cincuenta a\u00f1os de vida art\u00edstica, lo cual es una meta a la que no muchos llegan.\u00a0\u00a0Sin embargo, Marco Polo de la Roca conocido en el medio del espect\u00e1culo como\u00a0<strong>\u201cPolo\u201d<\/strong>\u00a0ha logrado con constancia y pasi\u00f3n por lo que hace, alcanzar en este 2018 a sus \u201cBodas de Oro\u201d, en una carrera que si bien ha habido obst\u00e1culos ha logrado superarlos y seguir vigente por cinco d\u00e9cadas y les cuento\u2026va por m\u00e1s.<\/p>\n<p style=\"font-weight: 400; text-align: justify;\">Polo comenta que celebrar medio siglo de m\u00fasica significa que este tiempo ha sido para el algo especial en el que ha tenido muchas satisfacciones personales, entre ellas conocer mucha gente linda, hacer algo que le gusta, ver disfrutar a sus seguidores de lo que hace y haber obtenido varios reconocimientos desde el inicio entre otras cosas.<\/p>\n<p style=\"font-weight: 400; text-align: justify;\">El primer grupo en el que particip\u00f3 se llamaba \u00abLos Correcaminos\u00bb, formado conjuntamente con tres amigos de la infancia que tambi\u00e9n ten\u00edan el gusto por la m\u00fasica. En ese tiempo en Guatemala no hab\u00edan conjuntos juveniles como se les llamaba, que vocalizaran, solo se ten\u00eda la influencia de grupos instrumentales nacionales como los Black Jakets, los Marauders, Unidad 5 y otros, y a nivel internacional los famosos Venturas de Santa M\u00f3nica, quienes influenciaron mucho a los primeros grupos de Guatemala, por esa raz\u00f3n el g\u00e9nero que optaron \u201cLos Correcaminos\u201d fue el rock y baladas instrumentales.<\/p>\n<p style=\"font-weight: 400; text-align: justify;\">Para Polo esta fue una de las mejores etapas de su vida. Recuerda que los instrumentos eran de caja, dos guitarras y un bajo \u00abhechizo\u00bb el cual originalmente era guitarra pero lo convirtieron de cuatro cuerdas para estar a tono.\u00a0\u00a0Uno de los grandes recuerdos de esa \u00e9poca es que no ten\u00edan bater\u00eda y cuando hab\u00eda alguna actividad era un problema conseguirla, pero Jacobo un amigo del grupo, no saben c\u00f3mo le hac\u00eda pero aparec\u00eda con una bater\u00eda para cumplir con el compromiso, la verdad es que exist\u00eda entre ellos un gran entusiasmo por la m\u00fasica.<\/p>\n<p style=\"font-weight: 400; text-align: justify;\">Tambi\u00e9n fue parte de otros grupos entre ellos: Los Rings, Compa\u00f1\u00eda Limitada y el Grupo Liverpool del que es integrante desde hace m\u00e1s de 22 a\u00f1os.<\/p>\n<p style=\"font-weight: 400; text-align: justify;\">Ingres\u00f3 a la Facultad de Ciencias Econ\u00f3micas, en la carrera de Administraci\u00f3n de Empresas, de donde es egresado.\u00a0\u00a0Ha tenido en mente cuando se retire del trabajo, poner un negocio o un bar amenizado con m\u00fasica en vivo.<\/p>\n<p style=\"font-weight: 400; text-align: justify;\"><strong>Felicitaciones Polo!!! Y hay tiempo de mucho m\u00e1s.<\/strong><\/p>\n<p style=\"font-weight: 400; text-align: center;\"><a href=\"https:\/\/heidysandovalruiz.com\/wp-content\/uploads\/2018\/08\/DSC00982.jpg\"><img loading=\"lazy\" decoding=\"async\" class=\"aligncenter size-medium wp-image-5892\" src=\"https:\/\/heidysandovalruiz.com\/wp-content\/uploads\/2018\/08\/DSC00982-200x300.jpg\" alt=\"DSC00982\" width=\"200\" height=\"300\" srcset=\"https:\/\/heidysandovalruiz.com\/wp-content\/uploads\/2018\/08\/DSC00982-200x300.jpg 200w, https:\/\/heidysandovalruiz.com\/wp-content\/uploads\/2018\/08\/DSC00982-683x1024.jpg 683w, https:\/\/heidysandovalruiz.com\/wp-content\/uploads\/2018\/08\/DSC00982.jpg 1641w\" sizes=\"auto, (max-width: 200px) 100vw, 200px\" \/><\/a><\/p>\n<p style=\"font-weight: 400; text-align: justify;\"><a href=\"https:\/\/heidysandovalruiz.com\/wp-content\/uploads\/2018\/08\/43.jpg\"><img loading=\"lazy\" decoding=\"async\" class=\"aligncenter size-medium wp-image-5887\" src=\"https:\/\/heidysandovalruiz.com\/wp-content\/uploads\/2018\/08\/43-200x300.jpg\" alt=\"43\" width=\"200\" height=\"300\" srcset=\"https:\/\/heidysandovalruiz.com\/wp-content\/uploads\/2018\/08\/43-200x300.jpg 200w, https:\/\/heidysandovalruiz.com\/wp-content\/uploads\/2018\/08\/43-683x1024.jpg 683w, https:\/\/heidysandovalruiz.com\/wp-content\/uploads\/2018\/08\/43.jpg 1824w\" sizes=\"auto, (max-width: 200px) 100vw, 200px\" \/><\/a><\/p>\n<p style=\"font-weight: 400; text-align: justify;\"><a href=\"https:\/\/heidysandovalruiz.com\/wp-content\/uploads\/2018\/08\/DSC03622.jpg\"><img loading=\"lazy\" decoding=\"async\" class=\"aligncenter size-medium wp-image-5888\" src=\"https:\/\/heidysandovalruiz.com\/wp-content\/uploads\/2018\/08\/DSC03622-200x300.jpg\" alt=\"DSC03622\" width=\"200\" height=\"300\" srcset=\"https:\/\/heidysandovalruiz.com\/wp-content\/uploads\/2018\/08\/DSC03622-200x300.jpg 200w, https:\/\/heidysandovalruiz.com\/wp-content\/uploads\/2018\/08\/DSC03622.jpg 547w\" sizes=\"auto, (max-width: 200px) 100vw, 200px\" \/><\/a><\/p>\n<p style=\"font-weight: 400; text-align: center;\"><a href=\"https:\/\/heidysandovalruiz.com\/wp-content\/uploads\/2018\/08\/20046428_1394077704013585_8370116882502046985_n.jpg\"><img loading=\"lazy\" decoding=\"async\" class=\"aligncenter size-medium wp-image-5893\" src=\"https:\/\/heidysandovalruiz.com\/wp-content\/uploads\/2018\/08\/20046428_1394077704013585_8370116882502046985_n-267x300.jpg\" alt=\"20046428_1394077704013585_8370116882502046985_n\" width=\"267\" height=\"300\" srcset=\"https:\/\/heidysandovalruiz.com\/wp-content\/uploads\/2018\/08\/20046428_1394077704013585_8370116882502046985_n-267x300.jpg 267w, https:\/\/heidysandovalruiz.com\/wp-content\/uploads\/2018\/08\/20046428_1394077704013585_8370116882502046985_n.jpg 855w\" sizes=\"auto, (max-width: 267px) 100vw, 267px\" \/><\/a><\/p>\n<p style=\"font-weight: 400; text-align: center;\"><a href=\"https:\/\/heidysandovalruiz.com\/wp-content\/uploads\/2018\/08\/37585440_1779710065450345_451260832127385600_n.jpg\"><img loading=\"lazy\" decoding=\"async\" class=\"aligncenter size-medium wp-image-5894\" src=\"https:\/\/heidysandovalruiz.com\/wp-content\/uploads\/2018\/08\/37585440_1779710065450345_451260832127385600_n-219x300.jpg\" alt=\"37585440_1779710065450345_451260832127385600_n\" width=\"219\" height=\"300\" srcset=\"https:\/\/heidysandovalruiz.com\/wp-content\/uploads\/2018\/08\/37585440_1779710065450345_451260832127385600_n-219x300.jpg 219w, https:\/\/heidysandovalruiz.com\/wp-content\/uploads\/2018\/08\/37585440_1779710065450345_451260832127385600_n.jpg 702w\" sizes=\"auto, (max-width: 219px) 100vw, 219px\" \/><\/a><\/p>\n<p style=\"font-weight: 400; text-align: justify;\">Les invitamos para que se unan al grupo de \u00ab<strong>Artistas de Guatemala para el Mundo<\/strong>\u00bb en este link\u00a0<a href=\"http:\/\/on.fb.me\/1sn2wSf\">http:\/\/on.fb.me\/1sn2wSf<\/a>\u00a0\u00a0el cual tiene como prop\u00f3sito compartir videos, fotos, an\u00e9cdotas y todo lo de nuestros artistas en las diferentes d\u00e9cadas.<\/p>\n<p style=\"font-weight: 400; text-align: justify;\">Hemos creado el grupo\u00a0<strong>\u201cLas entrevistas de Heidy\u201d<\/strong>\u00a0que pueden localizar en<\/p>\n<p style=\"font-weight: 400; text-align: justify;\"><a href=\"https:\/\/www.facebook.com\/groups\/1443599465933701\/\">https:\/\/www.facebook.com\/groups\/1443599465933701\/<\/a><\/p>\n<p style=\"font-weight: 400; text-align: justify;\">Tambi\u00e9n ponemos a su disposici\u00f3n el grupo \u201c<strong>Un siglo de anuncios y algo m\u00e1s\u2026\u201d,\u00a0<\/strong>un espacio donde pueden compartir o comentar los post que se publiquen\u00a0<a href=\"http:\/\/on.fb.me\/1vASm2g\">http:\/\/on.fb.me\/1vASm2g<\/a><\/p>\n<p style=\"font-weight: 400; text-align: justify;\"><strong>Las entrevistas las pueden leer en los siguientes links:<\/strong><\/p>\n<p style=\"font-weight: 400; text-align: justify;\"><a href=\"http:\/\/www.heidysandovalruiz.com\/\">http:\/\/www.heidysandovalruiz.com<\/a><\/p>\n<p style=\"font-weight: 400; text-align: justify;\"><a href=\"http:\/\/lasentrevistasdeheidy.blogspot.com\/\">http:\/\/lasentrevistasdeheidy.blogspot.com<\/a><\/p>\n<p style=\"font-weight: 400; text-align: justify;\"><a href=\"https:\/\/www.facebook.com\/pages\/Los-invitados-de-Heidy\/892159284204965?ref=hl\">https:\/\/www.facebook.com\/pages\/Los-invitados-de-Heidy\/892159284204965?ref=hl<\/a><\/p>\n<p style=\"font-weight: 400; text-align: justify;\"><strong><em>Toda publicaci\u00f3n es responsabilidad de la Administraci\u00f3n<\/em><\/strong><\/p>\n","protected":false},"excerpt":{"rendered":"<div class=\"mh-excerpt\"><p>Por Heidy Sandoval Ruiz En\u00a0\u201dLa cara amiga de los invitados de Heidy\u201d, hacemos un espacio en esta oportunidad para felicitar a un m\u00fasico que arriba <a class=\"mh-excerpt-more\" href=\"https:\/\/heidysandovalruiz.com\/?p=5885\" title=\"Polo: 50 a\u00f1os de pasi\u00f3n por la m\u00fasica\">[&#8230;]<\/a><\/p>\n<\/div>","protected":false},"author":4,"featured_media":5890,"comment_status":"closed","ping_status":"closed","sticky":false,"template":"","format":"standard","meta":{"footnotes":""},"categories":[16],"tags":[412],"class_list":["post-5885","post","type-post","status-publish","format-standard","has-post-thumbnail","hentry","category-la-cara-amiga","tag-polo-50-anos-de-pasion-por-la-musica"],"_links":{"self":[{"href":"https:\/\/heidysandovalruiz.com\/index.php?rest_route=\/wp\/v2\/posts\/5885","targetHints":{"allow":["GET"]}}],"collection":[{"href":"https:\/\/heidysandovalruiz.com\/index.php?rest_route=\/wp\/v2\/posts"}],"about":[{"href":"https:\/\/heidysandovalruiz.com\/index.php?rest_route=\/wp\/v2\/types\/post"}],"author":[{"embeddable":true,"href":"https:\/\/heidysandovalruiz.com\/index.php?rest_route=\/wp\/v2\/users\/4"}],"replies":[{"embeddable":true,"href":"https:\/\/heidysandovalruiz.com\/index.php?rest_route=%2Fwp%2Fv2%2Fcomments&post=5885"}],"version-history":[{"count":3,"href":"https:\/\/heidysandovalruiz.com\/index.php?rest_route=\/wp\/v2\/posts\/5885\/revisions"}],"predecessor-version":[{"id":5895,"href":"https:\/\/heidysandovalruiz.com\/index.php?rest_route=\/wp\/v2\/posts\/5885\/revisions\/5895"}],"wp:featuredmedia":[{"embeddable":true,"href":"https:\/\/heidysandovalruiz.com\/index.php?rest_route=\/wp\/v2\/media\/5890"}],"wp:attachment":[{"href":"https:\/\/heidysandovalruiz.com\/index.php?rest_route=%2Fwp%2Fv2%2Fmedia&parent=5885"}],"wp:term":[{"taxonomy":"category","embeddable":true,"href":"https:\/\/heidysandovalruiz.com\/index.php?rest_route=%2Fwp%2Fv2%2Fcategories&post=5885"},{"taxonomy":"post_tag","embeddable":true,"href":"https:\/\/heidysandovalruiz.com\/index.php?rest_route=%2Fwp%2Fv2%2Ftags&post=5885"}],"curies":[{"name":"wp","href":"https:\/\/api.w.org\/{rel}","templated":true}]}}