{"id":5914,"date":"2018-08-30T17:27:11","date_gmt":"2018-08-30T17:27:11","guid":{"rendered":"http:\/\/heidysandovalruiz.com\/?p=5914"},"modified":"2018-08-30T18:00:45","modified_gmt":"2018-08-30T18:00:45","slug":"estudiantina-monteflor-45-anos-entre-capas-coplas-y-panderetas","status":"publish","type":"post","link":"https:\/\/heidysandovalruiz.com\/?p=5914","title":{"rendered":"Estudiantina Monteflor: 45 a\u00f1os entre capas, coplas y panderetas"},"content":{"rendered":"<p style=\"text-align: justify;\">El pr\u00f3ximo viernes 7 de septiembre en el marco de las festividades del 197 aniversario de la Independencia Nacional\u00a0y como parte de las actividades del Comit\u00e9 Permanente Pro-festejos de la Independencia Nacional, se rendir\u00e1 un homenaje por sus m\u00e1s de cuatro d\u00e9cadas de trayectoria a la Estudiantina Monteflor, una agrupaci\u00f3n que ha logrado mantenerse vigente entre capas, coplas y panderetas.\u00a0 Por lo que desde ya nos unimos a esta celebraci\u00f3n e invitamos a los guatemaltecos a que se den cita en el Centro Cultural Miguel \u00c1ngel Asturias a las 18:00 horas, tomando en cuenta que esta actividad es gratuita con boleto que se dar\u00e1 dos horas antes del evento en taquilla.\u00a0 Asimismo, se contar\u00e1 con la participaci\u00f3n de destacados grupos como Rondalla Guatemala,\u00a0 Facultad de Ciencias Econ\u00f3micas, Tuna Quetzal\u00ed, Arpas en Armon\u00eda y Colegio Santa In\u00e9s.<\/p>\n<p><strong>Historia de la Estudiantina Monteflor<\/strong><\/p>\n<p style=\"text-align: justify;\">La Estudiantina Monteflor es un grupo guatemalteco integrado por gente que dedica su tiempo libre a la m\u00fasica, ejecutando guitarras, mandolinas, contrabajo, acorde\u00f3n y ritmos variados en forma conjunta y organizada.<\/p>\n<p style=\"text-align: justify;\">Desde su fundaci\u00f3n en junio de 1973, su actividad b\u00e1sica consiste en brindar presentaciones musicales con ritmos y estilos variados para apoyar organizaciones gubernamentales y no gubernamentales, municipalidades, grupos religiosos, organizaciones educativas, entes de beneficencia y gente particular, \u201cpara que sirvi\u00e9ndose de nuestro arte puedan procurarse un beneficio econ\u00f3mico o material para su causa\u201d.<\/p>\n<p style=\"text-align: justify;\">Su visi\u00f3n es ser una estudiantina con calidad musical y calidad de espect\u00e1culo en el escenario, as\u00ed como ser referentes de reconocida trayectoria y liderazgo en lo que realizan.<\/p>\n<p><strong>Significado del nombre<a href=\"https:\/\/heidysandovalruiz.com\/wp-content\/uploads\/2018\/08\/1992-con-coro-ni\u00f1os-de-vienna.jpg\"><img loading=\"lazy\" decoding=\"async\" class=\"size-medium wp-image-5916 alignright\" src=\"https:\/\/heidysandovalruiz.com\/wp-content\/uploads\/2018\/08\/1992-con-coro-ni\u00f1os-de-vienna-300x212.jpg\" alt=\"1992 con coro ni\u00f1os de vienna\" width=\"300\" height=\"212\" srcset=\"https:\/\/heidysandovalruiz.com\/wp-content\/uploads\/2018\/08\/1992-con-coro-ni\u00f1os-de-vienna-300x212.jpg 300w, https:\/\/heidysandovalruiz.com\/wp-content\/uploads\/2018\/08\/1992-con-coro-ni\u00f1os-de-vienna.jpg 636w\" sizes=\"auto, (max-width: 300px) 100vw, 300px\" \/><\/a><\/strong><\/p>\n<p style=\"text-align: justify;\">M o n t e f l o r\u00a0 significa el colorido de nuestra patria Guatemala.\u00a0 Un pa\u00eds que muchos llaman de la eterna primavera por sus hermosos valles, colorido de ensue\u00f1o, montes, volcanes, fragancia de flor, vegetaci\u00f3n exuberante, flora de mil maravillas\u2026 es realmente para inspiraci\u00f3n de poetas. Adem\u00e1s representa a los barrios en que resid\u00eda la mayor\u00eda, de sus integrantes de aquella \u00e9poca; que eran Florida, Montserrat y Monte Verde;\u00a0 De esa cuenta \u201cMonte\u201d viene de las palabras Montserrat y Monteverde; \u201cFlor\u201d deviene de Florida.<\/p>\n<p><strong>Vida art\u00edstica<\/strong><\/p>\n<p style=\"text-align: justify;\">La estudiantina Monteflor ha efectuado un sin n\u00famero de\u00a0 actuaciones en sus 45 a\u00f1os de vida musical en escenarios de los m\u00e1s variados: caser\u00edos, hoteles, teatros, TV, y radio; interpretando repertorio variado de diversos g\u00e9neros tales como rumba, boleros, tangos, m\u00fasica lit\u00fargica, m\u00fasica nacional escrita para marimba, sudamericana\u00a0 y l\u00f3gicamente m\u00fasica de tuna.<\/p>\n<p style=\"text-align: justify;\">Ha alternado tambi\u00e9n con otras estudiantinas, grupos art\u00edsticos y personalidades del \u00e1mbito nacional como; Marimba Antigua, Marimba Chapinlandia, y su maestro De Le\u00f3n Ruiz, el lic. M.S.C.\u00a0 Lester Homero God\u00ednez, el maestro percusionista Fernando P\u00e9rez, el maestro Fernando V\u00e1squez, el Balet Guatemala y otros. \u00a0\u00a0Tambi\u00e9n fue parte del marco musical en la visita del coro internacional de los Ni\u00f1os Cantores de Vienna en su visita a Guatemala.<\/p>\n<p style=\"text-align: justify;\">Las actuaciones de la Estudiantina han sido en todo el territorio nacional, as\u00ed como presentaciones en las hermanas rep\u00fablicas de El Salvador, Honduras y M\u00e9xico.<\/p>\n<p><strong><a href=\"https:\/\/heidysandovalruiz.com\/wp-content\/uploads\/2018\/08\/Untitled-1.jpg\"><img loading=\"lazy\" decoding=\"async\" class=\"size-medium wp-image-5917 alignleft\" src=\"https:\/\/heidysandovalruiz.com\/wp-content\/uploads\/2018\/08\/Untitled-1-300x235.jpg\" alt=\"Untitled-1\" width=\"300\" height=\"235\" srcset=\"https:\/\/heidysandovalruiz.com\/wp-content\/uploads\/2018\/08\/Untitled-1-300x235.jpg 300w, https:\/\/heidysandovalruiz.com\/wp-content\/uploads\/2018\/08\/Untitled-1.jpg 515w\" sizes=\"auto, (max-width: 300px) 100vw, 300px\" \/><\/a>Material discogr\u00e1fico<\/strong><\/p>\n<p style=\"text-align: justify;\">2 discos sencillos de 45 rpm, 1 disco LP titulado \u201cAlgo Especial\u201d (hoy en versi\u00f3n CD) y seis discos compactos que contienen: a) Alegoria Navide\u00f1a I y II, b) Tercer milenio (m\u00fasica Lit\u00fargica),\u00a0 c) Boleros por Siempre,\u00a0 d) Lo que nunca pens\u00e9 Grabar, producci\u00f3n donde la tuna acompa\u00f1a al cantautor Guatemalteco Mario Vallar con m\u00fasica latinoamericana seleccionada. e) \u201cTodo Concuerda\u201d M\u00fasica escrita para\u00a0 Marimba, con las cuerdas de la\u00a0 Estudiantina Monteflor.\u00a0 f) Entre Capas, Copas y Coplas; que re\u00fane algunas de las melod\u00edas m\u00e1s representativas del movimiento de estudiantinas en los a\u00f1os 70`as y 80`as en Guatemala y g) a la fecha se termin\u00f3 el m\u00e1s reciente material discogr\u00e1fico que contiene m\u00fasica lit\u00fargica de la autor\u00eda de los integrantes de la Tuna.<\/p>\n<p><iframe loading=\"lazy\" width=\"560\" height=\"315\" src=\"https:\/\/www.youtube.com\/embed\/6_Dzm7rjx1k\" frameborder=\"0\" allow=\"autoplay; encrypted-media\" allowfullscreen><\/iframe><\/p>\n<p><iframe src=\"https:\/\/www.youtube.com\/embed\/qBKk5kn9UoM\" width=\"560\" \nheight=\"315\" frameborder=\"0\" allowfullscreen=\"allowfullscreen\"><\/iframe><\/p>\n<p style=\"text-align: justify;\">Les invitamos para que se unan al grupo de \u00ab<strong>Artistas de Guatemala para el Mundo<\/strong>\u00bb en este link <a href=\"http:\/\/on.fb.me\/1sn2wSf\">http:\/\/on.fb.me\/1sn2wSf<\/a> \u00a0\u00a0el cual tiene como prop\u00f3sito compartir videos, fotos, an\u00e9cdotas y todo lo de nuestros artistas en las diferentes d\u00e9cadas.<\/p>\n<p style=\"text-align: justify;\">Hemos creado el grupo \u201c<strong>Las entrevistas de Heidy<\/strong>\u201d que pueden localizar en\u00a0<a href=\"https:\/\/www.facebook.com\/groups\/1443599465933701\/\">https:\/\/www.facebook.com\/groups\/1443599465933701\/<\/a><\/p>\n<p>Tambi\u00e9n ponemos a su disposici\u00f3n el grupo \u201c<strong>Un siglo de anuncios y algo m\u00e1s\u2026\u201d, <\/strong>un espacio donde pueden compartir o comentar los post que se publiquen <a href=\"http:\/\/on.fb.me\/1vASm2g\">http:\/\/on.fb.me\/1vASm2g<\/a><\/p>\n<p><strong>Las entrevistas las pueden leer en los siguientes links:<\/strong><\/p>\n<p><a href=\"http:\/\/www.heidysandovalruiz.com\">http:\/\/www.heidysandovalruiz.com<\/a><\/p>\n<p><a href=\"http:\/\/lasentrevistasdeheidy.blogspot.com\">http:\/\/lasentrevistasdeheidy.blogspot.com<\/a><\/p>\n<p><a href=\"https:\/\/www.facebook.com\/pages\/Los-invitados-de-Heidy\/892159284204965?ref=hl\">https:\/\/www.facebook.com\/pages\/Los-invitados-de-Heidy\/892159284204965?ref=hl<\/a><\/p>\n<p>&nbsp;<\/p>\n<p>&nbsp;<\/p>\n","protected":false},"excerpt":{"rendered":"<div class=\"mh-excerpt\"><p>El pr\u00f3ximo viernes 7 de septiembre en el marco de las festividades del 197 aniversario de la Independencia Nacional\u00a0y como parte de las actividades del <a class=\"mh-excerpt-more\" href=\"https:\/\/heidysandovalruiz.com\/?p=5914\" title=\"Estudiantina Monteflor: 45 a\u00f1os entre capas, coplas y panderetas\">[&#8230;]<\/a><\/p>\n<\/div>","protected":false},"author":4,"featured_media":5915,"comment_status":"closed","ping_status":"closed","sticky":false,"template":"","format":"standard","meta":{"footnotes":""},"categories":[16],"tags":[415,414],"class_list":["post-5914","post","type-post","status-publish","format-standard","has-post-thumbnail","hentry","category-la-cara-amiga","tag-coplas-y-panderetas","tag-estudiantina-montedlor-45-anos-entre-capas"],"_links":{"self":[{"href":"https:\/\/heidysandovalruiz.com\/index.php?rest_route=\/wp\/v2\/posts\/5914","targetHints":{"allow":["GET"]}}],"collection":[{"href":"https:\/\/heidysandovalruiz.com\/index.php?rest_route=\/wp\/v2\/posts"}],"about":[{"href":"https:\/\/heidysandovalruiz.com\/index.php?rest_route=\/wp\/v2\/types\/post"}],"author":[{"embeddable":true,"href":"https:\/\/heidysandovalruiz.com\/index.php?rest_route=\/wp\/v2\/users\/4"}],"replies":[{"embeddable":true,"href":"https:\/\/heidysandovalruiz.com\/index.php?rest_route=%2Fwp%2Fv2%2Fcomments&post=5914"}],"version-history":[{"count":5,"href":"https:\/\/heidysandovalruiz.com\/index.php?rest_route=\/wp\/v2\/posts\/5914\/revisions"}],"predecessor-version":[{"id":5922,"href":"https:\/\/heidysandovalruiz.com\/index.php?rest_route=\/wp\/v2\/posts\/5914\/revisions\/5922"}],"wp:featuredmedia":[{"embeddable":true,"href":"https:\/\/heidysandovalruiz.com\/index.php?rest_route=\/wp\/v2\/media\/5915"}],"wp:attachment":[{"href":"https:\/\/heidysandovalruiz.com\/index.php?rest_route=%2Fwp%2Fv2%2Fmedia&parent=5914"}],"wp:term":[{"taxonomy":"category","embeddable":true,"href":"https:\/\/heidysandovalruiz.com\/index.php?rest_route=%2Fwp%2Fv2%2Fcategories&post=5914"},{"taxonomy":"post_tag","embeddable":true,"href":"https:\/\/heidysandovalruiz.com\/index.php?rest_route=%2Fwp%2Fv2%2Ftags&post=5914"}],"curies":[{"name":"wp","href":"https:\/\/api.w.org\/{rel}","templated":true}]}}