{"id":5927,"date":"2018-09-20T00:30:19","date_gmt":"2018-09-20T00:30:19","guid":{"rendered":"http:\/\/heidysandovalruiz.com\/?p=5927"},"modified":"2018-09-20T00:31:34","modified_gmt":"2018-09-20T00:31:34","slug":"los-locos-adams-el-musical-en-el-iga","status":"publish","type":"post","link":"https:\/\/heidysandovalruiz.com\/?p=5927","title":{"rendered":"\u00abLos locos Adams\u00bb el musical en el IGA"},"content":{"rendered":"<p style=\"text-align: justify;\">En la \u201c<strong>Cara amiga de los invitados de Heidy<\/strong>\u201d, presento en esta oportunidad informaci\u00f3n de un musical que pr\u00f3ximamente estar\u00e1 en cartelera: \u201cLos locos Adams\u201d e invitamos a <strong>Kristine Klanderud del Valle <\/strong>para que nos comente por menores de este trabajo que se presentar\u00e1 a beneficio de Fundani\u00f1as.<\/p>\n<p style=\"text-align: justify;\">Bienvenida \u00a0a este espacio y contarnos pormenores de este musical.<\/p>\n<p style=\"text-align: justify;\"><strong>Para dar inicio quiero preguntarte \u00bfC\u00f3mo surge la inquietud de llevar a escena \u201cLos Locos Adams\u201d? <\/strong>Muchas gracias por este valioso espacio.\u00a0 Con mi socio de SPOTLIGHT, Julio Hugo Penagos, siempre nos ha gustado Broadway y los espectaculares shows que se presentan all\u00ed.\u00a0 Creemos que al presentarlos en Guatemala debemos ser fieles a lo que se present\u00f3 en el musical original de Broadway.\u00a0 Entonces, al igual que en musicales anteriores, firmamos un acuerdo de licencia internacional, en este caso a la compa\u00f1\u00eda Theatrical Rights Worldwide.\u00a0 Esto nos permite acceder al libreto, la m\u00fasica y las letras originales de Broadway.\u00a0 Al elegir este musical pensamos que todos, excepto los ni\u00f1os y algunos muy j\u00f3venes, estar\u00edan familiarizados con esos enigm\u00e1ticos personajes del programa de TV y de las pel\u00edculas.\u00a0 Nos encant\u00f3 la m\u00fasica y el vestuario.\u00a0 Este musical tambi\u00e9n tiene un buen mensaje que aplica a todos, grandes y peque\u00f1os.<\/p>\n<p style=\"text-align: justify;\"><strong>\u00bfQui\u00e9n tiene a su cargo la producci\u00f3n general? <\/strong>La producci\u00f3n general est\u00e1 a cargo de SPOTLIGHT.\u00a0 Somos Julio Hugo Penagos y yo los responsables de toda la producci\u00f3n.\u00a0 Sin embargo, por ser una obra a beneficio de Fundani\u00f1as, hay varios aspectos que coordinamos directamente con las encargadas del proyecto en dicha entidad.<\/p>\n<p style=\"text-align: justify;\"><strong>\u00bfC\u00f3mo eligen a cada personaje para representar los distintos papeles? <\/strong>Llevamos a cabo audiciones abiertas al p\u00fablico.\u00a0 Las anunciamos con por lo menos 1 mes de antelaci\u00f3n y publicamos el material que los participantes deben llevar preparado, tanto los textos, como las canciones que deben preparar.\u00a0 Ese d\u00eda los participantes llenan una ficha con informaci\u00f3n importante y montamos una coreograf\u00eda grupal y luego los participantes pasan individualmente para demostrar sus habilidades en canto, baile y actuaci\u00f3n.\u00a0 El panel de jurado toma nota de todos los participantes y d\u00edas despu\u00e9s nos reunimos para analizar videos, revisar fotograf\u00edas, comentar nuestras impresiones y seleccionar a quienes formar\u00e1n parte del elenco.<\/p>\n<p style=\"text-align: justify;\"><strong>\u00bfQu\u00e9 puedes contarnos de la musicalizaci\u00f3n? <\/strong>\u201cLos Locos Addams\u201d tiene m\u00fasica y letra de Andrew Lippa.\u00a0 Estos arreglos tuvieron algunos cambios a ra\u00edz del tour nacional por Estados Unidos que llevaron a cabo despu\u00e9s de terminar su temporada en Broadway.\u00a0 No creo que podemos decir que la m\u00fasica de esta obra pertenece a alg\u00fan g\u00e9nero en espec\u00edfico sino, al contrario, cuenta con diversos g\u00e9neros.\u00a0 Esto cautiva al p\u00fablico para que durante todo el musical se sienta realmente entretenido.<a href=\"https:\/\/heidysandovalruiz.com\/wp-content\/uploads\/2018\/09\/41758091_726970294302204_6563018046162599936_n.jpg\"><img loading=\"lazy\" decoding=\"async\" class=\"size-medium wp-image-5930 alignleft\" src=\"https:\/\/heidysandovalruiz.com\/wp-content\/uploads\/2018\/09\/41758091_726970294302204_6563018046162599936_n-300x200.jpg\" alt=\"41758091_726970294302204_6563018046162599936_n\" width=\"300\" height=\"200\" srcset=\"https:\/\/heidysandovalruiz.com\/wp-content\/uploads\/2018\/09\/41758091_726970294302204_6563018046162599936_n-300x200.jpg 300w, https:\/\/heidysandovalruiz.com\/wp-content\/uploads\/2018\/09\/41758091_726970294302204_6563018046162599936_n.jpg 960w\" sizes=\"auto, (max-width: 300px) 100vw, 300px\" \/><\/a><\/p>\n<p style=\"text-align: justify;\"><strong>\u00bfCu\u00e1nto tiempo se tuvo para la preparaci\u00f3n de cada personaje? <\/strong>No podemos tener certeza, es decir, el proceso de ensayos tom\u00f3 alrededor de dos meses, dentro de los cuales ensayamos aproximadamente 12 horas a la semana.\u00a0 Hacemos el montaje esc\u00e9nico, el montaje de las coreograf\u00edas y marcamos las escenas.\u00a0 Sin embargo, fuera de las horas de ensayo, es importante que cada integrante del elenco le dedique algunas horas adicionales a construir su personaje, a practicar su movimiento, a caracterizarlo mejor, a recordar las marcas de cada escena, etc.\u00a0 Esto es algo b\u00e1sico para poder lograr un resultado final donde claramente se sienta que estamos viendo a ese personaje que conocimos en la televisi\u00f3n.\u00a0 Depende mucho de cada actor, cu\u00e1nto tiempo adicional dedique para preparar su respectivo personaje.<\/p>\n<p style=\"text-align: justify;\">Ha sido genial ver como este elenco en particular realmente se caracteriza por actores bien preparados, dedicados, con buena actitud, presencia y que se preocupan por verdaderamente ser mejores cada d\u00eda.\u00a0 Es bello trabajar con gente as\u00ed.<\/p>\n<p style=\"text-align: justify;\"><strong>\u00bfCu\u00e1nto tiempo se lleva el ensayo de un musical como \u201cLos locos Adams\u201d? <\/strong>El proceso de pre-producci\u00f3n comienza unos 8 o 9 meses antes del estreno.\u00a0 Seleccionamos el musical, luego lo conocemos, su libreto, su m\u00fasica, su escenograf\u00eda, su vestuario\u2026 Julio y yo unificamos nuestra visi\u00f3n sobre c\u00f3mo lo queremos llevar a cabo y c\u00f3mo queremos representarlo para el p\u00fablico.\u00a0 Este proceso incluye definir nuestra visi\u00f3n, seleccionar a los actores, conseguir patrocinios, elegir piezas de mobiliario, utiler\u00eda y el dise\u00f1o del set y del vestuario.<\/p>\n<p style=\"text-align: justify;\">Una vez hemos elegido al elenco, el proceso de ensayo puede variar, seg\u00fan el musical del que se trate y de los integrantes del elenco, su dedicaci\u00f3n y preparaci\u00f3n.\u00a0 A veces nos toma 4 meses y, en otros musicales como \u00e9ste, nos tom\u00f3 aproximadamente 2 meses y medio.\u00a0 Nos tiene impresionados el nivel de compromiso y dedicaci\u00f3n que tienen todos los integrantes de este elenco.<a href=\"https:\/\/heidysandovalruiz.com\/wp-content\/uploads\/2018\/09\/41884512_726968147635752_2137764849973723136_n.jpg\"><img loading=\"lazy\" decoding=\"async\" class=\"size-medium wp-image-5931 alignright\" src=\"https:\/\/heidysandovalruiz.com\/wp-content\/uploads\/2018\/09\/41884512_726968147635752_2137764849973723136_n-300x200.jpg\" alt=\"41884512_726968147635752_2137764849973723136_n\" width=\"300\" height=\"200\" srcset=\"https:\/\/heidysandovalruiz.com\/wp-content\/uploads\/2018\/09\/41884512_726968147635752_2137764849973723136_n-300x200.jpg 300w, https:\/\/heidysandovalruiz.com\/wp-content\/uploads\/2018\/09\/41884512_726968147635752_2137764849973723136_n.jpg 960w\" sizes=\"auto, (max-width: 300px) 100vw, 300px\" \/><\/a><\/p>\n<p style=\"text-align: justify;\"><strong>\u00bfTengo entendido que se presentar\u00e1 a beneficio? <\/strong>As\u00ed es, las 12 funciones que presentamos ser\u00e1n a beneficio de FUNDANI\u00d1AS.\u00a0 Se trata de un hogar que acoge a ni\u00f1as y mujeres que han sufrido de maltrato o abuso.\u00a0 En este hogar les dan amor, educaci\u00f3n, comida, medicinas, ayuda psicol\u00f3gica, entre otras cosas, y las preparan para que aprendan alg\u00fan oficio y m\u00e1s adelante puedan salir a trabajar.\u00a0 Dicho hogar se mantiene a trav\u00e9s de donaciones, rifas, eventos de recaudaci\u00f3n de fondos; no es una entidad p\u00fablica.\u00a0 Tiene 27 a\u00f1os de existir y ya es el cuarto musical que presentamos a beneficio de esta linda causa.<\/p>\n<p style=\"text-align: justify;\"><strong>\u00bfCu\u00e1ntos son los personajes que participan directamente en el musical? <\/strong>Son 7 miembros de la familia Addams: Homero, Morticia, Merlina, Pericles, T\u00edo Lucas, Abuela y Largo (el mayordomo).\u00a0 Aparte, son 3 miembros de la familia Beineke: Tom\u00e1s (novio de Merlina), su madre Alicia y su padre Mauricio.\u00a0 Y como el ensamble de bailarines\/coro tenemos a 10 ancestros Addams; cada uno de ellos representa una \u00e9poca hist\u00f3rica.<\/p>\n<p style=\"text-align: justify;\"><strong>La fotograf\u00eda es un aspecto muy importante \u00bfQui\u00e9n tiene a su cargo el antes, durante y despu\u00e9s de este musical? <\/strong>Esta especial labor se la confiamos a Claudia Lira por parte de STUDIOS 8.\u00a0 Nos dan un valioso apoyo durante las audiciones, en los ensayos, en los ensayos t\u00e9cnicos\/generales en el teatro, para el estreno y para la \u00faltima funci\u00f3n del musical.\u00a0 Nos han apoyado desde 2016.<\/p>\n<p style=\"text-align: justify;\"><strong><a href=\"https:\/\/heidysandovalruiz.com\/wp-content\/uploads\/2018\/09\/41808236_726968257635741_2621675482319421440_n.jpg\"><img loading=\"lazy\" decoding=\"async\" class=\"size-medium wp-image-5932 alignleft\" src=\"https:\/\/heidysandovalruiz.com\/wp-content\/uploads\/2018\/09\/41808236_726968257635741_2621675482319421440_n-300x200.jpg\" alt=\"41808236_726968257635741_2621675482319421440_n\" width=\"300\" height=\"200\" srcset=\"https:\/\/heidysandovalruiz.com\/wp-content\/uploads\/2018\/09\/41808236_726968257635741_2621675482319421440_n-300x200.jpg 300w, https:\/\/heidysandovalruiz.com\/wp-content\/uploads\/2018\/09\/41808236_726968257635741_2621675482319421440_n.jpg 960w\" sizes=\"auto, (max-width: 300px) 100vw, 300px\" \/><\/a>\u00bfDesde cu\u00e1ndo se presentar\u00e1 y cu\u00e1l es el horario? <\/strong>El gran estreno es este s\u00e1bado 29 de septiembre.\u00a0 Estaremos del 29 de septiembre al 4 de noviembre, todos los s\u00e1bados y domingos, a las 4 p.m. en el Teatro Dick Smith del IGA (zona 4).<\/p>\n<p style=\"text-align: justify;\"><strong>\u00bfD\u00f3nde se pueden adquirir los boletos y cu\u00e1l es su valor? <\/strong>Los boletos son numerados y ya est\u00e1n a la venta en Todoticket y tendremos en taquilla 1 hora antes de cada funci\u00f3n.\u00a0 Platea Q.150 y Balc\u00f3n Q.100.<\/p>\n<p style=\"text-align: justify;\"><strong>\u00bfCu\u00e1ntas semanas estar\u00e1n en cartelera? <\/strong>Ser\u00e1n 5 semanas (12 funciones en total).<\/p>\n<p style=\"text-align: justify;\"><strong>Y para invitar y motivar a quienes lean la entrevista \u00bfPuedes darnos una breve sinopsis?<\/strong><\/p>\n<p style=\"text-align: justify;\"><strong>SINOPSIS<\/strong><\/p>\n<p style=\"text-align: justify;\">En el enloquecedor y fascinante mundo al rev\u00e9s de la Familia Addams, estar triste es ser feliz; lo insensato es lo sensato; sentir dolor es sentir alegr\u00eda; lo imprudente es lo prudente; y, la muerte y el sufrimiento son la materia de lo que est\u00e1n hechos sus sue\u00f1os. Sin embargo, esta peculiar familia todav\u00eda tiene que lidiar con una de las pesadillas m\u00e1s espeluznantes con la que se enfrentan todos los padres de este planeta; los ni\u00f1os Addams ya crecieron.<\/p>\n<p style=\"text-align: justify;\">Durante cientos de a\u00f1os, <em>Homero<\/em> y <em>Morticia<\/em>, han vivido por y para preservar los aut\u00e9nticos valores Addams, tan especiales como \u00fanicos, y desean seguir viviendo en esa armon\u00eda por los siglos de los siglos. Pero algo inesperado va a acontecer. Su querida hija, <em>Merlina<\/em>, que ya es una preciosa joven de dieciocho a\u00f1os, se enamor\u00f3 de <em>Tom\u00e1s Beineke<\/em>, un joven dulce, cari\u00f1oso, respetuoso e inteligente de una familia \u201cnormal\u201d y respetable. \u00bfSer\u00e1 este joven el mejor candidato para convertirse en un miembro m\u00e1s de la familia Addams?\u00a0 <em>Pericles<\/em>, hermano de Merlina, definitivamente no est\u00e1 de acuerdo, as\u00ed que tiene una pl\u00e1tica con su <em>abuela<\/em>, y se le ocurre una gran idea.<\/p>\n<p style=\"text-align: justify;\">A nadie le parece que estos j\u00f3venes est\u00e9n enamorados.\u00a0 Pero para que ambas familias se conozcan, <em>Merlina<\/em> invita a <em>Tom\u00e1s<\/em> y a sus padres, <em>Alicia<\/em> y <em>Mauricio<\/em> a su casa a cenar.\u00a0 Sin embargo, ninguno de los miembros de la Familia Addams cree que esta sea la mejor de las ideas, excepto el <em>T\u00edo Lucas<\/em> y los <em>ancestros Addams<\/em>, quienes tienen un plan para ayudar a <em>Merlina<\/em>.<\/p>\n<p style=\"text-align: justify;\">En una divertida, pero tambi\u00e9n desastrosa noche en casa de los Addams, los secretos m\u00e1s ocultos se van a revelar, las relaciones, los amor\u00edos y los sentimientos ser\u00e1n cuestionados.\u00a0 All\u00ed es cuando la Familia Addams y todos sus ancestros deber\u00e1n hacer frente a la \u00fanica terrible cosa que han logrado evitar durante generaciones: el cambio.<\/p>\n<p style=\"text-align: justify;\">Agradezco a Kristine Klanderud del Valle el habernos compartido interioridades de este musical que esperamos sea todo un \u00e9xito entre el p\u00fablico guatemalteco.<\/p>\n<p style=\"text-align: justify;\"><strong>Much\u00edsimas gracias a t\u00ed por brindarnos este espacio.\u00a0 Creemos fielmente que en Guatemala hay mucho talento y gran potencial para presentar grandes musicales de la m\u00e1s alta calidad.\u00a0 \u00a1Los esperamos en Los Locos Addams!<\/strong><\/p>\n<p><iframe loading=\"lazy\" src=\"https:\/\/www.youtube.com\/embed\/5b0x4rejnvI\" width=\"560\" height=\"315\" frameborder=\"0\" allowfullscreen=\"allowfullscreen\"><\/iframe><\/p>\n","protected":false},"excerpt":{"rendered":"<div class=\"mh-excerpt\"><p>En la \u201cCara amiga de los invitados de Heidy\u201d, presento en esta oportunidad informaci\u00f3n de un musical que pr\u00f3ximamente estar\u00e1 en cartelera: \u201cLos locos Adams\u201d <a class=\"mh-excerpt-more\" href=\"https:\/\/heidysandovalruiz.com\/?p=5927\" title=\"\u00abLos locos Adams\u00bb el musical en el IGA\">[&#8230;]<\/a><\/p>\n<\/div>","protected":false},"author":4,"featured_media":5929,"comment_status":"closed","ping_status":"closed","sticky":false,"template":"","format":"standard","meta":{"footnotes":""},"categories":[16],"tags":[417],"class_list":["post-5927","post","type-post","status-publish","format-standard","has-post-thumbnail","hentry","category-la-cara-amiga","tag-los-locos-adams-el-musical-muy-pronto-en-el-iga"],"_links":{"self":[{"href":"https:\/\/heidysandovalruiz.com\/index.php?rest_route=\/wp\/v2\/posts\/5927","targetHints":{"allow":["GET"]}}],"collection":[{"href":"https:\/\/heidysandovalruiz.com\/index.php?rest_route=\/wp\/v2\/posts"}],"about":[{"href":"https:\/\/heidysandovalruiz.com\/index.php?rest_route=\/wp\/v2\/types\/post"}],"author":[{"embeddable":true,"href":"https:\/\/heidysandovalruiz.com\/index.php?rest_route=\/wp\/v2\/users\/4"}],"replies":[{"embeddable":true,"href":"https:\/\/heidysandovalruiz.com\/index.php?rest_route=%2Fwp%2Fv2%2Fcomments&post=5927"}],"version-history":[{"count":2,"href":"https:\/\/heidysandovalruiz.com\/index.php?rest_route=\/wp\/v2\/posts\/5927\/revisions"}],"predecessor-version":[{"id":5933,"href":"https:\/\/heidysandovalruiz.com\/index.php?rest_route=\/wp\/v2\/posts\/5927\/revisions\/5933"}],"wp:featuredmedia":[{"embeddable":true,"href":"https:\/\/heidysandovalruiz.com\/index.php?rest_route=\/wp\/v2\/media\/5929"}],"wp:attachment":[{"href":"https:\/\/heidysandovalruiz.com\/index.php?rest_route=%2Fwp%2Fv2%2Fmedia&parent=5927"}],"wp:term":[{"taxonomy":"category","embeddable":true,"href":"https:\/\/heidysandovalruiz.com\/index.php?rest_route=%2Fwp%2Fv2%2Fcategories&post=5927"},{"taxonomy":"post_tag","embeddable":true,"href":"https:\/\/heidysandovalruiz.com\/index.php?rest_route=%2Fwp%2Fv2%2Ftags&post=5927"}],"curies":[{"name":"wp","href":"https:\/\/api.w.org\/{rel}","templated":true}]}}