{"id":6030,"date":"2019-02-01T20:34:54","date_gmt":"2019-02-01T20:34:54","guid":{"rendered":"http:\/\/heidysandovalruiz.com\/?p=6030"},"modified":"2019-02-01T20:34:54","modified_gmt":"2019-02-01T20:34:54","slug":"la-cara-amiga-de-jacqueline-paredes-parte-ii","status":"publish","type":"post","link":"https:\/\/heidysandovalruiz.com\/?p=6030","title":{"rendered":"La cara amiga de \u00abJacqueline Paredes\u00bb parte II"},"content":{"rendered":"<p style=\"text-align: justify;\">Estimados amigos y amigas antes que nada quiero agradecer su valioso apoyo en el trabajo que realizamos con cari\u00f1o para ustedes. \u201c<strong>Las entrevistas de Heidy<\/strong>\u201d inicia este 4 de febrero su d\u00e9cima primera temporada y les prometemos muchas historias maravillosas, contadas por quienes las han vivido, otras por familiares o amigos cercanos de personas que se recuerdan en el \u00e1mbito art\u00edstico, period\u00edstico u otro.<\/p>\n<p style=\"text-align: justify;\">Iniciamos el a\u00f1o 2019 con <strong>Jacqueline Paredes<\/strong> una de las invitadas que nos cont\u00f3 su historia en el a\u00f1o 2017 y que ahora nos cuenta cual es el trabajo que actualmente est\u00e1 realizando y en el que por supuesto va ligado con la pintura. Artista 100% guatemalteca ella es estudiante del Profesorado en Artes Pl\u00e1sticas e Historia del Arte en la Universidad de San Carlos de Guatemala y de la Escuela Municipal de Pintura.<\/p>\n<p style=\"text-align: justify;\">Bienvenida Jacqueline Paredes nuevamente a este espacio que tiene el objetivo de dar a conocer el trabajo que ustedes los artistas realizan.<\/p>\n<p style=\"text-align: justify;\">Ha pasado aproximadamente a\u00f1o y medio desde la entrevista donde nos comentaste aspectos de tu vida personal y profesional.\u00a0 Sin embargo, ahora nos quieres compartir lo que est\u00e1s haciendo.<\/p>\n<p style=\"text-align: justify;\"><strong>\u00bfCu\u00e1les son las diferentes t\u00e9cnicas que est\u00e1s usando en tus pinturas?\u00a0<\/strong>Gracias Heidy por la oportunidad de platicarles nuevamente acerca de mi trabajo, actualmente mis obras siguen siendo trabajadas en acuarela, acr\u00edlico, pastel seco y \u00f3leo, sigo en la fase de experimentaci\u00f3n de los diferentes materiales de arte para encontrar un estilo en mis obras.<\/p>\n<p style=\"text-align: justify;\"><strong>\u00bfCrees que con la pintura se puede motivar a personas de diferentes edades a que se interesen por el arte?\u00a0<\/strong>S\u00ed, esto es algo que ha sido \u00a0muy importante y que personalmente me he dado a la tarea de hacer, por medio de mis obras y talleres he tratado de transmitir la pasi\u00f3n que tengo por la pintura y el arte, he notado y s\u00e9 que me ha funcionado ya que muchos de mis alumnos que iniciaron en alg\u00fan momento aprendiendo a pintar como hobbie, ahora son estudiantes de arte o bien han seguido buscando m\u00e1s talleres en donde puedan aprender m\u00e1s acerca de la pintura e incluso se han interesado por otras t\u00e9cnicas, tales como la escultura y el grabado, esto para\u00a0 mi ha sido de gran motivaci\u00f3n, muchos han encontrado en el arte felicidad, paz o bien, han descubierto que si bien al inicio lo sent\u00edan solo por buscar que hacer, hoy es parte de ellos.<a href=\"https:\/\/heidysandovalruiz.com\/wp-content\/uploads\/2019\/02\/45296903_292820624894345_4930107356085223424_n.jpg\"><img loading=\"lazy\" decoding=\"async\" class=\"size-medium wp-image-6032 alignright\" src=\"https:\/\/heidysandovalruiz.com\/wp-content\/uploads\/2019\/02\/45296903_292820624894345_4930107356085223424_n-198x300.jpg\" alt=\"45296903_292820624894345_4930107356085223424_n\" width=\"198\" height=\"300\" srcset=\"https:\/\/heidysandovalruiz.com\/wp-content\/uploads\/2019\/02\/45296903_292820624894345_4930107356085223424_n-198x300.jpg 198w, https:\/\/heidysandovalruiz.com\/wp-content\/uploads\/2019\/02\/45296903_292820624894345_4930107356085223424_n.jpg 635w\" sizes=\"auto, (max-width: 198px) 100vw, 198px\" \/><\/a><\/p>\n<p style=\"text-align: justify;\"><strong>Recu\u00e9rdanos \u00bfA qu\u00e9 edad y c\u00f3mo surgi\u00f3 en ti la pasi\u00f3n por la pintura?\u00a0<\/strong>Estudi\u00e9 b\u00e1sicos en el Instituto para Se\u00f1oritas El Rosario, es ah\u00ed donde conozco a mi primer maestro de artes pl\u00e1sticas, el profesor Marco Antonio Granados, gracias a \u00e9l me surge inquietud por el dibujo, en b\u00fasqueda de llenar la necesidad de dibujar y pintar, inici\u00e9 mis estudios de Dise\u00f1o Grafico en el 2007, sin embargo, me gustaba lo que hac\u00eda pero no llenaba del todo esa necesidad de pintar, fue entonces en el 2012 cuando me entra la inquietud por buscar una escuela o academia de arte y es en donde llego a estudiar a la Escuela Municipal de Pintura.<\/p>\n<p style=\"text-align: justify;\"><strong>He observado que est\u00e1s pintando payasos \u00bfPuedes compartirnos por qu\u00e9?<\/strong>\u00a0 \u00a0Actualmente estoy trabajando una serie de obras; bajo las t\u00e9cnicas; de acuarela y acr\u00edlico; bajo el t\u00edtulo, VIDA DE CIRCO, esta trata de alguna manera con su colorido, dar a conocer que la vida es bella, que siempre tendr\u00e1 cosas positivas en medio de temores, que debemos vencer nuestros propios miedos y enfrentar las realidades que se nos atraviesan en el camino.<\/p>\n<p style=\"text-align: justify;\">Debido a quebrantos de salud que he sufrido durante los \u00faltimos meses, hoy pienso en la vida de circo y la adapto a mi diario vivir, pienso en \u00bfC\u00f3mo ha sido mi vida?, cuestiono si cada uno de nosotros nos hacemos la misma pregunta a menudo, \u00bfser\u00e1 que vivimos una vida de circo llena de luces, colores, felicidad, armon\u00eda dedicaci\u00f3n, esfuerzo, movimiento y hermandad o vivimos atados al tiempo, estr\u00e9s, dolores del alma, orgullo, pensamientos negativos con una careta de felicidad pero en el fondo tenemos dolor?.<\/p>\n<p style=\"text-align: justify;\"><strong><a href=\"https:\/\/heidysandovalruiz.com\/wp-content\/uploads\/2019\/02\/45271537_542804082828181_3657771844955537408_n.jpg\"><img loading=\"lazy\" decoding=\"async\" class=\"size-medium wp-image-6033 alignleft\" src=\"https:\/\/heidysandovalruiz.com\/wp-content\/uploads\/2019\/02\/45271537_542804082828181_3657771844955537408_n-197x300.jpg\" alt=\"45271537_542804082828181_3657771844955537408_n\" width=\"197\" height=\"300\" srcset=\"https:\/\/heidysandovalruiz.com\/wp-content\/uploads\/2019\/02\/45271537_542804082828181_3657771844955537408_n-197x300.jpg 197w, https:\/\/heidysandovalruiz.com\/wp-content\/uploads\/2019\/02\/45271537_542804082828181_3657771844955537408_n.jpg 630w\" sizes=\"auto, (max-width: 197px) 100vw, 197px\" \/><\/a>\u00bfC\u00f3mo defines tu a un payaso?\u00a0<\/strong>Alegr\u00eda, felicidad, fiesta, son palabras que vienen a mi mente, sin embargo, una persona como todos, con la diferencia de tener el don de hacer re\u00edr a los dem\u00e1s, pienso que un payaso tiene la caracter\u00edstica de envolverse en su disfraz, pintar su cara, usar una peluca y sonre\u00edr, a pesar de los problemas que pueda tener, es alguien que por tener el disfraz de payaso transmite felicidad y alegr\u00eda. Jam\u00e1s sabremos qu\u00e9 problemas pueda tener o qu\u00e9 dolores pueda sentir.<\/p>\n<p style=\"text-align: justify;\"><strong>\u00bfC\u00f3mo ves la participaci\u00f3n de estudiantes en la Escuela Municipal de Pintura?\u00a0<\/strong>Considero que la escuela ha hecho un papel muy importante en estos tiempos, ha involucrado a muchos j\u00f3venes a interesarse por el arte, m\u00e1s que j\u00f3venes, hay\u00a0 ni\u00f1os y personas de la tercera edad, he escuchado comentarios entre los mismos alumnos que est\u00e1n haciendo lo que les gusta, se ha dado a conocer que hay talento en Guatemala, los maestros que tiene la escuela son licenciados y artistas de renombre que han motivado y tomado en cuenta a sus alumnos en sus proyectos de arte, lo que es bueno para nuestro pa\u00eds, ser\u00eda genial que m\u00e1s medios de comunicaci\u00f3n se dieran a la tarea de dar a conocer estos proyectos art\u00edsticos, en vez de tantas noticias negativas, dar a conocer el arte que hay en Guatemala.<\/p>\n<p style=\"text-align: justify;\"><strong>\u00bfCon cu\u00e1l de las t\u00e9cnicas que trabajas te sientes m\u00e1s identificada? y \u00bfPor qu\u00e9?\u00a0<\/strong>Me gusta mucho la acuarela, siento que me identifico con ella, por que me da una sensaci\u00f3n de libertad, el hecho de poder jugar con agua y pigmento, ver como se fusiona un color con otro, ser libre, se ha vuelto un reto para m\u00ed el poder dominar la t\u00e9cnica. No dejo de lado el acr\u00edlico que ha sido mi compa\u00f1ero en la mayor\u00eda de obras que he realizado.<\/p>\n<p style=\"text-align: justify;\"><strong>Trabajas con la ni\u00f1ez y de acuerdo a nuestra entrevista pasada, indicaste que los ni\u00f1os utilizan su imaginaci\u00f3n pintando, ahora te pregunto \u00bfQu\u00e9 es lo que has percibido les gusta pintar?\u00a0<\/strong>Trabajar con los ni\u00f1os una clase de pintura es fant\u00e1stico, son tan libres, siempre he dicho que hay tanto que aprender de los ni\u00f1os, en sus obras ellos plasman sinceridad, imaginaci\u00f3n, creatividad, \u00a0tienen cada ocurrencia que lo \u00fanico que provoca es re\u00edr, he notado que entre todos los ni\u00f1os, rara vez voy a encontrar a alguno que no le guste pintar, a diferencia de los adolescentes, con ellos s\u00ed me ha tocado batallar, he dado talleres a j\u00f3venes con problemas de drogadicci\u00f3n y alcoholismo, chicas que han sido v\u00edctimas de violencia y lo que menos han querido es pintar, cuando lo hacen son piezas muy interesantes por el contenido de la obra a la hora de evaluarlas psicol\u00f3gicamente.<a href=\"https:\/\/heidysandovalruiz.com\/wp-content\/uploads\/2019\/02\/45257888_631779020557281_3320516972625526784_n.jpg\"><img loading=\"lazy\" decoding=\"async\" class=\"size-medium wp-image-6034 alignright\" src=\"https:\/\/heidysandovalruiz.com\/wp-content\/uploads\/2019\/02\/45257888_631779020557281_3320516972625526784_n-194x300.jpg\" alt=\"45257888_631779020557281_3320516972625526784_n\" width=\"194\" height=\"300\" srcset=\"https:\/\/heidysandovalruiz.com\/wp-content\/uploads\/2019\/02\/45257888_631779020557281_3320516972625526784_n-194x300.jpg 194w, https:\/\/heidysandovalruiz.com\/wp-content\/uploads\/2019\/02\/45257888_631779020557281_3320516972625526784_n.jpg 621w\" sizes=\"auto, (max-width: 194px) 100vw, 194px\" \/><\/a><\/p>\n<p style=\"text-align: justify;\"><strong>\u00bfEn qu\u00e9 galer\u00edas en la ciudad y el interior del pa\u00eds has expuesto tus obras?\u00a0<\/strong>Con esta pregunta, traes a mi mente mi primera exposici\u00f3n individual, recuerdo que hab\u00eda participado en una exposici\u00f3n colectiva y conoc\u00ed el Sal\u00f3n Oro del Gran Hotel, me dije que har\u00eda una exposici\u00f3n ah\u00ed, apenas iniciaba en el arte y sin dudar, Alejandro Leal, un gran escultor, amigo y administrador del Gran Hotel, me da fecha y hora para inaugurar la primera exposici\u00f3n de la Galer\u00eda de El Gran Hotel, me qued\u00e9 en shock jajajaja no sab\u00eda qu\u00e9 obras colocar, mi gran amigo Antonio L\u00f3pez G\u00e1lvez se sum\u00f3 al proyecto y entre los dos inauguramos \u201cSentimientosSinCensura\u201d, es ah\u00ed en donde empiezo a motivarme y empiezo a conocer artistas, galer\u00edas de arte, como la Biblioteca de la Procuradur\u00eda de los Derechos Humanos, Festival Grito de Mujer en su cuarta edici\u00f3n, Embajada de M\u00e9xico en la Ciudad de Guatemala, Galer\u00eda Rafael Rodr\u00edguez Padilla de Escuela Nacional de Artes Pl\u00e1sticas, Festival Ixchel en su V y VI edici\u00f3n, Teatro de Bellas Artes, Embajada de Panam\u00e1 en Guatemala, Galer\u00eda y Sal\u00f3n Mood, Club Italiano, Galer\u00eda Pasaje La Sexta, Palacio Nacional de la Cultura, no dejando de lado la oportunidad de participar en diferentes galer\u00edas de Antigua Guatemala, Quetzaltenango, Totonicap\u00e1n, Chichicastenago, San Marcos, San Crist\u00f3bal Verapaz, Alta Verapaz.<\/p>\n<p style=\"text-align: justify;\"><strong>\u00bfQu\u00e9 traigo a tu mente si te digo Divisi\u00f3n de Cursos Libres Universitarios?\u00a0<\/strong>Mucha felicidad, muchos retos, compromiso, miedo, nuevas experiencias, conocimiento, fueron dos a\u00f1os seguidos que se me dio la oportunidad de dar clases en mi querida USAC para la Divisi\u00f3n de Cursos Libres Universitarios, llegu\u00e9 a tener dos cursos, Introducci\u00f3n a la acuarela con m\u00e1s de 200 alumnos y Pintura Acr\u00edlica, con m\u00e1s de 150 alumnos. Tuve el gusto de ver m\u00e1s de 100 obras expuestas por mis alumnos en el Igl\u00fa. Fue tan sorprendente verlos emocionados haciendo la exposici\u00f3n.<\/p>\n<p style=\"text-align: justify;\">Un grupo de alumnos ahora grandes amigos, nos dimos el gusto de exponer en la Facultad de Arquitectura y en la inauguraci\u00f3n del edificio DIGA en la USAC. De todo lo que he vivido en la USAC esta es una de mis mejores an\u00e9cdotas, recuerdo el primer d\u00eda que llegu\u00e9 con mi maleta y veo alrededor de 25 alumnos en clase, en mi mente pens\u00e9 \u00a1son pocos! una de mis alumnas me dice \u00bfusted es la licenciada que dar\u00e1 la clase? S\u00ed, fue mi respuesta, es demasiado joven dijo\u2026. Cierro la puerta pasados 10 minutos del inicio de la clase, en eso tocan la puerta y me dice una chica, puedo entrar, abr\u00ed la puerta y se deja venir el mont\u00f3n de alumnos, ten\u00eda gente sentada hasta en la c\u00e1tedra jajajajaja en el ratito entre en shock jajajaja pero en las mismas respiro y sigo la clase.<\/p>\n<p style=\"text-align: justify;\"><strong><a href=\"https:\/\/heidysandovalruiz.com\/wp-content\/uploads\/2019\/02\/45288657_462042894202801_4729720910951481344_n.jpg\"><img loading=\"lazy\" decoding=\"async\" class=\"size-medium wp-image-6035 alignleft\" src=\"https:\/\/heidysandovalruiz.com\/wp-content\/uploads\/2019\/02\/45288657_462042894202801_4729720910951481344_n-300x225.jpg\" alt=\"45288657_462042894202801_4729720910951481344_n\" width=\"300\" height=\"225\" srcset=\"https:\/\/heidysandovalruiz.com\/wp-content\/uploads\/2019\/02\/45288657_462042894202801_4729720910951481344_n-300x225.jpg 300w, https:\/\/heidysandovalruiz.com\/wp-content\/uploads\/2019\/02\/45288657_462042894202801_4729720910951481344_n-1024x768.jpg 1024w, https:\/\/heidysandovalruiz.com\/wp-content\/uploads\/2019\/02\/45288657_462042894202801_4729720910951481344_n.jpg 2048w\" sizes=\"auto, (max-width: 300px) 100vw, 300px\" \/><\/a>\u00bfPlasmas en tus cuadros momentos de tu vida?\u00a0<\/strong>S\u00ed, en la mayor\u00eda de obras, siempre hay algo de mi vida, la luna por ejemplo, es algo indispensable, me recuerda a los ancestros que nos han dejado valores, costumbres y tradiciones. Hay cuadros que tienen relaci\u00f3n con mi familia, amigos, en su mayor\u00eda el colorido que tienen es por la alegr\u00eda que me da pintar, es una conexi\u00f3n muy grande la que tengo con los colores y mis pinceles, cada d\u00eda aprendo algo nuevo y siempre trato de ponerlo en pr\u00e1ctica en mis obras.<\/p>\n<p style=\"text-align: justify;\"><strong>\u00bfImpartes clases a domicilio? \u00bfEn qu\u00e9 correo electr\u00f3nico te pueden localizar?\u00a0<\/strong>S\u00ed, mi correo electr\u00f3nico es paredesjacky@hotmail.es o bien me pueden contactar en mis redes sociales en Facebook aparezco como Jacqueline Paredes o en Instagram como @a.p.jparedes<\/p>\n<p style=\"text-align: justify;\"><strong>\u00bfDeseas agregar algo a la entrevista?\u00a0<\/strong>Darte un agradecimiento muy grande Heidy por esta entrevista, por darme la oportunidad de contarles un poco de mi historia en el arte, sobre todo, espero sirva de motivaci\u00f3n a quienes la lean y si tienen un sue\u00f1o, no dejarlo de lado, siempre he dicho que hacer lo que m\u00e1s nos gusta, nos har\u00e1 sentirnos felices, como bien platicamos contigo, si\u00a0 nuestra pasi\u00f3n es pintar, hacer deporte, poes\u00eda, m\u00fasica\u2026 no dejarlo de lado, hacerlo y no dejar pasar el tiempo.<\/p>\n<p style=\"text-align: justify;\">Agradezco a Jacqueline el habernos compartido sus proyectos para este 2019.\u00a0 Le deseamos muchas cosas positivas en su rama y que haya muchas exposiciones donde se pueda dar a conocer tu trabajo.<\/p>\n<p style=\"text-align: center;\"><a href=\"https:\/\/heidysandovalruiz.com\/wp-content\/uploads\/2019\/02\/45345806_335156093883566_8728759531418419200_n.jpg\"><img loading=\"lazy\" decoding=\"async\" class=\"aligncenter size-medium wp-image-6037\" src=\"https:\/\/heidysandovalruiz.com\/wp-content\/uploads\/2019\/02\/45345806_335156093883566_8728759531418419200_n-188x300.jpg\" alt=\"45345806_335156093883566_8728759531418419200_n\" width=\"188\" height=\"300\" srcset=\"https:\/\/heidysandovalruiz.com\/wp-content\/uploads\/2019\/02\/45345806_335156093883566_8728759531418419200_n-188x300.jpg 188w, https:\/\/heidysandovalruiz.com\/wp-content\/uploads\/2019\/02\/45345806_335156093883566_8728759531418419200_n-642x1024.jpg 642w, https:\/\/heidysandovalruiz.com\/wp-content\/uploads\/2019\/02\/45345806_335156093883566_8728759531418419200_n.jpg 1263w\" sizes=\"auto, (max-width: 188px) 100vw, 188px\" \/><\/a><a href=\"https:\/\/heidysandovalruiz.com\/wp-content\/uploads\/2019\/02\/45347998_575280899589625_3920765573096538112_n.jpg\"><img loading=\"lazy\" decoding=\"async\" class=\"aligncenter size-medium wp-image-6039\" src=\"https:\/\/heidysandovalruiz.com\/wp-content\/uploads\/2019\/02\/45347998_575280899589625_3920765573096538112_n-225x300.jpg\" alt=\"45347998_575280899589625_3920765573096538112_n\" width=\"225\" height=\"300\" srcset=\"https:\/\/heidysandovalruiz.com\/wp-content\/uploads\/2019\/02\/45347998_575280899589625_3920765573096538112_n-225x300.jpg 225w, https:\/\/heidysandovalruiz.com\/wp-content\/uploads\/2019\/02\/45347998_575280899589625_3920765573096538112_n-768x1024.jpg 768w, https:\/\/heidysandovalruiz.com\/wp-content\/uploads\/2019\/02\/45347998_575280899589625_3920765573096538112_n.jpg 960w\" sizes=\"auto, (max-width: 225px) 100vw, 225px\" \/><\/a><\/p>\n<p style=\"text-align: justify;\">Les invitamos para que se unan al grupo de \u00ab<strong>Artistas de Guatemala para el Mundo<\/strong>\u00bb en este link <a href=\"http:\/\/on.fb.me\/1sn2wSf\">http:\/\/on.fb.me\/1sn2wSf<\/a> \u00a0\u00a0\u00a0el cual tiene como prop\u00f3sito compartir videos, fotos, an\u00e9cdotas y todo lo de nuestros artistas en las diferentes d\u00e9cadas.<\/p>\n<p style=\"text-align: justify;\">Hemos creado el grupo \u201cLas entrevistas de Heidy\u201d que pueden localizar en<\/p>\n<p style=\"text-align: justify;\"><a href=\"https:\/\/www.facebook.com\/groups\/1443599465933701\/\">https:\/\/www.facebook.com\/groups\/1443599465933701\/<\/a><\/p>\n<p style=\"text-align: justify;\">Tambi\u00e9n ponemos a su disposici\u00f3n el grupo \u201c<strong>Un siglo de anuncios y algo m\u00e1s\u2026\u201d,<\/strong> un espacio donde pueden compartir o comentar los post que se publiquen <a href=\"http:\/\/on.fb.me\/1vASm2g\">http:\/\/on.fb.me\/1vASm2g<\/a><\/p>\n<p style=\"text-align: justify;\">Las entrevistas las pueden leer en los siguientes links:<\/p>\n<p style=\"text-align: justify;\"><a href=\"http:\/\/www.heidysandovalruiz.com\">http:\/\/www.heidysandovalruiz.com<\/a><\/p>\n<p style=\"text-align: justify;\"><a href=\"http:\/\/lasentrevistasdeheidy.blogspot.com\">http:\/\/lasentrevistasdeheidy.blogspot.com<\/a><\/p>\n<p style=\"text-align: justify;\"><a href=\"https:\/\/www.facebook.com\/pages\/Los-invitados-de-Heidy\/892159284204965?ref=hl\">https:\/\/www.facebook.com\/pages\/Los-invitados-de-Heidy\/892159284204965?ref=hl<\/a><\/p>\n<p style=\"text-align: justify;\"><strong>Entrevista realizada por Heidy Sandoval Ruiz<\/strong><\/p>\n<p style=\"text-align: justify;\">\n","protected":false},"excerpt":{"rendered":"<div class=\"mh-excerpt\"><p>Estimados amigos y amigas antes que nada quiero agradecer su valioso apoyo en el trabajo que realizamos con cari\u00f1o para ustedes. \u201cLas entrevistas de Heidy\u201d <a class=\"mh-excerpt-more\" href=\"https:\/\/heidysandovalruiz.com\/?p=6030\" title=\"La cara amiga de \u00abJacqueline Paredes\u00bb parte II\">[&#8230;]<\/a><\/p>\n<\/div>","protected":false},"author":4,"featured_media":6031,"comment_status":"closed","ping_status":"closed","sticky":false,"template":"","format":"standard","meta":{"footnotes":""},"categories":[16],"tags":[423],"class_list":["post-6030","post","type-post","status-publish","format-standard","has-post-thumbnail","hentry","category-la-cara-amiga","tag-la-cara-amiga-de-jacqueline-paredes-parte-ii"],"_links":{"self":[{"href":"https:\/\/heidysandovalruiz.com\/index.php?rest_route=\/wp\/v2\/posts\/6030","targetHints":{"allow":["GET"]}}],"collection":[{"href":"https:\/\/heidysandovalruiz.com\/index.php?rest_route=\/wp\/v2\/posts"}],"about":[{"href":"https:\/\/heidysandovalruiz.com\/index.php?rest_route=\/wp\/v2\/types\/post"}],"author":[{"embeddable":true,"href":"https:\/\/heidysandovalruiz.com\/index.php?rest_route=\/wp\/v2\/users\/4"}],"replies":[{"embeddable":true,"href":"https:\/\/heidysandovalruiz.com\/index.php?rest_route=%2Fwp%2Fv2%2Fcomments&post=6030"}],"version-history":[{"count":1,"href":"https:\/\/heidysandovalruiz.com\/index.php?rest_route=\/wp\/v2\/posts\/6030\/revisions"}],"predecessor-version":[{"id":6040,"href":"https:\/\/heidysandovalruiz.com\/index.php?rest_route=\/wp\/v2\/posts\/6030\/revisions\/6040"}],"wp:featuredmedia":[{"embeddable":true,"href":"https:\/\/heidysandovalruiz.com\/index.php?rest_route=\/wp\/v2\/media\/6031"}],"wp:attachment":[{"href":"https:\/\/heidysandovalruiz.com\/index.php?rest_route=%2Fwp%2Fv2%2Fmedia&parent=6030"}],"wp:term":[{"taxonomy":"category","embeddable":true,"href":"https:\/\/heidysandovalruiz.com\/index.php?rest_route=%2Fwp%2Fv2%2Fcategories&post=6030"},{"taxonomy":"post_tag","embeddable":true,"href":"https:\/\/heidysandovalruiz.com\/index.php?rest_route=%2Fwp%2Fv2%2Ftags&post=6030"}],"curies":[{"name":"wp","href":"https:\/\/api.w.org\/{rel}","templated":true}]}}