{"id":6049,"date":"2019-02-22T01:20:38","date_gmt":"2019-02-22T01:20:38","guid":{"rendered":"http:\/\/heidysandovalruiz.com\/?p=6049"},"modified":"2019-02-22T01:20:38","modified_gmt":"2019-02-22T01:20:38","slug":"guatemala-mueren-dos-grandes-talentos","status":"publish","type":"post","link":"https:\/\/heidysandovalruiz.com\/?p=6049","title":{"rendered":"Guatemala: mueren dos grandes talentos"},"content":{"rendered":"<p style=\"text-align: justify;\"><strong>Guatemala: mueren dos grandes talentos<\/strong><\/p>\n<p style=\"text-align: justify;\">Siempre se van los buenos, los \u00fatiles para el pa\u00eds, que se debate en la crisis pol\u00edtica y social m\u00e1s espantosa de los \u00faltimos a\u00f1os.<\/p>\n<p style=\"text-align: justify;\"><strong>Pluma invitada: Miguel \u00c1ngel Albizures<\/strong><\/p>\n<p style=\"text-align: justify;\">Recientemente en Guatemala se tuvo dos p\u00e9rdidas irreparables, primero nos sorprendi\u00f3 la partida del poeta Humberto Ak\u2019abal y luego la del dramaturgo, director teatral, poeta, escritor y gran declamador V\u00edctor Hugo Cruz. Ambos hicieron historia en el pa\u00eds y en el extranjero, ambos amaron a Guatemala entra\u00f1ablemente y ambos, desde su campo, expresaron con fuerza los sufrimientos del pueblo y le se\u00f1alaron el camino para liberarse de la eterna opresi\u00f3n que padece.<\/p>\n<p style=\"text-align: justify;\">No debe uno desearle la muerte a nadie, pero nada hubiera pasado si se va de este mundo, uno de los tantos pol\u00edticos ambiciosos o corruptos que andan por las calles del pa\u00eds haciendo ofrecimientos y burl\u00e1ndose de la credibilidad y desdichas de los guatemaltecos, pero no, siempre se van los buenos, los \u00fatiles para el pa\u00eds, que se debate en la crisis pol\u00edtica y social m\u00e1s espantosa de los \u00faltimos a\u00f1os. Ah\u00ed est\u00e1n los diputados gritando improperios contra el Procurador de los Derechos Humanos y rebuscando la forma de deshacerse de \u00e9l porque no se ha plegado a sus intereses, pero adem\u00e1s, est\u00e1n intentando reformar la Ley de Reconciliaci\u00f3n Nacional, para que sus compinches queden libres, quieren perdonar, por decreto, a los cr\u00edmenes de lesa humanidad.<a href=\"https:\/\/heidysandovalruiz.com\/wp-content\/uploads\/2019\/02\/HUMBERTO3.jpg\"><img loading=\"lazy\" decoding=\"async\" class=\"size-full wp-image-6051 alignright\" src=\"https:\/\/heidysandovalruiz.com\/wp-content\/uploads\/2019\/02\/HUMBERTO3.jpg\" alt=\"HUMBERTO3\" width=\"299\" height=\"168\" \/><\/a><\/p>\n<p style=\"text-align: justify;\">Quiz\u00e1 por eso Ak\u2019abal, escribi\u00f3 el poema \u201cLa Flor amarilla de los sepulcros\u201d y se\u00f1al\u00f3 claramente en un trozo del poema: \u201cAqu\u00ed nadie quiere paz, aqu\u00ed hay hambre de muerte, los hombres est\u00e1n ciegos, las leyes est\u00e1n sordas, los caminos est\u00e1n torcidos\u2026 La noche no da muestras de acabar, la muerte anda borracha hart\u00e1ndose de sangre, las sombras del crimen extienden sus alas y tapan la luz, murci\u00e9lagos danzan entre olas de odio\u2026\u201d<\/p>\n<p style=\"text-align: justify;\">Mientras que V\u00edctor Hugo, nunca se cans\u00f3 de gritar una y mil veces, en pleno parque central y otras tarimas de denuncia: \u201cV\u00e1monos patria a caminar, yo te acompa\u00f1o. Yo bajar\u00e9 los abismos que me digas. Yo beber\u00e9 tus c\u00e1lices amargos. Yo me quedar\u00e9 ciego para que tengas ojos. Yo me quedar\u00e9 sin voz para que t\u00fa cantes. Yo he de morir para que t\u00fa no mueras, para que emerja tu rostro flameando al horizonte de cada flor que nazca de mis huesos\u201d. Todo para hacer honor al poeta Otto Ren\u00e9 Castillo. V\u00edctor Hugo, rescat\u00f3 del olvido mucho de lo heredado por el gran dramaturgo Manuel Galich, que antecediera a los dos y muriera en el exilio, como muchos otros talentos guatemaltecos obligados a vivir lejos de su patria.<\/p>\n<p style=\"text-align: justify;\"><a href=\"https:\/\/heidysandovalruiz.com\/wp-content\/uploads\/2019\/02\/VHC4.jpg\"><img loading=\"lazy\" decoding=\"async\" class=\"size-full wp-image-6052 alignleft\" src=\"https:\/\/heidysandovalruiz.com\/wp-content\/uploads\/2019\/02\/VHC4.jpg\" alt=\"VHC4\" width=\"275\" height=\"183\" \/><\/a>La Usac, para despedirlo, le hizo un c\u00e1lido homenaje en la Plaza V\u00edctor Hugo Cruz, en el Paraninfo Universitario y se ten\u00eda previsto hacerle entrega de una placa el 9 de julio, d\u00eda de su cumplea\u00f1os, pero seg\u00fan nos cont\u00f3 V\u00edctor Hugo, cuatro d\u00edas antes de su fallecimiento, \u00e9l ya present\u00eda que no llegar\u00eda a este homenaje, pero deseaba que se terminara el v\u00eddeo que se ten\u00eda previsto presentar, y que finalmente fue el que sirvi\u00f3 para el \u00faltimo adi\u00f3s al entra\u00f1able amigo. Un abrazo a sus familiares, compartiendo el dolor de la p\u00e9rdida de los amigos.<\/p>\n","protected":false},"excerpt":{"rendered":"<div class=\"mh-excerpt\"><p>Guatemala: mueren dos grandes talentos Siempre se van los buenos, los \u00fatiles para el pa\u00eds, que se debate en la crisis pol\u00edtica y social m\u00e1s <a class=\"mh-excerpt-more\" href=\"https:\/\/heidysandovalruiz.com\/?p=6049\" title=\"Guatemala: mueren dos grandes talentos\">[&#8230;]<\/a><\/p>\n<\/div>","protected":false},"author":4,"featured_media":6050,"comment_status":"closed","ping_status":"closed","sticky":false,"template":"","format":"standard","meta":{"footnotes":""},"categories":[63],"tags":[425],"class_list":["post-6049","post","type-post","status-publish","format-standard","has-post-thumbnail","hentry","category-varios","tag-guatemala-mueren-dos-grandes-talentos"],"_links":{"self":[{"href":"https:\/\/heidysandovalruiz.com\/index.php?rest_route=\/wp\/v2\/posts\/6049","targetHints":{"allow":["GET"]}}],"collection":[{"href":"https:\/\/heidysandovalruiz.com\/index.php?rest_route=\/wp\/v2\/posts"}],"about":[{"href":"https:\/\/heidysandovalruiz.com\/index.php?rest_route=\/wp\/v2\/types\/post"}],"author":[{"embeddable":true,"href":"https:\/\/heidysandovalruiz.com\/index.php?rest_route=\/wp\/v2\/users\/4"}],"replies":[{"embeddable":true,"href":"https:\/\/heidysandovalruiz.com\/index.php?rest_route=%2Fwp%2Fv2%2Fcomments&post=6049"}],"version-history":[{"count":1,"href":"https:\/\/heidysandovalruiz.com\/index.php?rest_route=\/wp\/v2\/posts\/6049\/revisions"}],"predecessor-version":[{"id":6053,"href":"https:\/\/heidysandovalruiz.com\/index.php?rest_route=\/wp\/v2\/posts\/6049\/revisions\/6053"}],"wp:featuredmedia":[{"embeddable":true,"href":"https:\/\/heidysandovalruiz.com\/index.php?rest_route=\/wp\/v2\/media\/6050"}],"wp:attachment":[{"href":"https:\/\/heidysandovalruiz.com\/index.php?rest_route=%2Fwp%2Fv2%2Fmedia&parent=6049"}],"wp:term":[{"taxonomy":"category","embeddable":true,"href":"https:\/\/heidysandovalruiz.com\/index.php?rest_route=%2Fwp%2Fv2%2Fcategories&post=6049"},{"taxonomy":"post_tag","embeddable":true,"href":"https:\/\/heidysandovalruiz.com\/index.php?rest_route=%2Fwp%2Fv2%2Ftags&post=6049"}],"curies":[{"name":"wp","href":"https:\/\/api.w.org\/{rel}","templated":true}]}}