{"id":6054,"date":"2019-02-25T18:00:50","date_gmt":"2019-02-25T18:00:50","guid":{"rendered":"http:\/\/heidysandovalruiz.com\/?p=6054"},"modified":"2019-02-25T19:31:55","modified_gmt":"2019-02-25T19:31:55","slug":"la-cara-amiga-de-daniela-arguello","status":"publish","type":"post","link":"https:\/\/heidysandovalruiz.com\/?p=6054","title":{"rendered":"La cara amiga de \u00abDaniela Arg\u00fcello\u00bb"},"content":{"rendered":"<p style=\"text-align: justify;\">En la \u201c<strong>Cara amiga de los invitados de Heidy<\/strong>\u201d, presento en esta oportunidad a una joven artista que ya empieza a dejar huella en la producci\u00f3n audiovisual de nuestro pa\u00eds. So\u00f1adora y apasionada por lo que realiza <strong>Daniela\u00a0Arg\u00fcello<\/strong>\u00a0contar\u00e1 en este espacio parte de su vida personal y art\u00edstica y de algunos temas que conversar\u00e1 por primera vez. Ella nos compartir\u00e1 como surgi\u00f3 la inquietud de inclinarse por este arte y como ha logrado colocar su trabajo en un lugar importante. De esto y de mucho m\u00e1s conoceremos en la historia de nuestra invitada. Bienvenida a este espacio donde se puede decir lo que se quiere y en otros lados no se puede.<\/p>\n<p style=\"text-align: justify;\"><strong>\u00bfC\u00f3mo fue la ni\u00f1ez de Daniela? \u00bfQu\u00e9 recuerdos vienen a tu mente al lado de tus padres?<\/strong> Mis pap\u00e1s me llevaban al cine todos los domingos a ver las nuevas pel\u00edculas y con mi hermana hac\u00edamos pel\u00edculas en el jard\u00edn con los perros. Un mundo rodeado por el cine.<\/p>\n<p style=\"text-align: justify;\"><strong>\u00bfO sea que te gust\u00f3 el cine desde peque\u00f1a? \u00bfC\u00f3mo te apoyaron tus pap\u00e1s?<\/strong> Si desde el d\u00eda que nac\u00ed creo que me ha gustado el cine. Comenc\u00e9 hacer pel\u00edculas cuando ten\u00eda 6 a\u00f1os y me recuerdo viendo pel\u00edculas una y otra vez. Uno de mis lugares favoritos en Guatemala era blockbuster.<\/p>\n<figure id=\"attachment_6056\" aria-describedby=\"caption-attachment-6056\" style=\"width: 300px\" class=\"wp-caption alignright\"><a href=\"https:\/\/heidysandovalruiz.com\/wp-content\/uploads\/2019\/02\/43095415_10156392233021049_3874277774797570048_n.jpg\"><img loading=\"lazy\" decoding=\"async\" class=\"wp-image-6056 size-medium\" src=\"https:\/\/heidysandovalruiz.com\/wp-content\/uploads\/2019\/02\/43095415_10156392233021049_3874277774797570048_n-300x300.jpg\" alt=\"43095415_10156392233021049_3874277774797570048_n\" width=\"300\" height=\"300\" srcset=\"https:\/\/heidysandovalruiz.com\/wp-content\/uploads\/2019\/02\/43095415_10156392233021049_3874277774797570048_n-300x300.jpg 300w, https:\/\/heidysandovalruiz.com\/wp-content\/uploads\/2019\/02\/43095415_10156392233021049_3874277774797570048_n-150x150.jpg 150w, https:\/\/heidysandovalruiz.com\/wp-content\/uploads\/2019\/02\/43095415_10156392233021049_3874277774797570048_n.jpg 810w\" sizes=\"auto, (max-width: 300px) 100vw, 300px\" \/><\/a><figcaption id=\"caption-attachment-6056\" class=\"wp-caption-text\"><strong>Los padres de Daniela la apoyan y participan en sus proyectos<\/strong><\/figcaption><\/figure>\n<p style=\"text-align: justify;\"><strong>\u00bfD\u00f3nde vives tu adolescencia?<\/strong> Cuando cumpl\u00ed los 13 me mud\u00e9 a Miami por el trabajo de mi papa y estuve all\u00ed hasta graduarme del colegio.<\/p>\n<p style=\"text-align: justify;\"><strong>\u00bfQu\u00e9 te inclin\u00f3 a hacerlo? <\/strong>Comenc\u00e9 hacer pel\u00edculas cuando ten\u00eda 6 a\u00f1os. No s\u00e9 que me inclin\u00f3 hacerlo siempre me ha gustado y desde que me acuerdo el cine es mi vida. Es parte de m\u00ed.<\/p>\n<p style=\"text-align: justify;\"><strong>\u00bfEn d\u00f3nde recibes clases de cine? <\/strong>Hice un certificado de direcci\u00f3n de cine en UCLA. Termin\u00e9 en el 2016.<\/p>\n<p style=\"text-align: justify;\"><strong>\u00bfCu\u00e1l es el primer el cortometraje que presentas profesionalmente? \u00bfRecuerdas ese momento?<\/strong> Se llama The List &#8211; sobre un detective que salva la navidad. Lo hice con mis amigos en la florida un fin de semana. Lo hicimos por diversi\u00f3n y la pasi\u00f3n del cine nunca esperamos ganar en el festival de Palm Beach pero al ganar fue como una se\u00f1al que est\u00e1bamos en el camino correcto y continuamos haciendo m\u00e1s cortos.<\/p>\n<p style=\"text-align: justify;\"><strong>Hablando de 2,500 Kms. \u00bfQu\u00e9 papel desempe\u00f1aste en esta producci\u00f3n? \u00bfC\u00f3mo fue recibida por el p\u00fablico?<\/strong> Directora, escritora, cinemat\u00f3grafa, productora y editora. El screening de Guatemala nos fue fant\u00e1stico no cab\u00edan las personas en la sala de cine y en Estados Unidos estaban asombrados de ver una pel\u00edcula e historia de Guatemala.<\/p>\n<p style=\"text-align: justify;\"><strong>\u00bfHas recibido reconocimientos por tu trabajo?<\/strong> S\u00ed. Hemos estado en festivales en Estados Unidos, Europa y Australia. Las \u00faltimas dos pel\u00edculas 2500km y Sra. Genovese fueron exhibidas en la academia de los Oscares y ahora est\u00e1n en HBO.<\/p>\n<p style=\"text-align: justify;\"><strong><a href=\"https:\/\/heidysandovalruiz.com\/wp-content\/uploads\/2019\/02\/24909686_10155646334796049_7187409507978009891_n.jpg\"><img loading=\"lazy\" decoding=\"async\" class=\"size-medium wp-image-6057 alignleft\" src=\"https:\/\/heidysandovalruiz.com\/wp-content\/uploads\/2019\/02\/24909686_10155646334796049_7187409507978009891_n-300x168.jpg\" alt=\"24909686_10155646334796049_7187409507978009891_n\" width=\"300\" height=\"168\" srcset=\"https:\/\/heidysandovalruiz.com\/wp-content\/uploads\/2019\/02\/24909686_10155646334796049_7187409507978009891_n-300x168.jpg 300w, https:\/\/heidysandovalruiz.com\/wp-content\/uploads\/2019\/02\/24909686_10155646334796049_7187409507978009891_n.jpg 960w\" sizes=\"auto, (max-width: 300px) 100vw, 300px\" \/><\/a>\u00bfA prop\u00f3sito c\u00f3mo logras incursionar con tu trabajo en la cadena HBO? <\/strong>HBO nos contact\u00f3 despu\u00e9s de lanzar 2500km y les interes\u00f3 la pel\u00edcula. Quer\u00edan ver m\u00e1s contenido de Latino Am\u00e9rica y nos impuls\u00f3 a hacer la Sra. Genovese que ahora est\u00e1 tambi\u00e9n en el canal.<\/p>\n<p style=\"text-align: justify;\"><strong>Si te digo \u201cTwenty-four productions\u201d \u00bfQu\u00e9 traigo a tu mente? \u00bfC\u00f3mo surge? <\/strong>Fund\u00e9 Twenty-Four Productions en el 2012 bajo el concepto que todos tenemos 24 horas para seguir nuestros sue\u00f1os, re-inventarnos, y comenzar de nuevo.<\/p>\n<p style=\"text-align: justify;\"><strong>\u00bfQu\u00e9 sorpresas hay para tu pr\u00f3xima producci\u00f3n?<\/strong> No puedo comentar sobre la pr\u00f3xima producci\u00f3n. Estamos en proceso con un largometraje.<\/p>\n<p style=\"text-align: justify;\"><strong>\u00bfQu\u00e9 tema te gustar\u00eda abordar en un cortometraje?<\/strong> Sra. Genovese fue mi \u00faltimo cortometraje ahora nos estamos dedicando en largometrajes y series de TV.<\/p>\n<p style=\"text-align: justify;\"><strong>Hemos hablado con la artista pero y la mujer \u00bfQu\u00e9 haces cuando no est\u00e1s en la actividad de producci\u00f3n?<\/strong> Escribo guiones y veo pel\u00edculas.<\/p>\n<p style=\"text-align: justify;\"><strong>\u00bfD\u00f3nde radicas actualmente?<\/strong> Estados Unidos.<a href=\"https:\/\/heidysandovalruiz.com\/wp-content\/uploads\/2019\/02\/30415116_10155975381186049_1159334436240621568_n.jpg\"><img loading=\"lazy\" decoding=\"async\" class=\"alignright wp-image-6058 size-thumbnail\" src=\"https:\/\/heidysandovalruiz.com\/wp-content\/uploads\/2019\/02\/30415116_10155975381186049_1159334436240621568_n-150x150.jpg\" alt=\"30415116_10155975381186049_1159334436240621568_n\" width=\"150\" height=\"150\" srcset=\"https:\/\/heidysandovalruiz.com\/wp-content\/uploads\/2019\/02\/30415116_10155975381186049_1159334436240621568_n-150x150.jpg 150w, https:\/\/heidysandovalruiz.com\/wp-content\/uploads\/2019\/02\/30415116_10155975381186049_1159334436240621568_n-300x300.jpg 300w, https:\/\/heidysandovalruiz.com\/wp-content\/uploads\/2019\/02\/30415116_10155975381186049_1159334436240621568_n.jpg 683w\" sizes=\"auto, (max-width: 150px) 100vw, 150px\" \/><\/a><\/p>\n<p style=\"text-align: justify;\"><strong>\u00bfC\u00f3mo es un d\u00eda normal para t\u00ed?<\/strong> Un d\u00eda normal es estar escribiendo, o produciendo o algo relacionado con el cine.<\/p>\n<p style=\"text-align: justify;\"><strong>\u00bfQu\u00e9 proyectos tienes para este 2019?<\/strong> Estamos trabajando en un largometraje.<\/p>\n<p style=\"text-align: justify;\"><strong>\u00bfProfesionalmente cu\u00e1l es tu m\u00e1ximo\u00a0 sue\u00f1o?<\/strong> Dirijir Star Wars!<\/p>\n<p style=\"text-align: justify;\"><strong>\u00bfD\u00f3nde pueden conocer el trabajo de Daniela?<\/strong> <a href=\"http:\/\/www.24-films.com\">www.24-films.com<\/a><\/p>\n<p style=\"text-align: justify;\"><strong>\u00bfPuedes enviar un mensaje para las personas que lean esta entrevista?<\/strong> Todo es posible si tienes el coraje de ir por tus sue\u00f1os. No existen las fronteras.<\/p>\n<p><iframe loading=\"lazy\" title=\"2500Km (Official Trailer)\" src=\"https:\/\/player.vimeo.com\/video\/156064037?dnt=1&amp;app_id=122963\" width=\"500\" height=\"281\" frameborder=\"0\" allow=\"autoplay; fullscreen; picture-in-picture; clipboard-write\"><\/iframe><\/p>\n<p><iframe loading=\"lazy\" src=\"https:\/\/www.youtube.com\/embed\/v9yZ_8esq04\" width=\"560\" height=\"315\" frameborder=\"0\" allowfullscreen=\"allowfullscreen\"><\/iframe><\/p>\n<p style=\"text-align: justify;\">Les invitamos para que se unan al grupo de \u00abFotos de artistas y algo m\u00e1s de Guatemala para el Mundo\u00bb en este link <a href=\"http:\/\/on.fb.me\/1sn2wSf\">http:\/\/on.fb.me\/1sn2wSf<\/a> \u00a0\u00a0el cual tiene como prop\u00f3sito compartir videos, fotos, an\u00e9cdotas y todo lo de nuestros artistas en las diferentes d\u00e9cadas.<\/p>\n<p style=\"text-align: justify;\">Hemos creado el grupo \u201c<strong>Las entrevistas de Heidy<\/strong>\u201d que pueden localizar en<\/p>\n<p style=\"text-align: justify;\"><a href=\"https:\/\/www.facebook.com\/groups\/1443599465933701\/\">https:\/\/www.facebook.com\/groups\/1443599465933701\/<\/a><\/p>\n<p style=\"text-align: justify;\">Tambi\u00e9n ponemos a su disposici\u00f3n el grupo \u201c<strong>Un siglo de anuncios y algo m\u00e1s\u2026\u201d,<\/strong> un espacio donde pueden compartir o comentar los post que se publiquen <a href=\"http:\/\/on.fb.me\/1vASm2g\">http:\/\/on.fb.me\/1vASm2g<\/a><\/p>\n<p style=\"text-align: justify;\">Las entrevistas las pueden leer en los siguientes links:<\/p>\n<p style=\"text-align: justify;\"><a href=\"http:\/\/www.heidysandovalruiz.com\">http:\/\/www.heidysandovalruiz.com<\/a><\/p>\n<p style=\"text-align: justify;\"><a href=\"http:\/\/lasentrevistasdeheidy.blogspot.com\">http:\/\/lasentrevistasdeheidy.blogspot.com<\/a><\/p>\n<p style=\"text-align: justify;\"><a href=\"https:\/\/www.facebook.com\/pages\/Los-invitados-de-Heidy\/892159284204965?ref=hl\">https:\/\/www.facebook.com\/pages\/Los-invitados-de-Heidy\/892159284204965?ref=hl<\/a><\/p>\n<p style=\"text-align: justify;\"><strong>Entrevista realizada por Heidy Sandoval Ruiz<\/strong><\/p>\n","protected":false},"excerpt":{"rendered":"<div class=\"mh-excerpt\"><p>En la \u201cCara amiga de los invitados de Heidy\u201d, presento en esta oportunidad a una joven artista que ya empieza a dejar huella en la <a class=\"mh-excerpt-more\" href=\"https:\/\/heidysandovalruiz.com\/?p=6054\" title=\"La cara amiga de \u00abDaniela Arg\u00fcello\u00bb\">[&#8230;]<\/a><\/p>\n<\/div>","protected":false},"author":4,"featured_media":6055,"comment_status":"closed","ping_status":"closed","sticky":false,"template":"","format":"standard","meta":{"footnotes":""},"categories":[16],"tags":[426],"class_list":["post-6054","post","type-post","status-publish","format-standard","has-post-thumbnail","hentry","category-la-cara-amiga","tag-la-cara-amiga-de-daniela-arguello"],"_links":{"self":[{"href":"https:\/\/heidysandovalruiz.com\/index.php?rest_route=\/wp\/v2\/posts\/6054","targetHints":{"allow":["GET"]}}],"collection":[{"href":"https:\/\/heidysandovalruiz.com\/index.php?rest_route=\/wp\/v2\/posts"}],"about":[{"href":"https:\/\/heidysandovalruiz.com\/index.php?rest_route=\/wp\/v2\/types\/post"}],"author":[{"embeddable":true,"href":"https:\/\/heidysandovalruiz.com\/index.php?rest_route=\/wp\/v2\/users\/4"}],"replies":[{"embeddable":true,"href":"https:\/\/heidysandovalruiz.com\/index.php?rest_route=%2Fwp%2Fv2%2Fcomments&post=6054"}],"version-history":[{"count":2,"href":"https:\/\/heidysandovalruiz.com\/index.php?rest_route=\/wp\/v2\/posts\/6054\/revisions"}],"predecessor-version":[{"id":6060,"href":"https:\/\/heidysandovalruiz.com\/index.php?rest_route=\/wp\/v2\/posts\/6054\/revisions\/6060"}],"wp:featuredmedia":[{"embeddable":true,"href":"https:\/\/heidysandovalruiz.com\/index.php?rest_route=\/wp\/v2\/media\/6055"}],"wp:attachment":[{"href":"https:\/\/heidysandovalruiz.com\/index.php?rest_route=%2Fwp%2Fv2%2Fmedia&parent=6054"}],"wp:term":[{"taxonomy":"category","embeddable":true,"href":"https:\/\/heidysandovalruiz.com\/index.php?rest_route=%2Fwp%2Fv2%2Fcategories&post=6054"},{"taxonomy":"post_tag","embeddable":true,"href":"https:\/\/heidysandovalruiz.com\/index.php?rest_route=%2Fwp%2Fv2%2Ftags&post=6054"}],"curies":[{"name":"wp","href":"https:\/\/api.w.org\/{rel}","templated":true}]}}