{"id":6062,"date":"2019-03-03T22:48:04","date_gmt":"2019-03-03T22:48:04","guid":{"rendered":"http:\/\/heidysandovalruiz.com\/?p=6062"},"modified":"2019-09-17T22:50:51","modified_gmt":"2019-09-17T22:50:51","slug":"la-cara-amiga-de-rafael-hernandez-cabrera","status":"publish","type":"post","link":"https:\/\/heidysandovalruiz.com\/?p=6062","title":{"rendered":"La cara amiga de \u00abRafael Hern\u00e1ndez Cabrera\u00bb"},"content":{"rendered":"<p style=\"text-align: justify;\">En \u201c<strong>La cara amiga de los invitados de Heidy<\/strong>\u201d presento a ustedes datos importantes de la vida de <strong>Rafael Hern\u00e1ndez Cabrera<\/strong>, periodista y tambi\u00e9n presentador de Mayafar\u00e1ndula, segmento que promueve a los artistas y valores nacionales, adem\u00e1s es el autor del libro \u201cNuestro juramento\u201d.&nbsp; Originario de Jutiapa y de familia muy numerosa, de esto y m\u00e1s nos platicar\u00e1 nuestro invitado quien compartir\u00e1&nbsp; algunos aspectos que por primera vez salen a la luz.<\/p>\n<p style=\"text-align: justify;\">Doy la bienvenida a Rafa a este espacio donde se puede decir lo que se quiere y en otros lados no se puede.<\/p>\n<p style=\"text-align: justify;\"><strong>Para dar inicio a nuestra entrevista \u00bfCu\u00e9ntenos cu\u00e1l es el barrio donde crece y c\u00f3mo recuerda su n\u00facleo familiar? <\/strong>Crec\u00ed (aunque no mucho) en el Barrio \u201cEl C\u00f3ndor\u201d Jutiapa, soy el mayor de 10 hermanos, todos vivos (quiz\u00e1 unos m\u00e1s que otros) a pesar de lo numeroso, nunca nos falt\u00f3 lo b\u00e1sico, alimentaci\u00f3n, estudio y el amor de nuestros padres, ambos ejemplares, de esos que cuesta encontrar.<\/p>\n<p style=\"text-align: justify;\"><strong>Siendo tantos hermanos \u00bfC\u00f3mo se llevaban? <\/strong>De maravilla, todos muy unidos, mucho m\u00e1s que ahora de adultos, \u00e9ramos un equipo, solo nos faltaba el portero y el estadio nos quedaba a la vuelta de la esquina, estadio El C\u00f3ndor, ahora se llama Winston Pineda en honor de un gran amigo dirigente deportivo, que se nos adelant\u00f3\u2026<\/p>\n<p style=\"text-align: justify;\"><strong>\u00bfEn donde estudi\u00f3? \u00bfParticipaba en los actos de su colegio? <\/strong>P\u00e1rvulos en la escuela Eusebia Viuda de Padilla, primaria en Atescatempa, un pintoresco municipio fronterizo, cuyo parque lleva el nombre de mi padre Ra\u00fal Hern\u00e1ndez Arana y en la Escuela Tipo Federaci\u00f3n, Salom\u00f3n Carrillo Ram\u00edrez, el b\u00e1sico en el recordado IMEB de Jutiapa, bachillerato en el colegio Miguel \u00c1ngel Asturias ubicado en el Tr\u00e9bol, gracias a una beca de mi primo el profesor Daniel Hern\u00e1ndez Mend\u00eda, era el director, periodismo en la USAC, tambi\u00e9n becado por APG ya adulto; si participaba en actos c\u00edvicos , culturales y deportivos, lo m\u00edo era meter goles, me encantaba el futbol y no lo hac\u00eda mal, eso me ayudaba a superar mi timidez\u2026<\/p>\n<p style=\"text-align: justify;\"><strong>\u00bfC\u00f3mo surge en usted la inquietud de dedicarse al periodismo? <\/strong>Fue bajo la tutela de mi padre Ra\u00fal Hern\u00e1ndez Arana, un profesor rural que adem\u00e1s era periodista y escritor, tambi\u00e9n tuve influencia de Marco Tulio Garc\u00eda Manrique, ambos fallecidos, ellos me inculcaron el amor a la lectura antes que escribir, mi primera publicaci\u00f3n fue en el peri\u00f3dico \u201cCulma\u201d de Jutiapa, dirigido por Rigoberto Palma Soto.<a href=\"https:\/\/heidysandovalruiz.com\/wp-content\/uploads\/2019\/03\/16684065_1279469888767080_4619010363824251430_n.jpg\"><img loading=\"lazy\" decoding=\"async\" class=\"size-medium wp-image-6065 alignright\" src=\"https:\/\/heidysandovalruiz.com\/wp-content\/uploads\/2019\/03\/16684065_1279469888767080_4619010363824251430_n-300x285.jpg\" alt=\"16684065_1279469888767080_4619010363824251430_n\" width=\"300\" height=\"285\" srcset=\"https:\/\/heidysandovalruiz.com\/wp-content\/uploads\/2019\/03\/16684065_1279469888767080_4619010363824251430_n-300x285.jpg 300w, https:\/\/heidysandovalruiz.com\/wp-content\/uploads\/2019\/03\/16684065_1279469888767080_4619010363824251430_n.jpg 741w\" sizes=\"auto, (max-width: 300px) 100vw, 300px\" \/><\/a><\/p>\n<p style=\"text-align: justify;\"><strong>\u00bfCu\u00e1l es su primer trabajo period\u00edstico? <\/strong>Debut\u00e9&nbsp; como director del peri\u00f3dico juvenil \u201cDestellos Scout\u201d, ah\u00ed redact\u00e9 mis primeros art\u00edculos en 1969, recientemente visitando a la colega Mar\u00eda Eugenia Gordillo directora de la Hemeroteca Nacional encontr\u00e9 unos ejemplares empastados de ese peri\u00f3dico que este a\u00f1o cumplir\u00e1 50 a\u00f1os de publicado y me dio mucha satisfacci\u00f3n, pues mi padre me llev\u00f3 a entregar unos ejemplares al periodista Rigoberto Bran Azmitia y hoy est\u00e1n muy bien cuidados.<\/p>\n<p style=\"text-align: justify;\"><strong>Si le digo \u201clucha libre\u201d \u00bfQu\u00e9 traigo a su mente? <\/strong>\u00a1Ufff! una etapa muy grata de mi vida, como periodista deportivo cubriendo Lucha Libre, las peleas de Jos\u00e9 Azzari, Astro de oro, Rayo Chap\u00edn, Arriero de San Juan y tantas estrellas nacionales, nombres como El Santo, Blue Demos, Hurac\u00e1n Ram\u00edrez y otros de talla mundial, mis reportajes en Revista \u201cArena\u201d, Revista \u201cLucha\u201d, como corresponsal de Revista \u201cBox y Lucha\u201d de M\u00e9xico, de \u201cJapan Wrestling\u201d de Jap\u00f3n, tantos recuerdos, comentando y narrando para la televisi\u00f3n al lado de figuras como Enrique Bremmerman, en radio al lado del colega Mike Gonz\u00e1lez, con Carlos Garc\u00eda Urrea, que se nos adelant\u00f3, muchos recuerdo mi querida Heidy, muchos recuerdos, pero sobretodo muchos amigos que hasta la fecha nos comunicamos para recordar la \u00e9poca de oro del deporte del costalazo y los piquetes a los ojos\u2026<\/p>\n<p style=\"text-align: justify;\"><strong>\u00bfEn qu\u00e9 otros medios de comunicaci\u00f3n ha trabajado? <\/strong>Quiz\u00e1 no sean muchos, pero me dejaron una huella indeleble\u2026el recordado Diario \u201cEl Gr\u00e1fico, de Jorge Carpio Nicolle, en la secci\u00f3n deportiva del colega Erwin M\u00e9rida, recuerdo que a trav\u00e9s de mi secci\u00f3n Esquina Neutral, logramos&nbsp; el apoyo de Aviateca para el monta\u00f1ista Mario Valdivieso que deb\u00eda tratar su paraplejia en USA; en Canal 13 en la franja de Lucha Libre, el narrador era Enrique Bremmerman y este servidor como comentarista, posteriormente en Canal 5 en el programa Lucha Libre y algo m\u00e1s, yo como narrador y Oswaldo Johnston en los comentarios, en 1994 Don \u00c1ngel Vel\u00e1squez, promotor de Arena El Salvador, me contrat\u00f3 para narrar 4 programas en Canal 18 de El Salvador y me qued\u00e9 4 a\u00f1os, donde tambi\u00e9n dirig\u00ed la Revista Lucha Libre y escrib\u00ed para los diarios \u201cM\u00e1s\u201d y \u201cCoLatino\u201d del pulgarcito de Am\u00e9rica, all\u00e1 tambi\u00e9n dej\u00e9 muchos amigos que a\u00fan recuerdan esa \u00e9poca en Arena El Salvador.<\/p>\n<p style=\"text-align: justify;\"><a href=\"https:\/\/heidysandovalruiz.com\/wp-content\/uploads\/2019\/03\/18519432_1376354392411962_2570033573728920830_n.jpg\"><img loading=\"lazy\" decoding=\"async\" class=\"size-medium wp-image-6066 alignleft\" src=\"https:\/\/heidysandovalruiz.com\/wp-content\/uploads\/2019\/03\/18519432_1376354392411962_2570033573728920830_n-300x221.jpg\" alt=\"18519432_1376354392411962_2570033573728920830_n\" width=\"300\" height=\"221\" srcset=\"https:\/\/heidysandovalruiz.com\/wp-content\/uploads\/2019\/03\/18519432_1376354392411962_2570033573728920830_n-300x221.jpg 300w, https:\/\/heidysandovalruiz.com\/wp-content\/uploads\/2019\/03\/18519432_1376354392411962_2570033573728920830_n.jpg 819w\" sizes=\"auto, (max-width: 300px) 100vw, 300px\" \/><\/a>He escrito columnas de opini\u00f3n, para Revista Marnews de Venezuela, para la Revista OMI (Organizaci\u00f3n Mar\u00edtima Internacional), para Revista Newport de M\u00e9xico; las \u00faltimas 2 d\u00e9cadas me he desempe\u00f1ado como Relacionista P\u00fablico de Empresa Portuaria Quetzal, combinando mis actividades como conferencista en la Universidad Aut\u00f3noma de Guerrero, en Acapulco, M\u00e9xico, en la Universidad Tecnol\u00f3gica de El Salvador compartimos con Ismael Cala temas de comunicaci\u00f3n, en la Universidad Aut\u00f3noma de Santo Domingo, Rep\u00fablica Dominicana UASD, disertando con el Doctor Luesmil Castor Paniagua y en el Instituto&nbsp; IFGLA del Doctor Alcedo Magar\u00edn, tambi\u00e9n en la Isla Sagrada.<\/p>\n<p style=\"text-align: justify;\"><strong>Su trabajo ha sido una constante y un profesional con visi\u00f3n \u00bfC\u00f3mo nace la idea de iniciar Mayafar\u00e1ndula? <\/strong>Eso es m\u00e1s reciente, con el colega Rony Osorio a trav\u00e9s de canal 34 surgi\u00f3 la franja Mayafar\u00e1ndula, todos los s\u00e1bados presentamos un artista determinado con su biograf\u00eda y videos de sus \u00e9xitos, ahora ya no se estila hablar mucho del artista, los animadores de programas musicales solo pasan saludos y muchas veces ni siquiera dicen quien canta, mucho menos datos biogr\u00e1ficos, de esa cuenta el programa ha tenido aceptaci\u00f3n en la regi\u00f3n sur, donde se sintoniza la frecuencia por cable y por la web por <a href=\"http:\/\/www.telemaya.com\">www.telemaya.com<\/a> para el resto del mundo, tambi\u00e9n las biograf\u00edas de encuentran en YouTube, ya tuvimos una llamada de la hija de Miriam Cruz, la vocalista de las \u201cChicas del Can\u201d mientras transmit\u00edamos el programa de esa merenguera dominicana y recientemente cuando transmit\u00eda la biograf\u00eda de Roberto Rey, recibimos su llamada al aire, eso es muy satisfactorio para un canal de provincia, hay muy buenos comentarios del programa y eso estimula para seguir adelante, en la actualidad se retransmite los d\u00edas jueves a las 19.00 horas.<\/p>\n<p style=\"text-align: justify;\"><strong>\u00bfC\u00f3mo elige a sus invitados? <\/strong>Esa es tarea de mi productora, la periodista Raisy Senois, quien selecciona al artista de la semana y las melod\u00edas, hemos presentado artistas de la talla de Ricardo Arjona, Roberto Rey, Elizabeth, entre los nacionales, las mejores bandas del momento, la Trakalosa de Monterrey, Banda MS, Julion \u00c1lvarez, Pedro Infante, Miriam Cruz, en fin, recorremos todos los ritmos, bachateros, merengueros, rancheros, rom\u00e1nticos como Sandro, es una biograf\u00eda que nos piden que se repita y otras\u2026<\/p>\n<p style=\"text-align: justify;\"><strong>\u00bfEntabla amistad con algunos artistas? \u00bfC\u00f3mo qui\u00e9nes? <\/strong>Si por supuesto, hay muchos artistas con quien nos une amistad de muchos a\u00f1os, Ricardo Arjona desde sus inicios, Roberto Rey, \u00c1lvaro Torres, incluso fuimos amigos con Eduardo Franco la voz original de los Iracundos de Uruguay (QEPD), Edgar Trejo (QEPD) vocalista de \u201cLos Apaches\u201d de Usulut\u00e1n El Salvador, con Fidel Funes desde sus inicios, a trav\u00e9s de Paquito D\u00edaz (QEPD) y muchos otros, recientemente convivimos con Walter Villatoro que adem\u00e1s de cantar ha hecho muchas pel\u00edculas guatemaltecas.<a href=\"https:\/\/heidysandovalruiz.com\/wp-content\/uploads\/2019\/03\/11638506_850483485047786_526951000_o.jpg\"><img loading=\"lazy\" decoding=\"async\" class=\"size-medium wp-image-6067 alignright\" src=\"https:\/\/heidysandovalruiz.com\/wp-content\/uploads\/2019\/03\/11638506_850483485047786_526951000_o-300x225.jpg\" alt=\"11638506_850483485047786_526951000_o\" width=\"300\" height=\"225\" srcset=\"https:\/\/heidysandovalruiz.com\/wp-content\/uploads\/2019\/03\/11638506_850483485047786_526951000_o-300x225.jpg 300w, https:\/\/heidysandovalruiz.com\/wp-content\/uploads\/2019\/03\/11638506_850483485047786_526951000_o-1024x768.jpg 1024w, https:\/\/heidysandovalruiz.com\/wp-content\/uploads\/2019\/03\/11638506_850483485047786_526951000_o.jpg 1280w\" sizes=\"auto, (max-width: 300px) 100vw, 300px\" \/><\/a><\/p>\n<p style=\"text-align: justify;\"><strong>Hablando de programas de TV \u00bfRecuerda el programa \u201cCampi\u00f1a\u201d u otro nacional? <\/strong>Por supuesto \u201cCampi\u00f1a\u201d acaparaba la atenci\u00f3n nacional, era un toque de queda, primero con Chalo Hern\u00e1ndez y posteriormente con Jorgito M\u00e9ndez, al final recuerdo a Edgar Gudiel conduci\u00e9ndolo, qui\u00e9n no recuerda a \u201cTaco y Chalillo\u201d y sus sketch, la Valeria como sobreviviente de esa etapa; despu\u00e9s \u201cVenga con Chalo Venga\u201d indiscutibles precursores con menos recursos que en la actualidad, pero con mayor entrega\u2026<\/p>\n<p style=\"text-align: justify;\"><strong>Ahora hablemos de \u201cNuestro juramento\u201d\u2026\u00bfPuede contarnos de su libro? <\/strong>Un tema rom\u00e1ntico que al final destaca algunos consejos para la pareja, en su momento creo que tuvo aceptaci\u00f3n, se agot\u00f3 y eso para un escritor es halagador, actualmente hay otros temas que pr\u00f3ximamente estar\u00e1n en imprenta si Dios me lo permite<\/p>\n<p style=\"text-align: justify;\"><strong>Ahhhh pero la fotograf\u00eda tambi\u00e9n es uno de sus fuertes \u00bfQu\u00e9 nos comenta al respecto? <\/strong>En mis inicios en el periodismo era uno de mis fuertes como reportero gr\u00e1fico, en la actualidad me ha tocado dar algunos cursos de fotograf\u00eda, aunque todo aquello del revelado en cuarto oscuro, qued\u00f3 muy atr\u00e1s, la era digital vino a revolucionar y hasta con un celular hacen tomas incre\u00edbles, pero jam\u00e1s podremos desbancar a un Diego Molina o a Ricardo Mata, por muy buen celular que se tenga a mano, en fotograf\u00eda deportiva especializada en Lucha Libre yo recuerdo especialmente al periodista y dramaturgo Antonio Garc\u00eda Urrea, V\u00edctor Cruz, Juan de Dios Tax, Francisco Azurdia \u201cM\u00edster Foto\u201d, Manuel Castillo P\u00e1iz, ellos compartieron conmigo haciendo fotos espectaculares.<\/p>\n<p style=\"text-align: justify;\"><strong><a href=\"https:\/\/heidysandovalruiz.com\/wp-content\/uploads\/2019\/03\/20799877_1460646057316128_6316377083478550593_n.jpg\"><img loading=\"lazy\" decoding=\"async\" class=\"size-medium wp-image-6068 alignleft\" src=\"https:\/\/heidysandovalruiz.com\/wp-content\/uploads\/2019\/03\/20799877_1460646057316128_6316377083478550593_n-300x236.jpg\" alt=\"20799877_1460646057316128_6316377083478550593_n\" width=\"300\" height=\"236\" srcset=\"https:\/\/heidysandovalruiz.com\/wp-content\/uploads\/2019\/03\/20799877_1460646057316128_6316377083478550593_n-300x236.jpg 300w, https:\/\/heidysandovalruiz.com\/wp-content\/uploads\/2019\/03\/20799877_1460646057316128_6316377083478550593_n.jpg 792w\" sizes=\"auto, (max-width: 300px) 100vw, 300px\" \/><\/a>\u00bfQu\u00e9 le gusta hacer&nbsp; cuando no est\u00e1 en labores period\u00edsticas? <\/strong>Viajar, buscar playas y arena disfrutar de la soledad, todo humano necesita en alg\u00fan momento estar solo.<\/p>\n<p style=\"text-align: justify;\"><strong>\u00bfAlguna vez ha tenido barreras para lograr lo que se propone? <\/strong>Pareciera que nac\u00ed para nadar contra la corriente, pero a\u00fan no hay una barrera que no haya podido franquear<\/p>\n<p style=\"text-align: justify;\"><strong>\u00bfHa tenido reconocimientos? <\/strong>Si, nacionales e internacionales mi gratitud a las instituciones y personas que&nbsp; los han hecho en vida, los homenajes p\u00f3stumos no van conmigo<\/p>\n<p style=\"text-align: justify;\"><strong>Pero en la vida tenemos momentos duros que nos marcan \u00bfHa tenido alguno? <\/strong>Efectivamente los momentos duros nos marcan, pero lo que no mata te hace m\u00e1s fuerte\u2026<\/p>\n<p style=\"text-align: justify;\"><strong>\u00bfTiene alg\u00fan significado para usted la Rep\u00fablica Dominicana? <\/strong>Indiscutiblemente mi segunda patria.<\/p>\n<p style=\"text-align: justify;\"><strong>\u00bfQu\u00e9 mensaje puede enviar a las personas que lean la entrevista? <\/strong>Que no desmayen jam\u00e1s, nunca pierdan la fe, Dios nos tiene algo para el d\u00eda siguiente, aunque nosotros lo queremos hoy, el tiempo de \u00e9l es inexorable aunque de momento no lo entendamos, cuando parece que todo est\u00e1 perdido y que no veremos la luz al final del t\u00fanel\u2026debemos decir como Filipenses 4-13: \u201cTodo lo puedo en Cristo que me fortalece\u2026<\/p>\n<p style=\"text-align: justify;\">Agradezco a Rafael Hern\u00e1ndez Cabrera el haber compartido parte de sus sue\u00f1os, sus emociones, sus actividades y otras cositas m\u00e1s. Le deseamos \u00e9xitos en lo que se proponga y como le digo cuando nos reunimos \u00f1aca \u00f1aca \u00f1aca.&nbsp; Saludos mi estimado amigo.<\/p>\n<p style=\"text-align: justify;\"><strong>Entrevista realizada por Heidy Sandoval Ruiz<\/strong><\/p>\n<p><iframe loading=\"lazy\" width=\"560\" height=\"315\" src=\"https:\/\/www.youtube.com\/embed\/Hsy1bUMynPo\" frameborder=\"0\" allow=\"accelerometer; autoplay; encrypted-media; gyroscope; picture-in-picture\" allowfullscreen=\"\"><\/iframe><\/p>\n<p style=\"text-align: justify;\">Les invitamos para que se unan al grupo de \u00ab<strong>Artistas de Guatemala para el Mundo\u00bb<\/strong> en este link <a href=\"http:\/\/on.fb.me\/1sn2wSf\">http:\/\/on.fb.me\/1sn2wSf<\/a> &nbsp;&nbsp;el cual tiene como prop\u00f3sito compartir videos, fotos, an\u00e9cdotas y todo lo de nuestros artistas en las diferentes d\u00e9cadas.<\/p>\n<p style=\"text-align: justify;\">Hemos creado el grupo \u201c<strong>Las entrevistas de Heidy\u201d<\/strong> que pueden localizar en<\/p>\n<p style=\"text-align: justify;\"><a href=\"https:\/\/www.facebook.com\/groups\/1443599465933701\/\">https:\/\/www.facebook.com\/groups\/1443599465933701\/<\/a><\/p>\n<p style=\"text-align: justify;\">Tambi\u00e9n ponemos a su disposici\u00f3n el grupo \u201c<strong>Un siglo de anuncios y algo m\u00e1s\u2026\u201d,<\/strong> un espacio donde pueden compartir o comentar los post que se publiquen <a href=\"http:\/\/on.fb.me\/1vASm2g\">http:\/\/on.fb.me\/1vASm2g<\/a><\/p>\n<p style=\"text-align: justify;\"><strong>Las entrevistas las pueden leer en los siguientes links:<\/strong><\/p>\n<p style=\"text-align: justify;\"><a href=\"http:\/\/www.heidysandovalruiz.com\">http:\/\/www.heidysandovalruiz.com<\/a><\/p>\n<p style=\"text-align: justify;\"><a href=\"http:\/\/lasentrevistasdeheidy.blogspot.com\">http:\/\/lasentrevistasdeheidy.blogspot.com<\/a><\/p>\n<p style=\"text-align: justify;\"><a href=\"https:\/\/www.facebook.com\/pages\/Los-invitados-de-Heidy\/892159284204965?ref=hl\">https:\/\/www.facebook.com\/pages\/Los-invitados-de-Heidy\/892159284204965?ref=hl<\/a><\/p>\n","protected":false},"excerpt":{"rendered":"<div class=\"mh-excerpt\"><p>En \u201cLa cara amiga de los invitados de Heidy\u201d presento a ustedes datos importantes de la vida de Rafael Hern\u00e1ndez Cabrera, periodista y tambi\u00e9n presentador <a class=\"mh-excerpt-more\" href=\"https:\/\/heidysandovalruiz.com\/?p=6062\" title=\"La cara amiga de \u00abRafael Hern\u00e1ndez Cabrera\u00bb\">[&#8230;]<\/a><\/p>\n<\/div>","protected":false},"author":4,"featured_media":6064,"comment_status":"closed","ping_status":"closed","sticky":false,"template":"","format":"standard","meta":{"footnotes":""},"categories":[16],"tags":[427],"class_list":["post-6062","post","type-post","status-publish","format-standard","has-post-thumbnail","hentry","category-la-cara-amiga","tag-la-cara-amiga-de-rafael-hernandez-cabrera"],"_links":{"self":[{"href":"https:\/\/heidysandovalruiz.com\/index.php?rest_route=\/wp\/v2\/posts\/6062","targetHints":{"allow":["GET"]}}],"collection":[{"href":"https:\/\/heidysandovalruiz.com\/index.php?rest_route=\/wp\/v2\/posts"}],"about":[{"href":"https:\/\/heidysandovalruiz.com\/index.php?rest_route=\/wp\/v2\/types\/post"}],"author":[{"embeddable":true,"href":"https:\/\/heidysandovalruiz.com\/index.php?rest_route=\/wp\/v2\/users\/4"}],"replies":[{"embeddable":true,"href":"https:\/\/heidysandovalruiz.com\/index.php?rest_route=%2Fwp%2Fv2%2Fcomments&post=6062"}],"version-history":[{"count":4,"href":"https:\/\/heidysandovalruiz.com\/index.php?rest_route=\/wp\/v2\/posts\/6062\/revisions"}],"predecessor-version":[{"id":6385,"href":"https:\/\/heidysandovalruiz.com\/index.php?rest_route=\/wp\/v2\/posts\/6062\/revisions\/6385"}],"wp:featuredmedia":[{"embeddable":true,"href":"https:\/\/heidysandovalruiz.com\/index.php?rest_route=\/wp\/v2\/media\/6064"}],"wp:attachment":[{"href":"https:\/\/heidysandovalruiz.com\/index.php?rest_route=%2Fwp%2Fv2%2Fmedia&parent=6062"}],"wp:term":[{"taxonomy":"category","embeddable":true,"href":"https:\/\/heidysandovalruiz.com\/index.php?rest_route=%2Fwp%2Fv2%2Fcategories&post=6062"},{"taxonomy":"post_tag","embeddable":true,"href":"https:\/\/heidysandovalruiz.com\/index.php?rest_route=%2Fwp%2Fv2%2Ftags&post=6062"}],"curies":[{"name":"wp","href":"https:\/\/api.w.org\/{rel}","templated":true}]}}