{"id":6082,"date":"2019-03-18T03:40:31","date_gmt":"2019-03-18T03:40:31","guid":{"rendered":"http:\/\/heidysandovalruiz.com\/?p=6082"},"modified":"2019-03-18T03:40:31","modified_gmt":"2019-03-18T03:40:31","slug":"la-cara-amiga-de-evelyn-orellana","status":"publish","type":"post","link":"https:\/\/heidysandovalruiz.com\/?p=6082","title":{"rendered":"La cara amiga de \u00abEvelyn Orellana\u00bb"},"content":{"rendered":"<p style=\"text-align: justify;\">En nuestro espacio de la \u201c<strong>Cara amiga de los invitados de Heidy<\/strong>\u201d, en esta oportunidad presento a la escritora y poetisa <strong>Evelyn Adaly Orellana Orantes<\/strong>, a quien se le conoce en el nombre de las letras bajo el pseud\u00f3nimo de\u00a0 Daniela Mousik\u00e9.\u00a0 Ella nos platica de c\u00f3mo surge su pasi\u00f3n por las letras, de ese fuego interno que lleva y quiere plasmar para que se conozca su trabajo y lo que le inspira.\u00a0 De esto y m\u00e1s nos contar\u00e1 nuestra invitada.\u00a0 Doy la bienvenida a este espacio donde se puede decir lo que se quiere y en otros lados no se puede.<\/p>\n<p style=\"text-align: justify;\"><strong>Para iniciar nuestra entrevista me gustar\u00eda que nos contaras \u00bfC\u00f3mo recuerdas la etapa de tu ni\u00f1ez?<\/strong><\/p>\n<p style=\"text-align: justify;\">Heidy, mi ni\u00f1ez tuvo un poco de todo, momentos de alegr\u00eda, tristeza, soledad y compa\u00f1erismo.\u00a0 Me divert\u00eda en el colegio jugando con los pajaritos y corriendo en los grandes patios, estudi\u00e9 en un colegio donde hab\u00eda ni\u00f1as internas, casi todas eran hu\u00e9rfanas, eran muy herm\u00e9ticas y se juntaban s\u00f3lo entre ellas, yo luchaba por ganarme su confianza, ten\u00eda mucha empat\u00eda. Me llev\u00f3 tiempo pero logr\u00e9 ser amiga de ellas muchos a\u00f1os. Tambi\u00e9n recuerdo a un sanate, estaba ciego, pero ten\u00eda un amiguito muy especial, un gorri\u00f3n, todo el tiempo estaban juntos y cuando era hora de comer o beber, el gorri\u00f3n aleteaba frente al sanate y lo guiaba, pod\u00edan volar juntos, eran algo especial siendo de diferente especie.\u00a0 Pero lo m\u00e1s importante es que tuve la oportunidad de acercarme a Dios diariamente, pues el colegio era cat\u00f3lico y hab\u00eda misas a diario, mucha oraci\u00f3n y esto me ha acompa\u00f1ado y reconfortado siempre.<\/p>\n<p style=\"text-align: justify;\"><strong>\u00bfQu\u00e9 recuerdas del barrio de tu adolescencia?<\/strong><\/p>\n<p style=\"text-align: justify;\">Al principio fue muy solitario, nosotros \u00e9ramos la cuarta casa en toda \u00e9sa \u00e1rea. Es un sector de Mixco que reci\u00e9n estaban lotificando.\u00a0 En las vacaciones era muy fr\u00edo y soplaba el viento, pero era de mi agrado. Hab\u00eda mucho espacio donde correr y jugar. Recuerdo que hab\u00eda unos grandes \u00e1rboles de pino, eran gigantes y sol\u00edamos andar jugando entre ellos con mis hermanos. Jugaba con las ramas o con los frutos a hacer la comidita. Fue especial.<\/p>\n<p style=\"text-align: justify;\"><strong>\u00bfD\u00f3nde realizas tus estudios?<\/strong><\/p>\n<p style=\"text-align: justify;\">La primaria y b\u00e1sicos los estudi\u00e9 en el Mater Orphanorum (Madre de los hu\u00e9rfanos) colegio cat\u00f3lico.\u00a0 El bachillerato lo hice en el IBC y la Universidad\u00a0 estuve primero en la URL, ah\u00ed saqu\u00e9 3 a\u00f1os de Ingenier\u00eda en Sistemas, luego me traslad\u00e9 a la UMG donde cerr\u00e9 el pensum, esto debido a que ya estaba trabajando y el horario en la URL no me permit\u00eda hacerlo.\u00a0 Actualmente, estudio la Maestr\u00eda en E-learning en la UMG tambi\u00e9n. <a href=\"https:\/\/heidysandovalruiz.com\/wp-content\/uploads\/2019\/03\/2.jpg\"><img loading=\"lazy\" decoding=\"async\" class=\"size-medium wp-image-6086 alignright\" src=\"https:\/\/heidysandovalruiz.com\/wp-content\/uploads\/2019\/03\/2-300x225.jpg\" alt=\"2\" width=\"300\" height=\"225\" srcset=\"https:\/\/heidysandovalruiz.com\/wp-content\/uploads\/2019\/03\/2-300x225.jpg 300w, https:\/\/heidysandovalruiz.com\/wp-content\/uploads\/2019\/03\/2.jpg 480w\" sizes=\"auto, (max-width: 300px) 100vw, 300px\" \/><\/a><\/p>\n<p style=\"text-align: justify;\"><strong>\u00bfEn qu\u00e9 etapa de tu vida nace la inquietud por la poes\u00eda? \u00bfEscrib\u00edas poemas para tus amigas del colegio?<\/strong><\/p>\n<p style=\"text-align: justify;\">A los 16 a\u00f1os me inici\u00e9 en la poes\u00eda, estaba iniciando el bachillerato y eran las primeras veces que pod\u00eda viajar sola en un bus.\u00a0 Era una hora de solitario camino lo que me daba mucha oportunidad de conectarme con mis emociones que estaban a flor de piel, ah\u00ed se despert\u00f3 la poes\u00eda en m\u00ed, viendo el mundo a trav\u00e9s de las ventanas del bus.<\/p>\n<p style=\"text-align: justify;\">Mis amigas sol\u00edan pedirme que les llevara a diario nuevos poemas, algunas los usaban para enviar cartas de amor a otros compa\u00f1eros. Siempre estaban pendientes de mis nuevos versos. Escrib\u00ed para ellas una novela de amor, donde dos j\u00f3venes se conoc\u00edan y se enamoraban, era divertida tanta atenci\u00f3n.<\/p>\n<p style=\"text-align: justify;\">\u00bf<strong>Qu\u00e9 fue lo primero que te inspiro? \u00bfConservas ese poema?<\/strong><\/p>\n<p style=\"text-align: justify;\">El amor. Tuve una compa\u00f1era que se hab\u00eda enamorado completamente de un joven aviador, ellos eran novios oficiales y resulta que a \u00e9l le surgi\u00f3 la oportunidad de irse a trabajar a Australia con una l\u00ednea a\u00e9rea especial.\u00a0 Se separaron, pero ella lo amaba mucho, me dec\u00eda que siempre que pasaba un avi\u00f3n le dec\u00eda adi\u00f3s con la esperanza de que \u00e9l le llevara sus saludos a su amado.\u00a0 Esto me conmovi\u00f3 y escrib\u00ed unos versos sobre ellos\u2026 Le di los versos a ella y no hice copia, realmente no pens\u00e9 en \u00e9se momento que despu\u00e9s ser\u00eda algo tan importante en mi vida. Ya no recuerdo los versos, hace tanto tiempo ya, imag\u00ednate. Jajaja.<\/p>\n<p><strong><a href=\"https:\/\/heidysandovalruiz.com\/wp-content\/uploads\/2019\/03\/1.jpg\"><img loading=\"lazy\" decoding=\"async\" class=\"size-medium wp-image-6087 alignleft\" src=\"https:\/\/heidysandovalruiz.com\/wp-content\/uploads\/2019\/03\/1-300x225.jpg\" alt=\"1\" width=\"300\" height=\"225\" srcset=\"https:\/\/heidysandovalruiz.com\/wp-content\/uploads\/2019\/03\/1-300x225.jpg 300w, https:\/\/heidysandovalruiz.com\/wp-content\/uploads\/2019\/03\/1.jpg 480w\" sizes=\"auto, (max-width: 300px) 100vw, 300px\" \/><\/a>\u00bfD\u00f3nde has publicado tus primeros poemas?<\/strong><\/p>\n<p style=\"text-align: justify;\">En la URL, tuve la oportunidad de ser publicada en varios peri\u00f3dicos de la misma, pero el m\u00e1s importante y duradero fue en el peri\u00f3dico Vida Universitaria que a\u00fan se encuentra activo, en la secci\u00f3n voces, que era el \u00e1rea cultural, publicaron varias de mis poes\u00edas.\u00a0 Tambi\u00e9n, en el 1998, en un peri\u00f3dico peruano editado en Miami, que se llamaba PeruNews publicaron algunos de mis poemas.<\/p>\n<p style=\"text-align: justify;\"><strong>\u00bfC\u00f3mo combinas la Ingenier\u00eda en Sistemas, la Maestr\u00eda en Elearning con la poes\u00eda?<\/strong><\/p>\n<p style=\"text-align: justify;\">La poes\u00eda y la ingenier\u00eda se llevan muy bien conmigo, una inspira a la otra y me complementan, la tecnolog\u00eda me permite poder almacenar todas mis poes\u00edas, poder escribir donde quiera, con eso de los dispositivos m\u00f3viles, se me hace f\u00e1cil escribir un poema en mi tel\u00e9fono, guardarlo, corregirlo y almacenarlo mientras espero entrar a una reuni\u00f3n o espero a mis hijas. Si deseo compartirlos, f\u00e1cilmente ingreso a Facebook o whatsapp.\u00a0 En fin, creo que las dos son muy importantes para m\u00ed y disfruto ambos mundos.<\/p>\n<p style=\"text-align: justify;\"><strong>\u00bfCu\u00e1l es el mejor momento para que venga la inspiraci\u00f3n?<\/strong><\/p>\n<p style=\"text-align: justify;\">Los mejores momentos son cuando tengo un tiempo de soledad, puede ser en cualquier lugar en el que pueda \u00a0conectar conmigo y dejar fluir la poes\u00eda que siempre anda dentro de m\u00ed.<\/p>\n<p style=\"text-align: justify;\"><strong>Si te digo Marco Antonio Flores \u00bfQu\u00e9 traigo a tu mente?<\/strong><\/p>\n<p style=\"text-align: justify;\">\u00a1Momentos realmente edificantes! Tuve la\u00a0 oportunidad de conocerlo en los talleres de poes\u00eda que \u00e9l dirigi\u00f3 en el Paraninfo, fue muy educativo y me hizo crecer como poeta, pues se trataba de dar nuestra opini\u00f3n sobre escritores que estaban surgiendo y que ahora son poetas reconocidos en nuestro pa\u00eds, realmente fue maravilloso haber podido asistir a sus talleres. Tuve la oportunidad de ver la sencillez del \u201cBolo Flores\u201d as\u00ed ped\u00eda que le dij\u00e9ramos, era franco y directo en su hablar.\u00a0 Poeta de orgullo guatemalteco.\u00a0 \u00a0De estos talleres, surgi\u00f3 el libro Nov\u00edsimos, que Marco Antonio apoy\u00f3 a que se publicara con los poemas de escritores como Emilio Solano, Maya C\u00fa, Fernando Ramos, Alfonso Porres y Juan Carlos Lemus.\u00a0 A todos ellos tuve la oportunidad de conocer y participar en la evaluaci\u00f3n de los poemas que en dicho libro fueron publicados.<a href=\"https:\/\/heidysandovalruiz.com\/wp-content\/uploads\/2019\/03\/3.jpg\"><img loading=\"lazy\" decoding=\"async\" class=\"size-medium wp-image-6088 alignright\" src=\"https:\/\/heidysandovalruiz.com\/wp-content\/uploads\/2019\/03\/3-300x169.jpg\" alt=\"3\" width=\"300\" height=\"169\" srcset=\"https:\/\/heidysandovalruiz.com\/wp-content\/uploads\/2019\/03\/3-300x169.jpg 300w, https:\/\/heidysandovalruiz.com\/wp-content\/uploads\/2019\/03\/3.jpg 615w\" sizes=\"auto, (max-width: 300px) 100vw, 300px\" \/><\/a><\/p>\n<p style=\"text-align: justify;\"><strong>\u00bfQu\u00e9 nos puedes compartir de tu experiencia en la revista Intemperie<\/strong>?<\/p>\n<p style=\"text-align: justify;\">En los talleres de Marco Antonio Flores, pude conocer a un grupo de escritores nacionales que sol\u00edan reunirse en las casas\u00a0 de ellos. Me invitaron a participar haciendo lectura de poemas y apoy\u00e1ndonos entre todos a corregir nuestros errores.\u00a0 Decidieron realizar y publicar la revista Intemperie.\u00a0 Ah\u00ed vi nacer la revista que durante alg\u00fan tiempo sirvi\u00f3 para dar a conocer los poemas de todos los poetas del grupo, pero que por cuestiones econ\u00f3micas ya no se logr\u00f3 seguir publicando.<\/p>\n<p style=\"text-align: justify;\"><strong>Por cierto \u00bfCu\u00e1ntos has escrito?<\/strong><\/p>\n<p style=\"text-align: justify;\">Un poco m\u00e1s de 225 poes\u00edas.<\/p>\n<p style=\"text-align: justify;\"><strong>\u00bfHas publicado alg\u00fan poemario?<\/strong><\/p>\n<p style=\"text-align: justify;\">Tengo hecho un poemario con el cual particip\u00e9 en un concurso internacional de poes\u00eda llamado \u201cAntonio Oliver Belm\u00e1s\u201d en Espa\u00f1a, se llama \u201cAnduve Espacios de Silencio\u201d. El cual esperamos salga publicado el pr\u00f3ximo a\u00f1o.<\/p>\n<p style=\"text-align: justify;\"><strong>\u00bfQu\u00e9 es lo que te motiva a escribir?<\/strong><\/p>\n<p style=\"text-align: justify;\">Mientras camino encuentro mucha inspiraci\u00f3n, veo personas, lugares.\u00a0 Puedo pensar y recordar cosas, me conecto con mi entorno, disfruto de los \u00e1rboles y de las calles. Pero si voy a alg\u00fan lugar donde hay naturaleza, eso me llena de poes\u00eda por mucho tiempo. Me inspiro en el amor a mi familia, especialmente en\u00a0 mi esposo a quien amo.<\/p>\n<p style=\"text-align: justify;\"><strong>\u00bfQu\u00e9 te gusta hacer en un d\u00eda de descanso?<\/strong><\/p>\n<p style=\"text-align: justify;\">Suelo compartir mi descanso con mi familia, visitar alg\u00fan museo, caminar o realizar alguna actividad deportiva, ir a parques donde pueda tener contacto con la naturaleza y tomar fotos. Si es un descanso largo, conocer lugares de Guatemala que est\u00e1n llenos de mucha inspiraci\u00f3n.<\/p>\n<p style=\"text-align: justify;\"><strong>\u00bfA qu\u00e9 poetas nacionales admiras y por qu\u00e9?<\/strong><\/p>\n<p style=\"text-align: justify;\">Tengo admiraci\u00f3n por las mujeres poetas de Guatemala.\u00a0 Por A\u00edda Toledo, es de mis favoritas, es esposa del ganador del Premio Nacional de Literatura, Enrique Noriega, tengo su libro de \u201cCuando pittsburgh no cesa de ser Pittsburgh\u201d, ella me conmueve. Ala\u00edde Foppa, Carmen Matute. Especialmente, \u00a0he disfrutado de Ana Mar\u00eda Rodas, cuando le\u00ed sus poemas de la izquierda er\u00f3tica abrieron mis ojos a otra forma de percibirnos como mujeres, fue impactante!\u00a0 Y por supuesto, Luz M\u00e9ndez de la Vega, profunda en todo sentido.\u00a0 Tambi\u00e9n he le\u00eddo a Amarilis Barahona, Brenda Sol\u00eds Fong y Ruth Vaide<\/p>\n<p style=\"text-align: justify;\">Las admiro a todas, porque\u00a0 muestran la transformaci\u00f3n que estamos teniendo las mujeres en nuestra sociedad, me considero parte de esta transformaci\u00f3n e intento dejar esta huella a mis hijas.<\/p>\n<p style=\"text-align: justify;\"><strong><a href=\"https:\/\/heidysandovalruiz.com\/wp-content\/uploads\/2019\/03\/4.jpg\"><img loading=\"lazy\" decoding=\"async\" class=\"size-medium wp-image-6089 alignleft\" src=\"https:\/\/heidysandovalruiz.com\/wp-content\/uploads\/2019\/03\/4-300x225.jpg\" alt=\"4\" width=\"300\" height=\"225\" srcset=\"https:\/\/heidysandovalruiz.com\/wp-content\/uploads\/2019\/03\/4-300x225.jpg 300w, https:\/\/heidysandovalruiz.com\/wp-content\/uploads\/2019\/03\/4.jpg 480w\" sizes=\"auto, (max-width: 300px) 100vw, 300px\" \/><\/a>\u00bfC\u00f3mo defines tu poes\u00eda?<\/strong><\/p>\n<p style=\"text-align: justify;\">Vaya, he tenido giros en la poes\u00eda, al principio fueron casi cuentos de emociones de amor, luego cortos pero llenos de fuego, angustia, dolor. Con la edad vas entendiendo las cosas y he encontrado m\u00e1s paz con la poes\u00eda, m\u00e1s armon\u00eda con ella, ahora somos una sola.<\/p>\n<p style=\"text-align: justify;\">Pero la considero una voz que se une al cambio del concepto restringido que ha existido sobre nosotras, una voz que transmite con sinceridad que las mujeres podemos lograr los objetivos que nos proponemos y romper las barreras. Hay mucho que vencer todav\u00eda y mi poes\u00eda busca dejar huella en dicho camino.<\/p>\n<p style=\"text-align: justify;\"><strong>A prop\u00f3sito \u00bfTienes alg\u00fan poema preferido de tu inspiraci\u00f3n? Y \u00bfalguno de otro autor?<\/strong><\/p>\n<p style=\"text-align: justify;\">\u00a0Mi favorito de los que yo he escrito es este: Lo escrib\u00ed en abril del 2014<\/p>\n<p style=\"text-align: center;\"><a href=\"https:\/\/heidysandovalruiz.com\/wp-content\/uploads\/2019\/03\/Untitled-1.jpg\"><img loading=\"lazy\" decoding=\"async\" class=\"aligncenter size-medium wp-image-6083\" src=\"https:\/\/heidysandovalruiz.com\/wp-content\/uploads\/2019\/03\/Untitled-1-248x300.jpg\" alt=\"Untitled-1\" width=\"248\" height=\"300\" srcset=\"https:\/\/heidysandovalruiz.com\/wp-content\/uploads\/2019\/03\/Untitled-1-248x300.jpg 248w, https:\/\/heidysandovalruiz.com\/wp-content\/uploads\/2019\/03\/Untitled-1.jpg 390w\" sizes=\"auto, (max-width: 248px) 100vw, 248px\" \/><\/a><\/p>\n<p style=\"text-align: justify;\">Y mi favorito es \u201cMis hijos\u201d de Ala\u00edde Foppa, porque cuenta la diferencia de sus hijos y de lo que representan para una madre, el amor, el v\u00ednculo maternal y el dolor que involucra:<\/p>\n<p style=\"text-align: center;\"><a href=\"https:\/\/heidysandovalruiz.com\/wp-content\/uploads\/2019\/03\/poema.jpg\"><img loading=\"lazy\" decoding=\"async\" class=\"aligncenter size-medium wp-image-6084\" src=\"https:\/\/heidysandovalruiz.com\/wp-content\/uploads\/2019\/03\/poema-236x300.jpg\" alt=\"poema\" width=\"236\" height=\"300\" srcset=\"https:\/\/heidysandovalruiz.com\/wp-content\/uploads\/2019\/03\/poema-236x300.jpg 236w, https:\/\/heidysandovalruiz.com\/wp-content\/uploads\/2019\/03\/poema.jpg 485w\" sizes=\"auto, (max-width: 236px) 100vw, 236px\" \/><\/a><\/p>\n<p style=\"text-align: justify;\"><strong>\u00bfTienes alg\u00fan tema espec\u00edfico para escribir tus poemas?<\/strong><\/p>\n<p style=\"text-align: justify;\">Algunas personas me han dicho que son feministas, pero yo los veo como la expresi\u00f3n de lo que me ha conmovido, de lo que me afecta o me emociona, busco con ellos llegar a mi interior y conocerme m\u00e1s.<\/p>\n<p style=\"text-align: justify;\"><strong>\u00bfParticipas en grupos de lectura?<\/strong><\/p>\n<p style=\"text-align: justify;\">Por el momento no, aunque tengo algunos planes de ello, pero el tiempo y el trabajo son determinantes.<\/p>\n<p style=\"text-align: justify;\"><strong>\u00bfDe qu\u00e9 manera has pensado que se conozca tu poes\u00eda?<\/strong><\/p>\n<p style=\"text-align: justify;\">En esta era de la tecnolog\u00eda, considero necesario que mi poes\u00eda se d\u00e9 a conocer a trav\u00e9s de las redes sociales donde la comunicaci\u00f3n ahora es inmediata y recorre grandes distancias en segundos, tambi\u00e9n darla a conocer a\u00a0 escolares y j\u00f3venes estudiantes porque es ah\u00ed donde se empiezan a generar las habilidades para conectarnos con nosotros mismos y con nuestro entorno.<\/p>\n<p style=\"text-align: justify;\"><strong>\u00bfQu\u00e9 proyectos tienen para este a\u00f1o?<\/strong><\/p>\n<p style=\"text-align: justify;\">Estoy trabajando en un libro de poes\u00edas para ni\u00f1os y ni\u00f1as de educaci\u00f3n primaria y otro para adolescentes, creo que es importante motivar a los ni\u00f1os y j\u00f3venes a expresarse, conectarse con sus emociones y comprender la poes\u00eda.\u00a0 Tambi\u00e9n, trabajo junto a mi esposo en un sitio web llamado Asombrarte.art que impulsa el arte en Guatemala, dando a conocer a artistas del pa\u00eds que buscan darse a conocer internacionalmente.<\/p>\n<p style=\"text-align: justify;\"><strong>\u00bfPuedes enviar un mensaje para quienes lean la entrevista?<\/strong><\/p>\n<p style=\"text-align: justify;\">Muchas gracias Heidy por la oportunidad.\u00a0 Quiero invitar a todas las personas a dar su apoyo a las diferentes expresiones de arte de nuestro pa\u00eds, visitar exposiciones, comprar los trabajos de los artistas, asistir a conciertos y lecturas, compartir estas actividades\u00a0 con sus amistades y apoyar a sus hijos cuando les digan que quieren aprender alg\u00fan arte, les invito a quitarnos la idea de que el arte no sirve para nada como muchos padres les dicen a sus hijos, al contrario, el arte, es mucho m\u00e1s que cultura, forma parte vital del crecimiento de nuestro pa\u00eds.<\/p>\n<p style=\"text-align: justify;\">Agradezco a Evelyn el haber compartido con nosotros este espacio y le deseamos muchos \u00e9xitos en sus proyectos futuros.<\/p>\n<p style=\"text-align: justify;\">Les invitamos para que se unan al grupo de \u00ab<strong>Fotos y m\u00e1s de artistas de Guatemala para el Mundo<\/strong>\u00bb en este link <a href=\"http:\/\/on.fb.me\/1sn2wSf\">http:\/\/on.fb.me\/1sn2wSf<\/a> \u00a0\u00a0el cual tiene como prop\u00f3sito compartir videos, fotos, an\u00e9cdotas y todo lo de nuestros artistas en las diferentes d\u00e9cadas.<\/p>\n<p style=\"text-align: justify;\">Hemos creado el grupo \u201c<strong>Las entrevistas de Heidy<\/strong>\u201d que pueden localizar en<\/p>\n<p style=\"text-align: justify;\"><a href=\"https:\/\/www.facebook.com\/groups\/1443599465933701\/\">https:\/\/www.facebook.com\/groups\/1443599465933701\/<\/a><\/p>\n<p style=\"text-align: justify;\">Tambi\u00e9n ponemos a su disposici\u00f3n el grupo <strong>\u201cGuatemala: un siglo de anuncios y algo m\u00e1s\u2026<\/strong>\u201d, un espacio donde pueden compartir o comentar los post que se publiquen <a href=\"http:\/\/on.fb.me\/1vASm2g\">http:\/\/on.fb.me\/1vASm2g<\/a><\/p>\n<p style=\"text-align: justify;\">Las entrevistas las pueden leer en los siguientes links:<\/p>\n<p style=\"text-align: justify;\"><a href=\"http:\/\/www.heidysandovalruiz.com\">http:\/\/www.heidysandovalruiz.com<\/a><\/p>\n<p style=\"text-align: justify;\"><a href=\"http:\/\/lasentrevistasdeheidy.blogspot.com\">http:\/\/lasentrevistasdeheidy.blogspot.com<\/a><\/p>\n<p style=\"text-align: justify;\">\n<p style=\"text-align: justify;\"><strong>Entrevista realizada por Heidy Sandoval Ruiz<\/strong><\/p>\n<p style=\"text-align: justify;\">\n<p style=\"text-align: justify;\">\n","protected":false},"excerpt":{"rendered":"<div class=\"mh-excerpt\"><p>En nuestro espacio de la \u201cCara amiga de los invitados de Heidy\u201d, en esta oportunidad presento a la escritora y poetisa Evelyn Adaly Orellana Orantes, <a class=\"mh-excerpt-more\" href=\"https:\/\/heidysandovalruiz.com\/?p=6082\" title=\"La cara amiga de \u00abEvelyn Orellana\u00bb\">[&#8230;]<\/a><\/p>\n<\/div>","protected":false},"author":4,"featured_media":6085,"comment_status":"closed","ping_status":"closed","sticky":false,"template":"","format":"standard","meta":{"footnotes":""},"categories":[16],"tags":[428],"class_list":["post-6082","post","type-post","status-publish","format-standard","has-post-thumbnail","hentry","category-la-cara-amiga","tag-la-cara-amiga-de-evelyn-orellana"],"_links":{"self":[{"href":"https:\/\/heidysandovalruiz.com\/index.php?rest_route=\/wp\/v2\/posts\/6082","targetHints":{"allow":["GET"]}}],"collection":[{"href":"https:\/\/heidysandovalruiz.com\/index.php?rest_route=\/wp\/v2\/posts"}],"about":[{"href":"https:\/\/heidysandovalruiz.com\/index.php?rest_route=\/wp\/v2\/types\/post"}],"author":[{"embeddable":true,"href":"https:\/\/heidysandovalruiz.com\/index.php?rest_route=\/wp\/v2\/users\/4"}],"replies":[{"embeddable":true,"href":"https:\/\/heidysandovalruiz.com\/index.php?rest_route=%2Fwp%2Fv2%2Fcomments&post=6082"}],"version-history":[{"count":1,"href":"https:\/\/heidysandovalruiz.com\/index.php?rest_route=\/wp\/v2\/posts\/6082\/revisions"}],"predecessor-version":[{"id":6090,"href":"https:\/\/heidysandovalruiz.com\/index.php?rest_route=\/wp\/v2\/posts\/6082\/revisions\/6090"}],"wp:featuredmedia":[{"embeddable":true,"href":"https:\/\/heidysandovalruiz.com\/index.php?rest_route=\/wp\/v2\/media\/6085"}],"wp:attachment":[{"href":"https:\/\/heidysandovalruiz.com\/index.php?rest_route=%2Fwp%2Fv2%2Fmedia&parent=6082"}],"wp:term":[{"taxonomy":"category","embeddable":true,"href":"https:\/\/heidysandovalruiz.com\/index.php?rest_route=%2Fwp%2Fv2%2Fcategories&post=6082"},{"taxonomy":"post_tag","embeddable":true,"href":"https:\/\/heidysandovalruiz.com\/index.php?rest_route=%2Fwp%2Fv2%2Ftags&post=6082"}],"curies":[{"name":"wp","href":"https:\/\/api.w.org\/{rel}","templated":true}]}}