{"id":6095,"date":"2019-03-24T01:17:01","date_gmt":"2019-03-24T01:17:01","guid":{"rendered":"http:\/\/heidysandovalruiz.com\/?p=6095"},"modified":"2019-03-24T01:17:01","modified_gmt":"2019-03-24T01:17:01","slug":"la-cara-amiga-de-ruth-vaides","status":"publish","type":"post","link":"https:\/\/heidysandovalruiz.com\/?p=6095","title":{"rendered":"La cara amiga de \u00abRuth Vaides\u00bb"},"content":{"rendered":"<p style=\"text-align: justify;\"><span style=\"color: #000080;\">En la \u201c<strong>Cara amiga de los invitados de Heidy<\/strong>\u201d presento a una mujer guatemalteca que desde ni\u00f1a se sinti\u00f3 atra\u00edda por la lectura, esto le llev\u00f3 a incursionar a\u00f1os m\u00e1s tarde en lo que le apasiona y que le ha dado la oportunidad de expresar sentimientos y momentos especiales en su vida.\u00a0 <strong>Ruth Vaides<\/strong>.\u00a0 Ella nos contar\u00e1 como fue su ni\u00f1ez, su adolescencia y como a pesar de algunos obst\u00e1culos ha logrado, para ella\u00a0 el arte es una celebraci\u00f3n de la propia vida.\u00a0 De esto y de otros temas m\u00e1s compartir\u00e1 con nosotros Ruth en este espacio en el que se puede decir lo que se quiere y en otros lados no se puede.\u00a0<\/span><\/p>\n<p style=\"text-align: justify;\"><span style=\"color: #000080;\"><strong>La pregunta que no puedo dejar de hacer es \u00bfC\u00f3mo es la ni\u00f1ez de Ruth?<\/strong> Un poco enredada pero feliz. Mis padres se separaron, as\u00ed que viv\u00ed un tiempo con cada uno de ellos, pero nunca me trataron mal ni me hicieron de menos. Al contrario, eso fortaleci\u00f3 mi car\u00e1cter, me hizo m\u00e1s centrada en mis decisiones. No me gustaban las mu\u00f1ecas, lo m\u00edo eran juegos de armar como trocitos de madera o legos. Hac\u00eda grandes escenarios, y los pocos mu\u00f1equitos que ten\u00eda eran el p\u00fablico. Ya le\u00eda y escrib\u00eda bastante. Mis hermanas y yo hemos tenido siempre una relaci\u00f3n familiar bastante buena.<\/span><\/p>\n<p style=\"text-align: justify;\"><span style=\"color: #000080;\"><strong>\u00bfQui\u00e9n te ense\u00f1a a leer tan peque\u00f1a?<\/strong> Mi pap\u00e1. \u00c9l fue maestro, trabaj\u00f3 en el magisterio por m\u00e1s de 40 a\u00f1os. Se lo ped\u00ed porque quer\u00eda leer las caricaturas que sal\u00edan los domingos en la prensa. De ah\u00ed pas\u00e9 a leer su biblioteca, llena de t\u00edtulos interesantes. Pienso que le\u00ed la mayor parte.<\/span><\/p>\n<p style=\"text-align: justify;\"><span style=\"color: #000080;\"><strong>\u00bfC\u00f3mo recuerdas tu vida estudiantil? \u00bfHubo preferencia por alg\u00fan lugar?<\/strong> Estudi\u00e9 en varios colegios. Siempre fui abanderada, pero no me gustaba llevar la bandera, as\u00ed que me met\u00eda a las batonistas o cualquier otra cosa. No sol\u00eda tener muchos amigos dentro, mis amistades eran otros chicos y chicas que no estudiaban conmigo, casi siempre mayores que yo. En b\u00e1sicos me manten\u00eda mucho fuera de casa, iba\u00a0 a las bibliotecas, particularmente a la del parque Col\u00f3n, a leer por un par de horas, hac\u00eda tareas y de ah\u00ed, a molestar con las amistades. Jugar maquinitas, molestar gente, tener \u201cmalas juntas\u201d seg\u00fan las mam\u00e1s, hacer cabronadas, ir a bailar a las fiestas de otros colegios o salones, beber a escondidas,\u00a0 ir al cine o a pasear, andar con novios, hacer relajo, lo normal de la adolescencia en esos tiempos, por lo menos aqu\u00ed por la periferia de la capital.<\/span><\/p>\n<p style=\"text-align: justify;\"><span style=\"color: #000080;\"><strong>Teniendo desde ni\u00f1a el gusto por la poes\u00eda \u00bfCrees que est\u00e1 en todos lados? S\u00ed<\/strong>, siempre digo que en todos lados veo poes\u00eda.<a href=\"https:\/\/heidysandovalruiz.com\/wp-content\/uploads\/2019\/03\/48377931_10217772809502269_3774618822540001280_n.jpg\"><img loading=\"lazy\" decoding=\"async\" class=\"size-medium wp-image-6097 alignright\" src=\"https:\/\/heidysandovalruiz.com\/wp-content\/uploads\/2019\/03\/48377931_10217772809502269_3774618822540001280_n-300x225.jpg\" alt=\"48377931_10217772809502269_3774618822540001280_n\" width=\"300\" height=\"225\" srcset=\"https:\/\/heidysandovalruiz.com\/wp-content\/uploads\/2019\/03\/48377931_10217772809502269_3774618822540001280_n-300x225.jpg 300w, https:\/\/heidysandovalruiz.com\/wp-content\/uploads\/2019\/03\/48377931_10217772809502269_3774618822540001280_n.jpg 960w\" sizes=\"auto, (max-width: 300px) 100vw, 300px\" \/><\/a><\/span><\/p>\n<p style=\"text-align: justify;\"><span style=\"color: #000080;\"><strong>No a todas las personas les gusta la poes\u00eda \u00bfQu\u00e9 haces para que tu trabajo llegue a un p\u00fablico amante de este g\u00e9nero?<\/strong> Hay muchos estilos diferentes de poes\u00eda, desde la \u00e9pica a la rom\u00e1ntica, desde la que tiene m\u00e9trica hasta la abstracta. Para cada tipo de persona, existe algo que le va a llamar la atenci\u00f3n porque, por venir de los sentimientos, existir\u00e1 cierta identificaci\u00f3n. Si alguien est\u00e1 deprimido, leer un poema depresivo le har\u00e1 sentirse identificado. O si es una persona con tendencias ecol\u00f3gicas, leer una poes\u00eda que hable sobre la naturaleza le har\u00e1 sentirse bien. En lo personal, me gusta que lo que escribo sea claro, directo, objetivo, as\u00ed que lo hago de esa manera, para que sea f\u00e1cil de entender. Entonces mis lectores comprender y se identifican con lo escrito. Me emociona ver las reacciones de mis lectores o del p\u00fablico en las presentaciones o eventos. S\u00e9 que entendieron lo que trataba de decir.<\/span><\/p>\n<p style=\"text-align: justify;\"><span style=\"color: #000080;\"><strong>\u00bfEs dif\u00edcil encontrar apoyo en medios de comunicaci\u00f3n para dar a conocer la poes\u00eda?<\/strong> S\u00ed, a la cultura y al arte en general. Se le da importancia a muchas cosas antes que a ello, sobre todo a lo local. Y cuando se logra, generalmente es acerca de lo que pasa en la capital, en el interior del pa\u00eds a\u00fan es m\u00e1s dif\u00edcil. Poco a poco se han ido abriendo m\u00e1s espacios, pero falta mucho camino a\u00fan.<\/span><\/p>\n<p style=\"text-align: justify;\"><span style=\"color: #000080;\"><strong>\u00bfHas participado en antolog\u00edas?<\/strong> S\u00ed, en varias, virtuales por ejemplo \u201c100 mil Poetas por el Cambio\u201d; \u201cEcos del Grito\u201d, y escritas como \u201cLiteratas que Dan Lata\u201d (2013), \u201cEl Abismo por madrugadas\u201d (2016),\u201dTierra Adentro\u201d (2017), \u201cPoetizar\u201d (2018), \u201cUpo\u00e9tica\u201d (2018), etc. Este a\u00f1o voy a estar en una de poes\u00eda y en una de narrativa, respectivamente. Tambi\u00e9n tengo publicaciones en otros medios escritos, como revistas, peri\u00f3dicos o fanzines, por ejemplo Suplemento Cultural del Diario \u201cLa Hora\u201d, revista \u201cMacha- fanzine\u201d, revista literaria \u201cPrimeros Auxilios\u201d, Prensa Libre, fanzine \u201cBeatCirca\u201d (Honduras), Revista de la Universidad de San Carlos de Guatemala, revista La Consigna, etc.\u00a0<\/span><\/p>\n<p style=\"text-align: justify;\"><span style=\"color: #000080;\"><strong><a href=\"https:\/\/heidysandovalruiz.com\/wp-content\/uploads\/2019\/03\/38750919_10216785693224979_6571651265435009024_n.jpg\"><img loading=\"lazy\" decoding=\"async\" class=\"size-medium wp-image-6099 alignleft\" src=\"https:\/\/heidysandovalruiz.com\/wp-content\/uploads\/2019\/03\/38750919_10216785693224979_6571651265435009024_n-300x225.jpg\" alt=\"38750919_10216785693224979_6571651265435009024_n\" width=\"300\" height=\"225\" srcset=\"https:\/\/heidysandovalruiz.com\/wp-content\/uploads\/2019\/03\/38750919_10216785693224979_6571651265435009024_n-300x225.jpg 300w, https:\/\/heidysandovalruiz.com\/wp-content\/uploads\/2019\/03\/38750919_10216785693224979_6571651265435009024_n.jpg 960w\" sizes=\"auto, (max-width: 300px) 100vw, 300px\" \/><\/a>\u00bfQui\u00e9n ha sido para ti el poeta nacional que ha dejado huella?<\/strong> La verdad hay muchos, no podr\u00eda citar uno solo. Desde Roberto Obreg\u00f3n, Manuel Jos\u00e9 Arce, Cesar Bra\u00f1as, Asturias, Ala\u00edde Foppa, Isabel de los \u00c1ngeles Ruano, Luis Alfredo Arango, Francisco Morales Santos, Ana Mar\u00eda Rodas, Gerardo y Paolo Guinea, Helena y Regina-Jos\u00e9 Galindo, Maya Cu, Julio Fausto Aguilera, \u00c1ngel El\u00edas, Wingston Gonz\u00e1lez, Diana Morales, Carolina Pineda, Julio Serrano, Georgina Palacios, Matheus Kar, Marlon Francisco, Manuel Tzoc, A\u00edda Toledo, Carmen Pedreros, Bego\u00f1a Bravo, Pablo Bromo, Daniela Castillo, Marilinda Guerrero, Juan Calles, R\u00f3mulo Mar, Enrique Godoy Dur\u00e1n, Carlos Interiano, Brenda Sol\u00eds Fong, Sabino Esteban, Carlos Gerardo, Marco Valerio Reyes, Luc\u00eda Le\u00f3n, y hay m\u00e1s. Creo que no terminar\u00eda nunca la lista, porque talento nacional hay mucho, muy bueno, cada uno con su particular forma de escribir, as\u00ed que no podr\u00eda se\u00f1alar a alguien en particular.<\/span><\/p>\n<p style=\"text-align: justify;\"><span style=\"color: #000080;\"><strong>\u00bfA qu\u00e9 pa\u00edses has viajado para presentar tu poes\u00eda? \u00bfC\u00f3mo has vivido esa experiencia?<\/strong> Fuimos por ejemplo a El Salvador. Es interesante el hecho de lo similares que somos dentro del Tri\u00e1ngulo Norte, respecto a la literatura. Pues nos dimos cuenta, dentro de ese recital que varios poetas guatemaltecos y\u00a0\u00a0 salvadore\u00f1os ten\u00edamos un poema titulado \u201cBala perdida\u201d. Lamentablemente, la violencia es un tema que tenemos en com\u00fan desde M\u00e9xico hasta Costa Rica. Pienso que la poes\u00eda va m\u00e1s all\u00e1 de cualquier frontera, que en todos lados hay puntos en com\u00fan con los que concordamos. La fuerza de la emoci\u00f3n transmitida no tiene una nacionalidad en s\u00ed. Podr\u00eda referirse a hechos locales, pero en el fondo se busca lo mismo, la expresi\u00f3n de los sentimientos, de la vida en s\u00ed. Recientemente asist\u00ed a un taller de Spoken Word, impartido por Comik MG, Poetry Slam M\u00e9xico. Es en esos intercambios en los que una se da cuenta cu\u00e1n amplio es el mundo de la poes\u00eda. No hay l\u00edmites para ello.<\/span><\/p>\n<p style=\"text-align: justify;\"><span style=\"color: #000080;\"><strong>A prop\u00f3sito \u00bfEn qu\u00e9 lugares de Guatemala has presentado tu poes\u00eda?<\/strong> Pues desde Huehuetenango, Xela, Chimaltenango, Antigua Guatemala, Amatitl\u00e1n, Villa Nueva y otros m\u00e1s.<a href=\"https:\/\/heidysandovalruiz.com\/wp-content\/uploads\/2019\/03\/38546007_10216785689904896_666059426569912320_n.jpg\"><img loading=\"lazy\" decoding=\"async\" class=\"size-medium wp-image-6100 alignright\" src=\"https:\/\/heidysandovalruiz.com\/wp-content\/uploads\/2019\/03\/38546007_10216785689904896_666059426569912320_n-300x225.jpg\" alt=\"38546007_10216785689904896_666059426569912320_n\" width=\"300\" height=\"225\" srcset=\"https:\/\/heidysandovalruiz.com\/wp-content\/uploads\/2019\/03\/38546007_10216785689904896_666059426569912320_n-300x225.jpg 300w, https:\/\/heidysandovalruiz.com\/wp-content\/uploads\/2019\/03\/38546007_10216785689904896_666059426569912320_n.jpg 960w\" sizes=\"auto, (max-width: 300px) 100vw, 300px\" \/><\/a><\/span><\/p>\n<p style=\"text-align: justify;\"><span style=\"color: #000080;\"><strong>Si te digo \u201cLiteratas que Dan Lata\u201d, \u00bfqu\u00e9 traigo a tu mente?<\/strong> Es uno de los grupos culturales en los que participo activamente. Los colectivos en general son buenos puntos de encuentro para compartir las actividades art\u00edsticas a las que muchos nos dedicamos, y sobre todo, fomentar a m\u00e1s personas a participar de ello. Estoy activa en varios m\u00e1s. En lo particular, Literatas es en el cual participamos mujeres y compa\u00f1eros de la diversidad sexual, porque tratamos de dar un punto de vista femenino acerca del arte. Participamos en distintos eventos durante el a\u00f1o, todas las integrantes tenemos participaciones o experiencias en una o varias ramas de distintas arte, la mayor\u00eda somos escritoras.<\/span><\/p>\n<p style=\"text-align: justify;\"><span style=\"color: #000080;\"><strong>\u00bfHas pensado como promover la poes\u00eda en nuestro pa\u00eds?<\/strong> Pues hay muchas formas de hacerlo, por ejemplo en Amatitl\u00e1n, la Casa Cultural el Cadejo reci\u00e9n termin\u00f3 el a\u00f1o pasado con un taller de poes\u00eda dirigido a los j\u00f3venes, culminando con la impresi\u00f3n de su antolog\u00eda. Los talleres como ese son muy buenos para quienes empiezan. Tambi\u00e9n participo en las actividades del Poetry Slam Guatemala, que es un s\u00e1bado al mes; b\u00e1sicamente es un espacio de competencia para quienes desean presentarse ante un jurado y un p\u00fablico. Se eval\u00faa tanto el contenido como la presentaci\u00f3n del poema.<\/span><\/p>\n<p style=\"text-align: justify;\"><span style=\"color: #000080;\">Tambi\u00e9n hay reuniones con otro grupo al que pertenezco, \u201cCoraz\u00f3n de Cristal\u201d, con quienes se invita a m\u00e1s personas a leer poes\u00eda de una manera m\u00e1s cordial, en una reuni\u00f3n p\u00fablica, para compartir la palabra nada m\u00e1s. Esos son ejemplos de actividades que se hacen en Guatemala para todo el mundo que desee asistir, lo que cuesta a veces es encontrar espacios o lugares que queden a mano y que tengan sonido para hacer los eventos, muchos cobran caro por ese tipo de reuniones, y como lo hacemos mayormente por amor al arte, sin costo, no se puede pagar el alquiler de un sal\u00f3n o algo as\u00ed. Igual hay ferias del libro, eventos p\u00fablicos y particulares, recitales, apoyo a otros artistas de distintas ramas, tal como la invitaci\u00f3n a ser parte de un concierto o de una exposici\u00f3n donde una pueda leer sus poemas. Y las redes sociales, que se han usado en los \u00faltimos tiempos para compartir muchas cosas diferentes.<\/span><\/p>\n<p style=\"text-align: justify;\"><span style=\"color: #000080;\"><strong><a href=\"https:\/\/heidysandovalruiz.com\/wp-content\/uploads\/2019\/03\/48359116_10217771203342116_5266094143616057344_n.jpg\"><img loading=\"lazy\" decoding=\"async\" class=\"size-medium wp-image-6101 alignleft\" src=\"https:\/\/heidysandovalruiz.com\/wp-content\/uploads\/2019\/03\/48359116_10217771203342116_5266094143616057344_n-225x300.jpg\" alt=\"48359116_10217771203342116_5266094143616057344_n\" width=\"225\" height=\"300\" srcset=\"https:\/\/heidysandovalruiz.com\/wp-content\/uploads\/2019\/03\/48359116_10217771203342116_5266094143616057344_n-225x300.jpg 225w, https:\/\/heidysandovalruiz.com\/wp-content\/uploads\/2019\/03\/48359116_10217771203342116_5266094143616057344_n.jpg 720w\" sizes=\"auto, (max-width: 225px) 100vw, 225px\" \/><\/a>\u00bfHas participado en festivales de poes\u00eda?<\/strong> S\u00ed, varios. Por ejemplo Muestras de Poes\u00eda \u201cKadejo\u201d, \u201cBarrilete\u201d e \u201cIndustrial\u201d; Feria Internacional del Libro de Guatemala FILGUA ; Festivales \u201cManifestArte\u201d(Cerrito del Carmen, varias veces), \u201cIxchel\u201d, \u201c100 Mil Poetas por el Cambio\u201d, \u201cGrito de Mujer\u201d, \u201cEstado de Emergencia\u201d, \u201cSubterr\u00e1nea Palabra\u201d (El Salvador) , \u201cLas Letras Abiertas de Am\u00e9rica\u201d (FCE de M\u00e9xico), \u201cPoetas por Km2\u201d del Centro Cultural de Espa\u00f1a, Festival de la Avenida de los \u00c1rboles, Festival del Centro Hist\u00f3rico, Festival Internacional de Poes\u00eda Aguacat\u00e1n FIPA (Huehuetenango), Festival Llamarada de Tuza (Amatitl\u00e1n), etc. Este a\u00f1o estaremos en el FLEX de Quetzaltenango.<\/span><\/p>\n<p style=\"text-align: justify;\"><span style=\"color: #000080;\"><strong>\u00bfTienes alg\u00fan g\u00e9nero de poes\u00eda que sea tu preferido?<\/strong> La verdad, me gusta casi toda, l\u00edrica, dram\u00e1tica, la \u00e9pica no mucho, hay algunas buenas, otra no tanto.<\/span><\/p>\n<p style=\"text-align: justify;\"><span style=\"color: #000080;\"><strong>\u00bfHas escrito libros? \u00bfCu\u00e1ntos y qu\u00e9 temas has enfocado?<\/strong> S\u00ed, a la fecha tengo publicados dos: \u201cEl Peque\u00f1o Teatro de la Ira\u201d (Editorial Alambique, Amatitl\u00e1n, Guatemala) y \u201cCon Versos de Calibre Ignorado\u201d (Proyecto Editorial LaChifurnia, El Salvador). Pues en ambos libros escribo acerca de la vida en la ciudad, me baso en hechos, en la violencia, en la cr\u00edtica social, en lo poco de humanidad que a\u00fan nos queda. Saco a la luz temas de lo que a diario vivimos.<\/span><\/p>\n<p style=\"text-align: justify;\"><span style=\"color: #000080;\"><strong>De tu vida personal \u00bfQu\u00e9 puedes compartirnos?<\/strong> Bueno, es muy normal. Cuido a mi gata, mi Martinita, me cuido a m\u00ed, ya que mi salud ha estado un poquito deteriorada estos \u00faltimos a\u00f1os. Leo, escribo, hago trabajitos para mantenerme. Mi familia es bastante grande, tengo varias hermanas. Conozco a mucha gente, me gusta ayudar y apoyar en la medida de mis posibilidades. Soy minusv\u00e1lida, uso un bast\u00f3n para caminar, as\u00ed que me cuesta un poco, y no tengo veh\u00edculo, toda la vida he usado transporte p\u00fablico, ya me acostumbr\u00e9. A veces me toca leer a nivel del suelo porque no puedo subirme a las tarimas, pero es bonito porque el p\u00fablico se esfuerza m\u00e1s por o\u00edrte que por mirarte, lo cual es mejor ya que lo que quiero es que escuchen la letra en lugar de verme a m\u00ed.<a href=\"https:\/\/heidysandovalruiz.com\/wp-content\/uploads\/2019\/03\/44830434_10211416442039866_8264664301923467264_n.jpg\"><img loading=\"lazy\" decoding=\"async\" class=\"size-medium wp-image-6102 alignright\" src=\"https:\/\/heidysandovalruiz.com\/wp-content\/uploads\/2019\/03\/44830434_10211416442039866_8264664301923467264_n-300x225.jpg\" alt=\"44830434_10211416442039866_8264664301923467264_n\" width=\"300\" height=\"225\" srcset=\"https:\/\/heidysandovalruiz.com\/wp-content\/uploads\/2019\/03\/44830434_10211416442039866_8264664301923467264_n-300x225.jpg 300w, https:\/\/heidysandovalruiz.com\/wp-content\/uploads\/2019\/03\/44830434_10211416442039866_8264664301923467264_n.jpg 960w\" sizes=\"auto, (max-width: 300px) 100vw, 300px\" \/><\/a><\/span><\/p>\n<p style=\"text-align: justify;\"><span style=\"color: #000080;\">Fui muy rebelde en mi juventud y adolescencia,\u00a0 por mi car\u00e1cter, que es muy fuerte, a estas alturas lo he moderado bastante, al fin siempre termina una madurando. Adoraba salir, me met\u00eda en problemas, pero sal\u00eda de un modo u otro. Hice todo lo que quise. A pesar de todo siempre cultiv\u00e9 el h\u00e1bito de la lectura, de la escritura y de estudiar el idioma, de manera emp\u00edrica y a trav\u00e9s de talleres. Ya en mi etapa adulta y tranquila, encontr\u00e9 en la literatura un apoyo a mi existencia como tal. Desde entonces le dedico una buena parte de mi tiempo, y trato de compartirlo con m\u00e1s personas, ya que pienso que el arte es y debe ser para todos. El arte es una expresi\u00f3n natural de los seres humanos, por medio de \u00e9l, nosotros celebramos la vida.<\/span><\/p>\n<p style=\"text-align: justify;\"><span style=\"color: #000080;\"><strong>A prop\u00f3sito a veces pensamos en cosas que no se han realizado \u00bfTienes alg\u00fan pendiente con la vida? \u00bfDejaste de hacer algo? <\/strong>Hace poco hablaba con una amiga sobre eso. La verdad es que a estas alturas de la vida, tengo lo que necesito. Hice siempre lo que quise, disfrut\u00e9 de cada cosa que ten\u00eda, nunca me cas\u00e9 ni tuve hijos por decisi\u00f3n propia, soy feliz en la medida de lo que poseo. Cumpl\u00ed cada meta que me puse, y a\u00fan lo hago.<\/span><\/p>\n<p style=\"text-align: justify;\"><span style=\"color: #000080;\"><strong>Hay temas que rara vez se tocan por ejemplo la muerte \u00bfQu\u00e9 opini\u00f3n tienes al respecto? \u00bfTe da miedo?<\/strong> Mi vida ha sido siempre un sube y baja, he tenido contacto muy cercano con la muerte ya bastantes veces como para tenerle miedo. Pienso que es un paso que todos damos, creo que en realidad le tenemos alg\u00fan grado de temor, sobre todo respecto a la manera en que hemos vivido, adem\u00e1s estamos conscientes de que es el fin de nuestra vida, que cuando llega, no hay vuelta. Pienso que muchos le temen a lo que hay m\u00e1s all\u00e1 que a la misma muerte en s\u00ed. Y he escrito mucho sobre el tema.<\/span><\/p>\n<p style=\"text-align: justify;\"><span style=\"color: #000080;\"><strong>\u00bfQu\u00e9 proyectos tienes para este 2019?<\/strong> Seguir participando en eventos, tanto individual como colectivamente, tengo confirmados un par de festivales, un par de entrevistas m\u00e1s, participaciones en una antolog\u00eda de poes\u00eda, en una de relato y en una revista. Est\u00e1 a punto de presentarse otro fanzine donde salgo. Tambi\u00e9n un par de libros en los que estoy trabajando actualmente, y algunas cosas m\u00e1s.<\/span><\/p>\n<p style=\"text-align: justify;\"><span style=\"color: #000080;\"><strong><a href=\"https:\/\/heidysandovalruiz.com\/wp-content\/uploads\/2019\/03\/38749091_10216785753466485_2786083403026399232_n.jpg\"><img loading=\"lazy\" decoding=\"async\" class=\"size-medium wp-image-6103 alignleft\" src=\"https:\/\/heidysandovalruiz.com\/wp-content\/uploads\/2019\/03\/38749091_10216785753466485_2786083403026399232_n-300x225.jpg\" alt=\"38749091_10216785753466485_2786083403026399232_n\" width=\"300\" height=\"225\" srcset=\"https:\/\/heidysandovalruiz.com\/wp-content\/uploads\/2019\/03\/38749091_10216785753466485_2786083403026399232_n-300x225.jpg 300w, https:\/\/heidysandovalruiz.com\/wp-content\/uploads\/2019\/03\/38749091_10216785753466485_2786083403026399232_n.jpg 960w\" sizes=\"auto, (max-width: 300px) 100vw, 300px\" \/><\/a>\u00bfPuedes enviarnos un mensaje para quienes lean esta entrevista?<\/strong> S\u00f3lo que sean libres, no libertinos. Bueno, a gusto de cada quien. Que usen su libre albedr\u00edo, que no dejen que les impongan ideas, es mejor averiguar, informarse,\u00a0 preguntar. Lean mucho, lo que gusten, lo que les llame la atenci\u00f3n. Si pueden leer poes\u00eda mucho mejor, si no, pues lo que quieran. Respeten a la gente, tengan cortes\u00eda pero no se dejen pisotear. Disfruten su vida sin molestar a los dem\u00e1s, as\u00ed empiezan los conflictos. Salgan a pasear, rel\u00e1jense y tambi\u00e9n hagan relajo de vez en cuando, porque a veces el cuerpo pide movimiento. Qui\u00e9ranse un poquito m\u00e1s, y no basen su vida en la de los otros, ya que lamentablemente he conocido a personas que siempre necesitan un l\u00edder, el cual con el tiempo se vuelve un dictador o dictadora, les acapara todo, y si se le da la gana, es capaz hasta de acabar con sus vidas. Y otra vez, lean poes\u00eda.<\/span><\/p>\n<p style=\"text-align: justify;\"><span style=\"color: #000080;\">Agradezco a Ruth el haber compartido con nosotros momentos de su vida personal y art\u00edstica, de haber desnudado sus sentimientos en esta entrevista.\u00a0 Dese\u00e1ndole \u00e9xito en su pr\u00f3xima presentaci\u00f3n en Xela y en Filgua.<\/span><\/p>\n<p style=\"text-align: justify;\"><span style=\"color: #000080;\">Les invitamos para que se unan al grupo de \u00ab<strong>Artistas de Guatemala para el Mundo<\/strong>\u00bb en este link <a style=\"color: #000080;\" href=\"http:\/\/on.fb.me\/1sn2wSf\">http:\/\/on.fb.me\/1sn2wSf<\/a> \u00a0\u00a0el cual tiene como prop\u00f3sito compartir videos, fotos, an\u00e9cdotas y todo lo de nuestros artistas en las diferentes d\u00e9cadas.<\/span><\/p>\n<p style=\"text-align: justify;\"><span style=\"color: #000080;\">Hemos creado el grupo \u201c<strong>Las entrevistas de Heidy<\/strong>\u201d que pueden localizar en<\/span><\/p>\n<p style=\"text-align: justify;\"><span style=\"color: #000080;\"><a href=\"https:\/\/www.facebook.com\/groups\/1443599465933701\/\">https:\/\/www.facebook.com\/groups\/1443599465933701\/ <\/a>\u00a0\u00a0<\/span><\/p>\n<p style=\"text-align: justify;\"><span style=\"color: #000080;\">Tambi\u00e9n ponemos a su disposici\u00f3n el grupo \u201c<strong>Un siglo de anuncios y algo m\u00e1s\u2026\u201d,<\/strong> un espacio donde pueden compartir o comentar los post que se publiquen <a href=\"http:\/\/on.fb.me\/1vASm2g\">http:\/\/on.fb.me\/1vASm2g \u00a0<\/a>\u00a0<\/span><\/p>\n<p style=\"text-align: justify;\"><span style=\"color: #000080;\"><strong>Las entrevistas las pueden leer en los siguientes links:<\/strong><\/span><\/p>\n<p style=\"text-align: justify;\"><span style=\"color: #000080;\"><a style=\"color: #000080;\" href=\"http:\/\/www.heidysandovalruiz.com\">http:\/\/www.heidysandovalruiz.com<\/a> \u00a0\u00a0<\/span><\/p>\n<p style=\"text-align: justify;\"><span style=\"color: #000080;\"><a href=\"http:\/\/lasentrevistasdeheidy.blogspot.com\">http:\/\/lasentrevistasdeheidy.blogspot.com <\/a>\u00a0\u00a0<\/span><\/p>\n<p style=\"text-align: justify;\"><span style=\"color: #000080;\"><a href=\"https:\/\/www.facebook.com\/pages\/Los-invitados-de-Heidy\/892159284204965?ref=hl\">https:\/\/www.facebook.com\/pages\/Los-invitados-de-Heidy\/892159284204965?ref=hl \u00a0<\/a>\u00a0\u00a0<\/span><\/p>\n<p style=\"text-align: justify;\"><span style=\"color: #000080;\"><strong>\u00a0<\/strong><\/span><\/p>\n<p><span style=\"color: #000080;\"><strong>Entrevista realizada por Heidy Sandoval Ruiz<\/strong><\/span><\/p>\n","protected":false},"excerpt":{"rendered":"<div class=\"mh-excerpt\"><p>En la \u201cCara amiga de los invitados de Heidy\u201d presento a una mujer guatemalteca que desde ni\u00f1a se sinti\u00f3 atra\u00edda por la lectura, esto le <a class=\"mh-excerpt-more\" href=\"https:\/\/heidysandovalruiz.com\/?p=6095\" title=\"La cara amiga de \u00abRuth Vaides\u00bb\">[&#8230;]<\/a><\/p>\n<\/div>","protected":false},"author":4,"featured_media":6096,"comment_status":"closed","ping_status":"closed","sticky":false,"template":"","format":"standard","meta":{"footnotes":""},"categories":[16],"tags":[430],"class_list":["post-6095","post","type-post","status-publish","format-standard","has-post-thumbnail","hentry","category-la-cara-amiga","tag-la-cara-amiga-de-ruth-vaides"],"_links":{"self":[{"href":"https:\/\/heidysandovalruiz.com\/index.php?rest_route=\/wp\/v2\/posts\/6095","targetHints":{"allow":["GET"]}}],"collection":[{"href":"https:\/\/heidysandovalruiz.com\/index.php?rest_route=\/wp\/v2\/posts"}],"about":[{"href":"https:\/\/heidysandovalruiz.com\/index.php?rest_route=\/wp\/v2\/types\/post"}],"author":[{"embeddable":true,"href":"https:\/\/heidysandovalruiz.com\/index.php?rest_route=\/wp\/v2\/users\/4"}],"replies":[{"embeddable":true,"href":"https:\/\/heidysandovalruiz.com\/index.php?rest_route=%2Fwp%2Fv2%2Fcomments&post=6095"}],"version-history":[{"count":1,"href":"https:\/\/heidysandovalruiz.com\/index.php?rest_route=\/wp\/v2\/posts\/6095\/revisions"}],"predecessor-version":[{"id":6104,"href":"https:\/\/heidysandovalruiz.com\/index.php?rest_route=\/wp\/v2\/posts\/6095\/revisions\/6104"}],"wp:featuredmedia":[{"embeddable":true,"href":"https:\/\/heidysandovalruiz.com\/index.php?rest_route=\/wp\/v2\/media\/6096"}],"wp:attachment":[{"href":"https:\/\/heidysandovalruiz.com\/index.php?rest_route=%2Fwp%2Fv2%2Fmedia&parent=6095"}],"wp:term":[{"taxonomy":"category","embeddable":true,"href":"https:\/\/heidysandovalruiz.com\/index.php?rest_route=%2Fwp%2Fv2%2Fcategories&post=6095"},{"taxonomy":"post_tag","embeddable":true,"href":"https:\/\/heidysandovalruiz.com\/index.php?rest_route=%2Fwp%2Fv2%2Ftags&post=6095"}],"curies":[{"name":"wp","href":"https:\/\/api.w.org\/{rel}","templated":true}]}}