{"id":6121,"date":"2019-04-25T17:02:58","date_gmt":"2019-04-25T17:02:58","guid":{"rendered":"http:\/\/heidysandovalruiz.com\/?p=6121"},"modified":"2019-04-25T17:03:53","modified_gmt":"2019-04-25T17:03:53","slug":"obra-hermano-pedro-en-temporada","status":"publish","type":"post","link":"https:\/\/heidysandovalruiz.com\/?p=6121","title":{"rendered":"Obra \u00abHermano Pedro\u00bb en temporada"},"content":{"rendered":"<p style=\"text-align: justify;\">La Compa\u00f1\u00eda de Teatro Bravo presenta la obra \u201cHermano Pedro\u201d, misma que subir\u00e1 a escena el viernes 26 a las 20:00 horas en el Teatro de C\u00e1mara Hugo Carrillo, del Centro Cultural Miguel \u00c1ngel Asturias. La admisi\u00f3n es de Q.65.00 platea y Q.45.00 balc\u00f3n.\u00a0 La obra cuenta con la actuaci\u00f3n especial de la primer\u00edsima actriz Mar\u00eda Teresa Mart\u00ednez y Sergio Luna.<\/p>\n<p style=\"text-align: justify;\">Una fusi\u00f3n de teatro con cine que los har\u00e1 compartir momentos especiales que vivi\u00f3 en la Antigua Guatemala el \u00fanico santo, quien este 25 de abril cumple 352 a\u00f1os de haber fallecido. Una adaptaci\u00f3n de Ana Mar\u00eda Bravo quien adem\u00e1s la dirige y en la producci\u00f3n Luis Pellecer. Antonio Valenzuela es el actor que encarna al Hermano Pedro de Betancourt.<\/p>\n<p style=\"text-align: justify;\">La obra estar\u00e1 en cartelera del 26 de abril al 19 de mayo. Viernes y s\u00e1bado a las 8:00pm y Domingo a las 5:00pm.<\/p>\n<p style=\"text-align: justify;\"><strong>\u00bfQui\u00e9n fue Pedro de San Jos\u00e9 de Betancourt?<\/strong><\/p>\n<p style=\"text-align: justify;\">Naci\u00f3 en Vilaflor, Tenerife, el 21 de marzo de 1626. Fue el fundador del primer hospital de convalecientes y de la primera escuela popular para ni\u00f1os y adultos en la que, en el marco de la Am\u00e9rica hispana del siglo XVII, no se hac\u00eda acepci\u00f3n de personas por su raza o sexo: pod\u00edan asistir por igual ni\u00f1os y ni\u00f1as, blancos, ind\u00edgenas, negros y mestizos.\u200b Adem\u00e1s fue el iniciador de un movimiento de hospitalidad para forasteros, sacerdotes y estudiantes.<\/p>\n<p style=\"text-align: justify;\">Fue beatificado en 1980 en la Bas\u00edlica de San Pedro del Vaticano y canonizado en la Ciudad de Guatemala por el papa Juan Pablo II en 2002. Es el primer santo nativo de las Islas Canarias. Tambi\u00e9n se lo considera como el primer santo de Guatemala y de Centroam\u00e9rica por haber realizado su obra misionera en esas tierras americanas.<\/p>\n<p style=\"text-align: justify;\">Falleci\u00f3 un 25 de abril de 1667. Se le conoci\u00f3 popularmente como el hermano Pedro, santo hermano Pedro o san Pedro de Vilaflor. Religioso terciario franciscano y misionero espa\u00f1ol, fundador de la Orden de los Betlemitas.<\/p>\n<p>Les invitamos para que se unan al grupo de \u00abArtistas de Guatemala para el Mundo\u00bb en este link <a href=\"http:\/\/on.fb.me\/1sn2wSf\">http:\/\/on.fb.me\/1sn2wSf<\/a> \u00a0\u00a0el cual tiene como prop\u00f3sito compartir videos, fotos, an\u00e9cdotas y todo lo de nuestros artistas en las diferentes d\u00e9cadas.<\/p>\n<p>Hemos creado el grupo \u201c<strong>Las entrevistas de Heidy\u201d<\/strong> que pueden localizar en<\/p>\n<p><a href=\"https:\/\/www.facebook.com\/groups\/1443599465933701\/\">https:\/\/www.facebook.com\/groups\/1443599465933701\/<\/a><\/p>\n<p>Tambi\u00e9n ponemos a su disposici\u00f3n el grupo <strong>\u201cUn siglo de anuncios y algo m\u00e1s\u2026\u201d, <\/strong>un espacio donde pueden compartir o comentar los post que se publiquen <a href=\"http:\/\/on.fb.me\/1vASm2g\">http:\/\/on.fb.me\/1vASm2g<\/a><\/p>\n<p><strong>Las entrevistas las pueden leer en los siguientes links:<\/strong><\/p>\n<p><a href=\"http:\/\/www.heidysandovalruiz.com\">http:\/\/www.heidysandovalruiz.com<\/a><\/p>\n<p><a href=\"http:\/\/lasentrevistasdeheidy.blogspot.com\">http:\/\/lasentrevistasdeheidy.blogspot.com<\/a><\/p>\n<p><a href=\"https:\/\/www.facebook.com\/pages\/Los-invitados-de-Heidy\/892159284204965?ref=hl\">https:\/\/www.facebook.com\/pages\/Los-invitados-de-Heidy\/892159284204965?ref=hl<\/a><\/p>\n<p>&nbsp;<\/p>\n<p>por Heidy Sandoval Ruiz<\/p>\n<p>&nbsp;<\/p>\n","protected":false},"excerpt":{"rendered":"<div class=\"mh-excerpt\"><p>La Compa\u00f1\u00eda de Teatro Bravo presenta la obra \u201cHermano Pedro\u201d, misma que subir\u00e1 a escena el viernes 26 a las 20:00 horas en el Teatro <a class=\"mh-excerpt-more\" href=\"https:\/\/heidysandovalruiz.com\/?p=6121\" title=\"Obra \u00abHermano Pedro\u00bb en temporada\">[&#8230;]<\/a><\/p>\n<\/div>","protected":false},"author":4,"featured_media":6122,"comment_status":"closed","ping_status":"closed","sticky":false,"template":"","format":"standard","meta":{"footnotes":""},"categories":[63],"tags":[433],"class_list":["post-6121","post","type-post","status-publish","format-standard","has-post-thumbnail","hentry","category-varios","tag-obra-hermano-pedro-en-temporada"],"_links":{"self":[{"href":"https:\/\/heidysandovalruiz.com\/index.php?rest_route=\/wp\/v2\/posts\/6121","targetHints":{"allow":["GET"]}}],"collection":[{"href":"https:\/\/heidysandovalruiz.com\/index.php?rest_route=\/wp\/v2\/posts"}],"about":[{"href":"https:\/\/heidysandovalruiz.com\/index.php?rest_route=\/wp\/v2\/types\/post"}],"author":[{"embeddable":true,"href":"https:\/\/heidysandovalruiz.com\/index.php?rest_route=\/wp\/v2\/users\/4"}],"replies":[{"embeddable":true,"href":"https:\/\/heidysandovalruiz.com\/index.php?rest_route=%2Fwp%2Fv2%2Fcomments&post=6121"}],"version-history":[{"count":2,"href":"https:\/\/heidysandovalruiz.com\/index.php?rest_route=\/wp\/v2\/posts\/6121\/revisions"}],"predecessor-version":[{"id":6124,"href":"https:\/\/heidysandovalruiz.com\/index.php?rest_route=\/wp\/v2\/posts\/6121\/revisions\/6124"}],"wp:featuredmedia":[{"embeddable":true,"href":"https:\/\/heidysandovalruiz.com\/index.php?rest_route=\/wp\/v2\/media\/6122"}],"wp:attachment":[{"href":"https:\/\/heidysandovalruiz.com\/index.php?rest_route=%2Fwp%2Fv2%2Fmedia&parent=6121"}],"wp:term":[{"taxonomy":"category","embeddable":true,"href":"https:\/\/heidysandovalruiz.com\/index.php?rest_route=%2Fwp%2Fv2%2Fcategories&post=6121"},{"taxonomy":"post_tag","embeddable":true,"href":"https:\/\/heidysandovalruiz.com\/index.php?rest_route=%2Fwp%2Fv2%2Ftags&post=6121"}],"curies":[{"name":"wp","href":"https:\/\/api.w.org\/{rel}","templated":true}]}}