{"id":6147,"date":"2019-06-14T00:59:21","date_gmt":"2019-06-14T00:59:21","guid":{"rendered":"http:\/\/heidysandovalruiz.com\/?p=6147"},"modified":"2019-06-14T00:59:21","modified_gmt":"2019-06-14T00:59:21","slug":"premio-editorial-universitaria-de-poesia-manuel-jose-arce-2019","status":"publish","type":"post","link":"https:\/\/heidysandovalruiz.com\/?p=6147","title":{"rendered":"Premio Editorial Universitaria de Poes\u00eda  \u00abManuel Jos\u00e9 Arce\u00bb 2019"},"content":{"rendered":"<p><strong>Objeto: <\/strong><\/p>\n<p style=\"text-align: justify;\">La Universidad de San Carlos de Guatemala (USAC) convoca al Premio Editorial Universitaria de Poes\u00eda \u00abManuel Jos\u00e9 Arce\u00bb para resaltar la figura del insigne poeta, dramaturgo, periodista y uno de los trabajadores m\u00e1s destacados de la Editorial Universitaria. As\u00ed como para conmemorar los 74 a\u00f1os de fundaci\u00f3n de la Editorial Universitaria y fomentar la poes\u00eda entre los estudiantes, docentes y trabajadores de la USAC en todo el pa\u00eds.<\/p>\n<p><strong>Requisitos: <\/strong><\/p>\n<p style=\"text-align: justify;\">A esta convocatoria podr\u00e1n presentarse obras originales e in\u00e9ditas de estudiantes inscritos, docentes y trabajadores de la USAC. La extensi\u00f3n es de un m\u00ednimo de 60 p\u00e1ginas escritas en hojas tama\u00f1o carta a rengl\u00f3n abierto, en una sola cara y 12 puntos de tipo Times New Roman. El tema es libre. Los trabajos deber\u00e1n firmarse con seud\u00f3nimo y estar acompa\u00f1ados de una plica de identificaci\u00f3n (en un sobre cerrado se incluir\u00e1 el nombre del autor, seud\u00f3nimo, t\u00edtulo de la obra, correo electr\u00f3nico, n\u00famero de tel\u00e9fono; copia del carnet de estudiante; para trabajadores y docentes, el n\u00famero de registro de personal). Los textos deben remitirse en tres copias. Adem\u00e1s, en un CD deben incluir la versi\u00f3n digital y\u00a0 un breve curr\u00edculum del participante.<\/p>\n<p style=\"text-align: justify;\">No se admitir\u00e1n trabajos publicados o premiados con anterioridad, ni que est\u00e9n participando en otros cert\u00e1menes, ni de quienes hayan ganado este premio dos veces consecutivas o alternos.<\/p>\n<p style=\"text-align: justify;\"><strong>Plazo: <\/strong><\/p>\n<p style=\"text-align: justify;\">Los trabajos deben remitirse a la Secretar\u00eda de la Editorial Universitaria, a partir de esta convocatoria. La recepci\u00f3n concluye a las 15:00 horas del\u00a0 viernes 6 de septiembre de 2019.\u00a0 A partir de dicha fecha, no ser\u00e1 admitido ning\u00fan trabajo.<\/p>\n<p><strong>Premio:<\/strong><\/p>\n<p style=\"text-align: justify;\">Un lote de libros y diploma al trabajo po\u00e9tico que\u00a0 por unanimidad o por mayor\u00eda de votos del jurado, resulte ganador. La Editorial Universitaria publicar\u00e1 el trabajo haciendo constar el pleno respeto de todos los derechos de autor que la ley de propiedad intelectual establece.<\/p>\n<p style=\"text-align: justify;\"><strong>Jurado:<\/strong><\/p>\n<p style=\"text-align: justify;\">Ser\u00e1 integrado por tres autores conocedores de literatura y en particular de poes\u00eda. Su fallo ser\u00e1 inapelable y dado a conocer el 27 de septiembre de 2019. Las obras no seleccionadas quedar\u00e1n a disposici\u00f3n de los participantes durante los dos meses posteriores al fallo, en la recepci\u00f3n de la Secretar\u00eda de la Editorial Universitaria, Ciudad Universitaria, zona 12.<\/p>\n<p style=\"text-align: justify;\"><strong>Entrega del premio:<\/strong><\/p>\n<p style=\"text-align: justify;\">Se realizar\u00e1 el viernes 15 de noviembre de 2019. La hora y lugar se informar\u00e1 oportunamente.<\/p>\n<p style=\"text-align: justify;\"><strong>Interpretaci\u00f3n de la bases:<\/strong><\/p>\n<p style=\"text-align: justify;\">La participaci\u00f3n en el Premio Editorial Universitaria de Poes\u00eda \u00abManuel Jos\u00e9 Arce\u00bb implica la plena aceptaci\u00f3n de estas bases, su interpretaci\u00f3n queda sujeta estrictamente al criterio del jurado y no se establecer\u00e1 ninguna correspondencia al respecto.<\/p>\n<p style=\"text-align: justify;\">\n","protected":false},"excerpt":{"rendered":"<div class=\"mh-excerpt\"><p>Objeto: La Universidad de San Carlos de Guatemala (USAC) convoca al Premio Editorial Universitaria de Poes\u00eda \u00abManuel Jos\u00e9 Arce\u00bb para resaltar la figura del insigne <a class=\"mh-excerpt-more\" href=\"https:\/\/heidysandovalruiz.com\/?p=6147\" title=\"Premio Editorial Universitaria de Poes\u00eda  \u00abManuel Jos\u00e9 Arce\u00bb 2019\">[&#8230;]<\/a><\/p>\n<\/div>","protected":false},"author":4,"featured_media":6149,"comment_status":"closed","ping_status":"closed","sticky":false,"template":"","format":"standard","meta":{"footnotes":""},"categories":[5],"tags":[],"class_list":["post-6147","post","type-post","status-publish","format-standard","has-post-thumbnail","hentry","category-entrevistas"],"_links":{"self":[{"href":"https:\/\/heidysandovalruiz.com\/index.php?rest_route=\/wp\/v2\/posts\/6147","targetHints":{"allow":["GET"]}}],"collection":[{"href":"https:\/\/heidysandovalruiz.com\/index.php?rest_route=\/wp\/v2\/posts"}],"about":[{"href":"https:\/\/heidysandovalruiz.com\/index.php?rest_route=\/wp\/v2\/types\/post"}],"author":[{"embeddable":true,"href":"https:\/\/heidysandovalruiz.com\/index.php?rest_route=\/wp\/v2\/users\/4"}],"replies":[{"embeddable":true,"href":"https:\/\/heidysandovalruiz.com\/index.php?rest_route=%2Fwp%2Fv2%2Fcomments&post=6147"}],"version-history":[{"count":1,"href":"https:\/\/heidysandovalruiz.com\/index.php?rest_route=\/wp\/v2\/posts\/6147\/revisions"}],"predecessor-version":[{"id":6148,"href":"https:\/\/heidysandovalruiz.com\/index.php?rest_route=\/wp\/v2\/posts\/6147\/revisions\/6148"}],"wp:featuredmedia":[{"embeddable":true,"href":"https:\/\/heidysandovalruiz.com\/index.php?rest_route=\/wp\/v2\/media\/6149"}],"wp:attachment":[{"href":"https:\/\/heidysandovalruiz.com\/index.php?rest_route=%2Fwp%2Fv2%2Fmedia&parent=6147"}],"wp:term":[{"taxonomy":"category","embeddable":true,"href":"https:\/\/heidysandovalruiz.com\/index.php?rest_route=%2Fwp%2Fv2%2Fcategories&post=6147"},{"taxonomy":"post_tag","embeddable":true,"href":"https:\/\/heidysandovalruiz.com\/index.php?rest_route=%2Fwp%2Fv2%2Ftags&post=6147"}],"curies":[{"name":"wp","href":"https:\/\/api.w.org\/{rel}","templated":true}]}}