{"id":615,"date":"2013-11-26T22:12:47","date_gmt":"2013-11-26T22:12:47","guid":{"rendered":"http:\/\/heidysandovalruiz.com\/?p=615"},"modified":"2014-02-19T22:24:08","modified_gmt":"2014-02-19T22:24:08","slug":"la-cara-amiga-de-julia-leal","status":"publish","type":"post","link":"https:\/\/heidysandovalruiz.com\/?p=615","title":{"rendered":"La cara amiga de \u00abJulia Leal\u00bb"},"content":{"rendered":"<div>\n<p style=\"text-align: justify;\"><span style=\"color: #351c75; font-family: 'Trebuchet MS', sans-serif;\">El d\u00eda de hoy en \u201c<b>La cara amiga de nuestros invitados<\/b>\u201d, conoceremos de cerca a una cantante que desde ni\u00f1a sinti\u00f3 inclinaciones art\u00edsticas, raz\u00f3n por la que particip\u00f3 en el coro del colegio, adem\u00e1s, su padre la apoyaba con la guitarra cuando ella cantaba. Ella es\u00a0<b>Julia Leal<\/b>, cantante y compositora y a quien hoy le damos la m\u00e1s cordial bienvenida a este espacio, donde\u00a0<span>se puede decir lo que se quiere y lo que en otros medios no se puede.<\/span><\/span><\/p>\n<\/div>\n<div style=\"text-align: justify;\">\n<p><span style=\"color: #351c75; font-family: 'Trebuchet MS', sans-serif;\">Naciste en la Ciudad de Guatemala en uno de los barrios de la zona 2, conocemos que desde ni\u00f1a te gustaba cantar, que recuerdas de esos momentos cuando tu padre te acompa\u00f1aba en la guitarra?<\/span><\/p>\n<\/div>\n<div style=\"text-align: justify;\">\n<p><span style=\"color: #351c75; font-family: 'Trebuchet MS', sans-serif;\"><b>Son momentos inolvidables, para mi padre yo fui una ni\u00f1a muy especial y me consent\u00eda.\u00a0<\/b><\/span><\/p>\n<p><span style=\"color: #351c75; font-family: 'Trebuchet MS', sans-serif;\">Que canciones interpretabas en tu ni\u00f1ez? \u00a0<\/span><b style=\"color: #351c75; font-family: 'Trebuchet MS', sans-serif;\">Cantaba canciones de Sarita Montiel m\u00e1s que todo pero inclu\u00edamos rancheras y boleros.<\/b><\/p>\n<\/div>\n<div style=\"text-align: justify;\">\n<p><span style=\"color: #351c75; font-family: 'Trebuchet MS', sans-serif;\">Que significa para ti el a\u00f1o 1970 y Nueva York? \u00a0<\/span><b style=\"color: #351c75; font-family: 'Trebuchet MS', sans-serif;\">Tiene un gran impacto en mi vida, mi esposo trabajaba en el INVI y renuncio para buscar mejores oportunidades y Nueva York es mi hogar igual que mi amada Guatemala pues viv\u00ed all\u00e1 32 a\u00f1os.<\/b><\/p>\n<\/div>\n<div style=\"text-align: justify;\">\n<p><span style=\"color: #351c75; font-family: 'Trebuchet MS', sans-serif;\">Pero en 1974 ganas un premio en Toronto, cu\u00e9ntanos de tu experiencia en este concurso, que interpretaste y cu\u00e1ntas personas participaron? \u00a0<\/span><b style=\"color: #351c75; font-family: 'Trebuchet MS', sans-serif;\">Fue lindo, nunca hab\u00eda tomado clases de canto y gane con el bolero Gema \u00e9ramos 70 participantes.<\/b><\/p>\n<\/div>\n<div style=\"text-align: justify;\">\n<p><span style=\"color: #351c75; font-family: 'Trebuchet MS', sans-serif;\">Recuerdas el nombre de tus maestros de canto en Nueva York? \u00a0<\/span><b style=\"color: #351c75; font-family: 'Trebuchet MS', sans-serif;\">Si Jenny Pogan y la soprano Carol Joy Evans, me dec\u00edan que mi estilo era complicado.<\/b><\/p>\n<\/div>\n<div style=\"text-align: justify;\">\n<p><span style=\"color: #351c75; font-family: 'Trebuchet MS', sans-serif;\">Has cantado en ingl\u00e9s? \u00a0<\/span><b style=\"color: #351c75; font-family: 'Trebuchet MS', sans-serif;\">Si, canciones de Los Beatles y tambi\u00e9n m\u00fasica de country.<\/b><\/p>\n<\/div>\n<div style=\"text-align: justify;\">\n<p><span style=\"color: #351c75; font-family: 'Trebuchet MS', sans-serif;\">Que canciones has grabado? \u00a0<\/span><b style=\"color: #351c75; font-family: 'Trebuchet MS', sans-serif;\">Propias alrededor de 24 y covers de varios g\u00e9neros.<\/b><\/p>\n<\/div>\n<div style=\"text-align: justify;\">\n<p><span style=\"color: #351c75; font-family: 'Trebuchet MS', sans-serif;\">En el a\u00f1o 2003 decides regresar a vivir a Guatemala, que te hace tomar esa decisi\u00f3n? \u00a0<\/span><b style=\"color: #351c75; font-family: 'Trebuchet MS', sans-serif;\">Mi esposo se jubil\u00f3 y llega un momento en que cansa la vida tan agitada que se vive en Nueva York.<\/b><\/p>\n<\/div>\n<div style=\"text-align: justify;\">\n<p><span style=\"color: #351c75; font-family: 'Trebuchet MS', sans-serif;\">Nos puedes mencionar algunos de los eventos en los que has participado?\u00a0<\/span><b style=\"color: #351c75; font-family: 'Trebuchet MS', sans-serif;\">En Nueva York participe en recitales en los condados de Putnam y Westchester y en Guatemala mi primer recital fue en el Centro Cultural Los Nazarenos, mini telet\u00f3n en Antigua y eventos culturales en La linda escuela de Filosofia \u201cNueva Acropolis De Antigua asi como tambi\u00e9n eventos particulares.<\/b><\/p>\n<\/div>\n<div style=\"text-align: justify;\">\n<p><span style=\"color: #351c75; font-family: 'Trebuchet MS', sans-serif;\">Eres compositora, cu\u00e1ntas canciones has escrito?\u00a0<\/span><b style=\"color: #351c75; font-family: 'Trebuchet MS', sans-serif;\">M\u00e1s o menos 40 canciones.<\/b><\/p>\n<\/div>\n<div style=\"text-align: justify;\">\n<p><span style=\"color: #351c75; font-family: 'Trebuchet MS', sans-serif;\">De las canciones guatemaltecas cu\u00e1les te gustan interpretar?\u00a0<\/span><b style=\"color: #351c75; font-family: 'Trebuchet MS', sans-serif;\">Luna de Xelaju, Tus Manos Blancas, Que es lo que dicen tus ojos etc.<\/b><\/p>\n<\/div>\n<div style=\"text-align: justify;\">\n<p><span style=\"color: #351c75; font-family: 'Trebuchet MS', sans-serif;\">Qui\u00e9n es tu artista guatemalteco preferido? \u00a0<\/span><b style=\"color: #351c75; font-family: 'Trebuchet MS', sans-serif;\">No prefiero a nadie, todos tienen su especialidad y los admiro a todos.<\/b><\/p>\n<\/div>\n<div style=\"text-align: justify;\">\n<p><span style=\"color: #351c75; font-family: 'Trebuchet MS', sans-serif;\">Qu\u00e9 proyectos tienes para estos \u00faltimos meses del a\u00f1o? \u00a0<\/span><b style=\"color: #351c75; font-family: 'Trebuchet MS', sans-serif;\">Quisiera tener muchos proyectos pero por el momento estoy grabando canciones de diferente estilos y pa\u00edses para un CD digamos especial.<\/b><\/p>\n<\/div>\n<div style=\"text-align: justify;\">\n<p><span style=\"color: #351c75; font-family: 'Trebuchet MS', sans-serif;\">Qu\u00e9 opinas del apoyo de los medios de comunicaci\u00f3n para promover una carrera art\u00edstica? \u00a0<\/span><b style=\"color: #351c75; font-family: 'Trebuchet MS', sans-serif;\">El apoyo es muy pobre, prometen a una y se olvidan pero yo tomo de la vida lo que se me presenta cuando llega.<\/b><\/p>\n<\/div>\n<div style=\"text-align: justify;\">\n<p><span style=\"color: #351c75; font-family: 'Trebuchet MS', sans-serif;\">Qu\u00e9 significa para ti tu familia? \u00a0<\/span><b style=\"color: #351c75; font-family: 'Trebuchet MS', sans-serif;\">Es la parte m\u00e1s importante de mi vida y mi esposo Otto Leal, me apoya en todos mis proyectos y me tiene mucha paciencia, toda mi familia es mi mayor apoyo y los amo.<\/b><\/p>\n<\/div>\n<div style=\"text-align: justify;\">\n<p><span style=\"color: #351c75; font-family: 'Trebuchet MS', sans-serif;\">En d\u00f3nde pueden localizarte para contrataciones?\u00a0<\/span><b style=\"font-family: 'Trebuchet MS', sans-serif; color: #351c75;\">Estoy en Facebook como Julia Leal de igual manera en Youtube o a los tel\u00e9fonos 59000193 y 50679046 y juliarleal@yahoo.com<\/b><\/p>\n<p>&nbsp;<\/p>\n<\/div>\n<div>\n<p style=\"text-align: justify;\">\n<p><strong>Les invitamos a darle me gusta a nuestras Fan Page<\/strong><\/p>\n<p style=\"text-align: justify;\">\n<p>\u00abGala de la Canci\u00f3n Guatemalteca\u00bb y \u00abLos invitados de Heidy\u00bb<\/p>\n<p style=\"text-align: justify;\">\n<p><a title=\"Gala de la Canci\u00f3n Guatemalteca\" href=\"http:\/\/on.fb.me\/1kXE6cH\">http:\/\/on.fb.me\/1kXE6cH<\/a><\/p>\n<p style=\"text-align: justify;\">\n<p><a title=\"Los invitados de Heidy\" href=\"http:\/\/on.fb.me\/1cnno1t\">http:\/\/on.fb.me\/1cnno1t<\/a><\/p>\n<p style=\"text-align: justify;\"><span style=\"color: #351c75; font-family: 'Trebuchet MS', sans-serif;\"><b><br \/>\n<\/b><\/span><span style=\"color: #351c75; font-family: 'Trebuchet MS', sans-serif;\"><b><br \/>\n<\/b><\/span><\/p>\n<\/div>\n<div>\n<p><span style=\"color: #351c75; font-family: 'Trebuchet MS', sans-serif; font-size: small;\"><b>Entrevista realizada por Heidy Sandoval Ruiz<\/b><\/span><\/p>\n<\/div>\n","protected":false},"excerpt":{"rendered":"<div class=\"mh-excerpt\"><p>El d\u00eda de hoy en \u201cLa cara amiga de nuestros invitados\u201d, conoceremos de cerca a una cantante que desde ni\u00f1a sinti\u00f3 inclinaciones art\u00edsticas, raz\u00f3n por <a class=\"mh-excerpt-more\" href=\"https:\/\/heidysandovalruiz.com\/?p=615\" title=\"La cara amiga de \u00abJulia Leal\u00bb\">[&#8230;]<\/a><\/p>\n<\/div>","protected":false},"author":4,"featured_media":616,"comment_status":"closed","ping_status":"closed","sticky":false,"template":"","format":"standard","meta":{"footnotes":""},"categories":[16],"tags":[41],"class_list":["post-615","post","type-post","status-publish","format-standard","has-post-thumbnail","hentry","category-la-cara-amiga","tag-la-cara-amiga-de-julia-leal"],"_links":{"self":[{"href":"https:\/\/heidysandovalruiz.com\/index.php?rest_route=\/wp\/v2\/posts\/615","targetHints":{"allow":["GET"]}}],"collection":[{"href":"https:\/\/heidysandovalruiz.com\/index.php?rest_route=\/wp\/v2\/posts"}],"about":[{"href":"https:\/\/heidysandovalruiz.com\/index.php?rest_route=\/wp\/v2\/types\/post"}],"author":[{"embeddable":true,"href":"https:\/\/heidysandovalruiz.com\/index.php?rest_route=\/wp\/v2\/users\/4"}],"replies":[{"embeddable":true,"href":"https:\/\/heidysandovalruiz.com\/index.php?rest_route=%2Fwp%2Fv2%2Fcomments&post=615"}],"version-history":[{"count":3,"href":"https:\/\/heidysandovalruiz.com\/index.php?rest_route=\/wp\/v2\/posts\/615\/revisions"}],"predecessor-version":[{"id":618,"href":"https:\/\/heidysandovalruiz.com\/index.php?rest_route=\/wp\/v2\/posts\/615\/revisions\/618"}],"wp:featuredmedia":[{"embeddable":true,"href":"https:\/\/heidysandovalruiz.com\/index.php?rest_route=\/wp\/v2\/media\/616"}],"wp:attachment":[{"href":"https:\/\/heidysandovalruiz.com\/index.php?rest_route=%2Fwp%2Fv2%2Fmedia&parent=615"}],"wp:term":[{"taxonomy":"category","embeddable":true,"href":"https:\/\/heidysandovalruiz.com\/index.php?rest_route=%2Fwp%2Fv2%2Fcategories&post=615"},{"taxonomy":"post_tag","embeddable":true,"href":"https:\/\/heidysandovalruiz.com\/index.php?rest_route=%2Fwp%2Fv2%2Ftags&post=615"}],"curies":[{"name":"wp","href":"https:\/\/api.w.org\/{rel}","templated":true}]}}