{"id":6164,"date":"2019-06-29T04:14:14","date_gmt":"2019-06-29T04:14:14","guid":{"rendered":"http:\/\/heidysandovalruiz.com\/?p=6164"},"modified":"2019-06-29T04:14:14","modified_gmt":"2019-06-29T04:14:14","slug":"amarilis-barahona-presento-en-el-festival-de-junio-por-que-a-mi","status":"publish","type":"post","link":"https:\/\/heidysandovalruiz.com\/?p=6164","title":{"rendered":"Amarilis Barahona present\u00f3 en el Festival de Junio \u00bfPor qu\u00e9 a m\u00ed?"},"content":{"rendered":"<p><strong>Por Heidy Sandoval Ruiz<\/strong><\/p>\n<p style=\"text-align: justify;\">Dentro de los muchos eventos que he presentado a lo largo de mi vida profesional he conocido a muchos maravillosos artistas, cantantes, compositores, de teatro, cine, presentadores de televisi\u00f3n y muchos m\u00e1s pero nunca hab\u00eda tenido la oportunidad de hacer la presentaci\u00f3n de un libro y, como todo llega en la vida, gracias al \u201cXV Festival de Junio\u201d que se presenta a\u00f1o con a\u00f1o en el Centro Cultural Miguel \u00c1ngel Asturias y por una invitaci\u00f3n muy especial,\u00a0 tuve la alegr\u00eda de poder presentar a la escritora y poetisa Amarilis Barahona, en un evento que cont\u00f3, adem\u00e1s de la presentaci\u00f3n del libro en menci\u00f3n, con la calidad indiscutible del gran Arturo Xicay y Jairo L\u00f3pez en el espacio art\u00edstico de la actividad presentada.<\/p>\n<p>Dentro de los puntos que se presentaron contamos con la participaci\u00f3n de la poeta Evelyn Adal\u00ed Orellana quien hizo una remembranza de Amarilis Barahona, asimismo, se cont\u00f3 con la presencia de la licenciada Noem\u00ed Flores quien represent\u00f3 a la mesa t\u00e9cnica del festival, y quien amablemente ley\u00f3 uno de los poemas escritos por la escritora Barahona.<\/p>\n<p style=\"text-align: justify;\">Pero no todo termin\u00f3 all\u00ed, ya que como productora del evento fui invitada a leer algunos versos escritos por nuestra agasajada y les cuento que no me fue tan mal, modestia aparte.<\/p>\n<p style=\"text-align: justify;\">El evento fue presentado en TRAS BAMBALINAS, uno de los bellos escenarios con que cuenta el Centro Cultural Miguel \u00c1ngel Asturias y el mismo se vio con bastante p\u00fablico que no solo escuch\u00f3 a nuestros artistas invitados y los poemas de nuestra escritora, sino que tambi\u00e9n participaron con preguntas y felicitaciones a la autora adem\u00e1s de la compra por algunos asistentes al evento, del libro \u201cPOR QUE A M\u00cd\u201d.<\/p>\n<p style=\"text-align: justify;\"><a href=\"https:\/\/heidysandovalruiz.com\/wp-content\/uploads\/2019\/06\/11.jpg\"><img loading=\"lazy\" decoding=\"async\" class=\"aligncenter size-medium wp-image-6166\" src=\"https:\/\/heidysandovalruiz.com\/wp-content\/uploads\/2019\/06\/11-146x300.jpg\" alt=\"1\" width=\"146\" height=\"300\" srcset=\"https:\/\/heidysandovalruiz.com\/wp-content\/uploads\/2019\/06\/11-146x300.jpg 146w, https:\/\/heidysandovalruiz.com\/wp-content\/uploads\/2019\/06\/11.jpg 435w\" sizes=\"auto, (max-width: 146px) 100vw, 146px\" \/><\/a><\/p>\n<p style=\"text-align: justify;\"><a href=\"https:\/\/heidysandovalruiz.com\/wp-content\/uploads\/2019\/06\/21.jpg\"><img loading=\"lazy\" decoding=\"async\" class=\"aligncenter size-medium wp-image-6167\" src=\"https:\/\/heidysandovalruiz.com\/wp-content\/uploads\/2019\/06\/21-300x146.jpg\" alt=\"2\" width=\"300\" height=\"146\" srcset=\"https:\/\/heidysandovalruiz.com\/wp-content\/uploads\/2019\/06\/21-300x146.jpg 300w, https:\/\/heidysandovalruiz.com\/wp-content\/uploads\/2019\/06\/21.jpg 807w\" sizes=\"auto, (max-width: 300px) 100vw, 300px\" \/><\/a><\/p>\n<p style=\"text-align: justify;\"><a href=\"https:\/\/heidysandovalruiz.com\/wp-content\/uploads\/2019\/06\/3.jpg\"><img loading=\"lazy\" decoding=\"async\" class=\"aligncenter size-medium wp-image-6168\" src=\"https:\/\/heidysandovalruiz.com\/wp-content\/uploads\/2019\/06\/3-300x146.jpg\" alt=\"3\" width=\"300\" height=\"146\" srcset=\"https:\/\/heidysandovalruiz.com\/wp-content\/uploads\/2019\/06\/3-300x146.jpg 300w, https:\/\/heidysandovalruiz.com\/wp-content\/uploads\/2019\/06\/3.jpg 605w\" sizes=\"auto, (max-width: 300px) 100vw, 300px\" \/><\/a><\/p>\n<p style=\"text-align: justify;\"><a href=\"https:\/\/heidysandovalruiz.com\/wp-content\/uploads\/2019\/06\/41.jpg\"><img loading=\"lazy\" decoding=\"async\" class=\"aligncenter size-medium wp-image-6169\" src=\"https:\/\/heidysandovalruiz.com\/wp-content\/uploads\/2019\/06\/41-300x200.jpg\" alt=\"4\" width=\"300\" height=\"200\" srcset=\"https:\/\/heidysandovalruiz.com\/wp-content\/uploads\/2019\/06\/41-300x200.jpg 300w, https:\/\/heidysandovalruiz.com\/wp-content\/uploads\/2019\/06\/41.jpg 675w\" sizes=\"auto, (max-width: 300px) 100vw, 300px\" \/><\/a><\/p>\n<p style=\"text-align: justify;\"><a href=\"https:\/\/heidysandovalruiz.com\/wp-content\/uploads\/2019\/06\/5.jpg\"><img loading=\"lazy\" decoding=\"async\" class=\"aligncenter size-medium wp-image-6170\" src=\"https:\/\/heidysandovalruiz.com\/wp-content\/uploads\/2019\/06\/5-300x200.jpg\" alt=\"5\" width=\"300\" height=\"200\" srcset=\"https:\/\/heidysandovalruiz.com\/wp-content\/uploads\/2019\/06\/5-300x200.jpg 300w, https:\/\/heidysandovalruiz.com\/wp-content\/uploads\/2019\/06\/5.jpg 675w\" sizes=\"auto, (max-width: 300px) 100vw, 300px\" \/><\/a><\/p>\n<p style=\"text-align: justify;\"><a href=\"https:\/\/heidysandovalruiz.com\/wp-content\/uploads\/2019\/06\/6.jpg\"><img loading=\"lazy\" decoding=\"async\" class=\"aligncenter size-medium wp-image-6171\" src=\"https:\/\/heidysandovalruiz.com\/wp-content\/uploads\/2019\/06\/6-300x200.jpg\" alt=\"6\" width=\"300\" height=\"200\" srcset=\"https:\/\/heidysandovalruiz.com\/wp-content\/uploads\/2019\/06\/6-300x200.jpg 300w, https:\/\/heidysandovalruiz.com\/wp-content\/uploads\/2019\/06\/6.jpg 675w\" sizes=\"auto, (max-width: 300px) 100vw, 300px\" \/><\/a><\/p>\n<p style=\"text-align: justify;\">Les invitamos para que se unan al grupo de <strong>\u00abFotos y m\u00e1s de artistas de Guatemala para el Mundo\u00bb<\/strong> en este link <a href=\"http:\/\/on.fb.me\/1sn2wSf\">http:\/\/on.fb.me\/1sn2wSf<\/a> \u00a0\u00a0el cual tiene como prop\u00f3sito compartir videos, fotos, an\u00e9cdotas y todo lo de nuestros artistas en las diferentes d\u00e9cadas.<\/p>\n<p style=\"text-align: justify;\">Hemos creado el grupo \u201cLas entrevistas de Heidy\u201d que pueden localizar en<\/p>\n<p style=\"text-align: justify;\"><a href=\"https:\/\/www.facebook.com\/groups\/1443599465933701\/\">https:\/\/www.facebook.com\/groups\/1443599465933701\/<\/a><\/p>\n<p style=\"text-align: justify;\">Tambi\u00e9n ponemos a su disposici\u00f3n el grupo \u201c<strong>Guatemala un siglo de anuncios y algo m\u00e1s\u2026\u201d,<\/strong> un espacio donde pueden compartir o comentar los post que se publiquen <a href=\"http:\/\/on.fb.me\/1vASm2g\">http:\/\/on.fb.me\/1vASm2g<\/a><\/p>\n<p style=\"text-align: justify;\"><strong>Las entrevistas las pueden leer en los siguientes links:<\/strong><\/p>\n<p style=\"text-align: justify;\"><a href=\"http:\/\/www.heidysandovalruiz.com\">http:\/\/www.heidysandovalruiz.com<\/a><\/p>\n<p style=\"text-align: justify;\"><a href=\"http:\/\/lasentrevistasdeheidy.blogspot.com\">http:\/\/lasentrevistasdeheidy.blogspot.com<\/a><\/p>\n<p style=\"text-align: justify;\"><a href=\"https:\/\/www.facebook.com\/pages\/Los-invitados-de-Heidy\/892159284204965?ref=hl\">https:\/\/www.facebook.com\/pages\/Los-invitados-de-Heidy\/892159284204965?ref=hl<\/a><\/p>\n","protected":false},"excerpt":{"rendered":"<div class=\"mh-excerpt\"><p>Por Heidy Sandoval Ruiz Dentro de los muchos eventos que he presentado a lo largo de mi vida profesional he conocido a muchos maravillosos artistas, <a class=\"mh-excerpt-more\" href=\"https:\/\/heidysandovalruiz.com\/?p=6164\" title=\"Amarilis Barahona present\u00f3 en el Festival de Junio \u00bfPor qu\u00e9 a m\u00ed?\">[&#8230;]<\/a><\/p>\n<\/div>","protected":false},"author":4,"featured_media":6165,"comment_status":"closed","ping_status":"closed","sticky":false,"template":"","format":"standard","meta":{"footnotes":""},"categories":[63],"tags":[436],"class_list":["post-6164","post","type-post","status-publish","format-standard","has-post-thumbnail","hentry","category-varios","tag-amarilis-barahona-presento-en-el-festival-de-junio-por-que-a-mi"],"_links":{"self":[{"href":"https:\/\/heidysandovalruiz.com\/index.php?rest_route=\/wp\/v2\/posts\/6164","targetHints":{"allow":["GET"]}}],"collection":[{"href":"https:\/\/heidysandovalruiz.com\/index.php?rest_route=\/wp\/v2\/posts"}],"about":[{"href":"https:\/\/heidysandovalruiz.com\/index.php?rest_route=\/wp\/v2\/types\/post"}],"author":[{"embeddable":true,"href":"https:\/\/heidysandovalruiz.com\/index.php?rest_route=\/wp\/v2\/users\/4"}],"replies":[{"embeddable":true,"href":"https:\/\/heidysandovalruiz.com\/index.php?rest_route=%2Fwp%2Fv2%2Fcomments&post=6164"}],"version-history":[{"count":1,"href":"https:\/\/heidysandovalruiz.com\/index.php?rest_route=\/wp\/v2\/posts\/6164\/revisions"}],"predecessor-version":[{"id":6172,"href":"https:\/\/heidysandovalruiz.com\/index.php?rest_route=\/wp\/v2\/posts\/6164\/revisions\/6172"}],"wp:featuredmedia":[{"embeddable":true,"href":"https:\/\/heidysandovalruiz.com\/index.php?rest_route=\/wp\/v2\/media\/6165"}],"wp:attachment":[{"href":"https:\/\/heidysandovalruiz.com\/index.php?rest_route=%2Fwp%2Fv2%2Fmedia&parent=6164"}],"wp:term":[{"taxonomy":"category","embeddable":true,"href":"https:\/\/heidysandovalruiz.com\/index.php?rest_route=%2Fwp%2Fv2%2Fcategories&post=6164"},{"taxonomy":"post_tag","embeddable":true,"href":"https:\/\/heidysandovalruiz.com\/index.php?rest_route=%2Fwp%2Fv2%2Ftags&post=6164"}],"curies":[{"name":"wp","href":"https:\/\/api.w.org\/{rel}","templated":true}]}}