{"id":6174,"date":"2019-08-23T04:26:50","date_gmt":"2019-08-23T04:26:50","guid":{"rendered":"http:\/\/heidysandovalruiz.com\/?p=6174"},"modified":"2019-08-23T05:11:41","modified_gmt":"2019-08-23T05:11:41","slug":"quinta-callejoneada","status":"publish","type":"post","link":"https:\/\/heidysandovalruiz.com\/?p=6174","title":{"rendered":"Quinta Callejoneada"},"content":{"rendered":"<p style=\"text-align: center; padding-left: 30px;\"><strong>Quinta Callejoneada <\/strong><\/p>\n<p style=\"text-align: center; padding-left: 30px;\"><strong>Estudiantinas alegrar\u00e1n calles del Centro Hist\u00f3rico<\/strong><\/p>\n<p style=\"padding-left: 30px;\"><strong>\u00a0<\/strong><\/p>\n<p>Por Heidy Sandoval Ruiz<\/p>\n<p style=\"text-align: justify;\">En el marco de la celebraci\u00f3n del \u00a0<strong>\u201c22 Festival del Centro Hist\u00f3rico\u201d<\/strong> que se llevar\u00e1 a cabo del 22 al 31 de agosto, se tiene programada para el s\u00e1bado 24 la \u201cQuinta Callejoneada\u201d, \u00a0la que se realizar\u00e1 de la 18 calle al Plaza Mayor de la Constituci\u00f3n \u00a0de las 14.00 a 19.00 horas.<\/p>\n<p style=\"text-align: justify;\">El coordinador de la actividad Ludwin Aguilar inform\u00f3 que participar\u00e1n en esta actividad:<\/p>\n<ul style=\"text-align: justify;\">\n<li>Estudiantina Guadalupana,<\/li>\n<li>Estudiantina Dayen\u00fa,<\/li>\n<li>Estudiantina Horizonte<\/li>\n<li>Estudiantina Pabce<\/li>\n<li>Estudiantina de Ingenier\u00eda de la USAC<\/li>\n<li>Estudiantina del Ni\u00f1o de Praga<\/li>\n<li>Estudiantina Resurrecci\u00f3n<\/li>\n<li>Estudiantina Sagrado Coraz\u00f3n de Jes\u00fas<\/li>\n<li>Estudiantina San Jos\u00e9<\/li>\n<li>Estudiantina Cristo Rey<\/li>\n<li>Grupo Voces<\/li>\n<li>Grupo Waira Taki<\/li>\n<li>Estudiantina Magdiel<\/li>\n<li>Estudiantina de Colores<\/li>\n<li>Estudiantina de Agronom\u00eda de la USAC<\/li>\n<li>Estudiantina de Medicina de la USAC<\/li>\n<li>Estudiantina Eterna Primavera<\/li>\n<li>Colectivo Quipus<\/li>\n<\/ul>\n<p style=\"text-align: justify;\">Asimismo indic\u00f3 que el Estado de M\u00e9xico estar\u00e1 representado por:<\/p>\n<ul style=\"text-align: justify;\">\n<li>Estudiantina Mundo Nuevo<\/li>\n<li>Estudiantina Wayayay<\/li>\n<\/ul>\n<p style=\"text-align: justify;\">Las alegres estudiantinas alegrar\u00e1n con sus notas musicales \u00a0las calles del Centro Hist\u00f3rico y ser\u00e1 un momento para que los guatemaltecos puedan disfrutar de melod\u00edas que al estilo de cada grupo invitado har\u00e1n las delicias para que esta callejoneada sea todo un \u00e9xito.<\/p>\n<p style=\"text-align: justify;\"><a href=\"https:\/\/heidysandovalruiz.com\/wp-content\/uploads\/2019\/08\/IMG-20190717-WA0011.jpg\"><img loading=\"lazy\" decoding=\"async\" class=\"aligncenter size-medium wp-image-6176\" src=\"https:\/\/heidysandovalruiz.com\/wp-content\/uploads\/2019\/08\/IMG-20190717-WA0011-300x169.jpg\" alt=\"IMG-20190717-WA0011\" width=\"300\" height=\"169\" srcset=\"https:\/\/heidysandovalruiz.com\/wp-content\/uploads\/2019\/08\/IMG-20190717-WA0011-300x169.jpg 300w, https:\/\/heidysandovalruiz.com\/wp-content\/uploads\/2019\/08\/IMG-20190717-WA0011.jpg 960w\" sizes=\"auto, (max-width: 300px) 100vw, 300px\" \/><\/a><\/p>\n<p style=\"text-align: justify;\"><a href=\"https:\/\/heidysandovalruiz.com\/wp-content\/uploads\/2019\/08\/IMG-20190717-WA0012.jpg\"><img loading=\"lazy\" decoding=\"async\" class=\"aligncenter size-medium wp-image-6177\" src=\"https:\/\/heidysandovalruiz.com\/wp-content\/uploads\/2019\/08\/IMG-20190717-WA0012-300x225.jpg\" alt=\"IMG-20190717-WA0012\" width=\"300\" height=\"225\" srcset=\"https:\/\/heidysandovalruiz.com\/wp-content\/uploads\/2019\/08\/IMG-20190717-WA0012-300x225.jpg 300w, https:\/\/heidysandovalruiz.com\/wp-content\/uploads\/2019\/08\/IMG-20190717-WA0012.jpg 576w\" sizes=\"auto, (max-width: 300px) 100vw, 300px\" \/><\/a><\/p>\n<p style=\"text-align: justify;\"><a href=\"https:\/\/heidysandovalruiz.com\/wp-content\/uploads\/2019\/08\/IMG-20190717-WA0013.jpg\"><img loading=\"lazy\" decoding=\"async\" class=\"aligncenter size-medium wp-image-6178\" src=\"https:\/\/heidysandovalruiz.com\/wp-content\/uploads\/2019\/08\/IMG-20190717-WA0013-180x300.jpg\" alt=\"IMG-20190717-WA0013\" width=\"180\" height=\"300\" srcset=\"https:\/\/heidysandovalruiz.com\/wp-content\/uploads\/2019\/08\/IMG-20190717-WA0013-180x300.jpg 180w, https:\/\/heidysandovalruiz.com\/wp-content\/uploads\/2019\/08\/IMG-20190717-WA0013-615x1024.jpg 615w, https:\/\/heidysandovalruiz.com\/wp-content\/uploads\/2019\/08\/IMG-20190717-WA0013.jpg 688w\" sizes=\"auto, (max-width: 180px) 100vw, 180px\" \/><\/a><\/p>\n","protected":false},"excerpt":{"rendered":"<div class=\"mh-excerpt\"><p>Quinta Callejoneada Estudiantinas alegrar\u00e1n calles del Centro Hist\u00f3rico \u00a0 Por Heidy Sandoval Ruiz En el marco de la celebraci\u00f3n del \u00a0\u201c22 Festival del Centro Hist\u00f3rico\u201d <a class=\"mh-excerpt-more\" href=\"https:\/\/heidysandovalruiz.com\/?p=6174\" title=\"Quinta Callejoneada\">[&#8230;]<\/a><\/p>\n<\/div>","protected":false},"author":4,"featured_media":6175,"comment_status":"closed","ping_status":"closed","sticky":false,"template":"","format":"standard","meta":{"footnotes":""},"categories":[63],"tags":[437],"class_list":["post-6174","post","type-post","status-publish","format-standard","has-post-thumbnail","hentry","category-varios","tag-quinta-callejoneada"],"_links":{"self":[{"href":"https:\/\/heidysandovalruiz.com\/index.php?rest_route=\/wp\/v2\/posts\/6174","targetHints":{"allow":["GET"]}}],"collection":[{"href":"https:\/\/heidysandovalruiz.com\/index.php?rest_route=\/wp\/v2\/posts"}],"about":[{"href":"https:\/\/heidysandovalruiz.com\/index.php?rest_route=\/wp\/v2\/types\/post"}],"author":[{"embeddable":true,"href":"https:\/\/heidysandovalruiz.com\/index.php?rest_route=\/wp\/v2\/users\/4"}],"replies":[{"embeddable":true,"href":"https:\/\/heidysandovalruiz.com\/index.php?rest_route=%2Fwp%2Fv2%2Fcomments&post=6174"}],"version-history":[{"count":4,"href":"https:\/\/heidysandovalruiz.com\/index.php?rest_route=\/wp\/v2\/posts\/6174\/revisions"}],"predecessor-version":[{"id":6182,"href":"https:\/\/heidysandovalruiz.com\/index.php?rest_route=\/wp\/v2\/posts\/6174\/revisions\/6182"}],"wp:featuredmedia":[{"embeddable":true,"href":"https:\/\/heidysandovalruiz.com\/index.php?rest_route=\/wp\/v2\/media\/6175"}],"wp:attachment":[{"href":"https:\/\/heidysandovalruiz.com\/index.php?rest_route=%2Fwp%2Fv2%2Fmedia&parent=6174"}],"wp:term":[{"taxonomy":"category","embeddable":true,"href":"https:\/\/heidysandovalruiz.com\/index.php?rest_route=%2Fwp%2Fv2%2Fcategories&post=6174"},{"taxonomy":"post_tag","embeddable":true,"href":"https:\/\/heidysandovalruiz.com\/index.php?rest_route=%2Fwp%2Fv2%2Ftags&post=6174"}],"curies":[{"name":"wp","href":"https:\/\/api.w.org\/{rel}","templated":true}]}}