{"id":622,"date":"2013-11-26T22:24:44","date_gmt":"2013-11-26T22:24:44","guid":{"rendered":"http:\/\/heidysandovalruiz.com\/?p=622"},"modified":"2014-03-14T23:06:05","modified_gmt":"2014-03-14T23:06:05","slug":"la-cara-amiga-de-enrique-aguilar","status":"publish","type":"post","link":"https:\/\/heidysandovalruiz.com\/?p=622","title":{"rendered":"La cara amiga de \u00abEnrique Aguilar\u00bb"},"content":{"rendered":"<div>\n<p style=\"text-align: justify;\"><span style=\"color: #000080; font-family: 'Trebuchet MS', sans-serif;\">Hoy en \u201c<b>La cara amiga de nuestros invitados<\/b>\u201d, entregamos a ustedes las vivencias, inquietudes y an\u00e9cdotas de un joven int\u00e9rprete quien acept\u00f3 compartir con nosotros\u00a0 un cargamento de muchos recuerdos y sue\u00f1os. Publicista, Dise\u00f1ador Gr\u00e1fico y Post productor de efectos especiales para TV y cine. Recibimos a Henry Omar Aguilar Reyes conocido en el ambiente art\u00edstico como\u00a0<b>Enrique Aguilar<\/b>, actualmente es el m\u00e1ximo exponente de la canci\u00f3n ranchera en Guatemala\u00a0 y a quien recibimos con fuertes aplausos en este espacio, donde se puede decir lo que se quiere y lo que en otros medios no se puede.<\/span><\/p>\n<\/div>\n<div style=\"text-align: justify;\">\n<p><span style=\"color: #000080;\"><span style=\"font-family: 'Trebuchet MS', sans-serif;\">Desde muy joven te inicias en el campo musical, qu\u00e9 edad ten\u00edas cuando te decides ser cantante? \u00a0<\/span><b style=\"color: #741b47; font-family: 'Trebuchet MS', sans-serif;\">WOW! Toda mi vida, quise ser cantante, desde muy chico, sin embargo la primera vez que pis\u00e9 un escenario cantando fue a la edad de 13 a\u00f1os, jajaja sabes te confieso que olvid\u00e9 la canci\u00f3n y tuve que bajarme muy abochornado, sin embargo al p\u00fablico le gusto y coreaban una y otra vez mi nombre jajaja lo que me dio valor y volv\u00ed a interpretar con todo la canci\u00f3n completa.<\/b><\/span><\/p>\n<\/div>\n<div style=\"text-align: justify;\">\n<p><span style=\"color: #000080;\"><span style=\"font-family: 'Trebuchet MS', sans-serif;\">Qu\u00e9 es lo que m\u00e1s recuerdas de tu ni\u00f1ez en el aspecto musical? \u00a0<\/span><b style=\"color: #741b47; font-family: 'Trebuchet MS', sans-serif;\">Enloquec\u00eda a mis padres con una canci\u00f3n del grupo Flans, llamada \u201cNO CONTROLES\u201d, recuerdo que mi pap\u00e1 me pagaba para que dejara de cantar la misma canci\u00f3n jajajaja. No pod\u00eda dejar de cantarla una y otra vez, sin parar.<\/b><\/span><\/p>\n<\/div>\n<div style=\"text-align: justify;\">\n<p><span style=\"color: #000080;\"><span style=\"font-family: 'Trebuchet MS', sans-serif;\">Qu\u00e9 recuerdos tienes de tus abuelitos y que apoyo recibiste de ellos? \u00a0<\/span><b style=\"color: #741b47; font-family: 'Trebuchet MS', sans-serif;\">Ahora s\u00ed que me tocaste el cuco! Mis abuelos para mi fueron los pilares fundamentales de mi vida, su apoyo fue incondicional y sus ense\u00f1anzas las piedras angulares de lo que hoy es mi vida, no te niego fueron muy dr\u00e1sticos y duros, aprend\u00ed el valor del trabajo, la lucha por tus sue\u00f1o, la justicia, el respeto, la humildad, el amor al pr\u00f3jimo, el temor de Dios uuf que te dir\u00e9 tantas cosas, pero creo que todo cuando me ense\u00f1aron por muy dif\u00edcil o duro que fue me hacen lo que hoy soy, y dar\u00eda cualquier cosa por volver a vivir ese tiempo con ellos.<\/b><\/span><\/p>\n<\/div>\n<div style=\"text-align: justify;\">\n<p><span style=\"color: #000080;\"><span style=\"font-family: 'Trebuchet MS', sans-serif;\">Los g\u00e9neros pop y trova tuvieron alguna influencia en tus comienzos? \u00a0<\/span><b style=\"color: #741b47; font-family: 'Trebuchet MS', sans-serif;\">Sin duda, inici\u00e9 mi carrera musical interpretando pop y baladas, sin embargo en el camino encontr\u00e9 a un buen amigo y aliado en este sue\u00f1o, C\u00e9sar Jos\u00e9 Lemus un eterno trovador, que me ense\u00f1\u00f3 el amor a este g\u00e9nero musical, juntos formamos un d\u00fao llamado \u201cTrova Joven\u201d y cantamos durante 1 a\u00f1o en un restaurante espa\u00f1ol de nombre \u201cLa Rioja\u201d, pero como era de esperarse el p\u00fablico siempre ped\u00eda canciones populares y el siendo un trovador nato, no le era grato interpretar ese tipo de canciones por lo que al final decidimos terminar con el proyecto. \u00a0<\/b><b style=\"color: #741b47; font-family: 'Trebuchet MS', sans-serif;\">Fueron grandes y m\u00e1gicos tiempos.<\/b><\/span><\/p>\n<\/div>\n<div style=\"text-align: justify;\">\n<p><span style=\"color: #000080;\"><span style=\"font-family: 'Trebuchet MS', sans-serif;\">C\u00f3mo te das cuenta que tu g\u00e9nero musical es el ranchero? \u00a0<\/span><b style=\"color: #741b47; font-family: 'Trebuchet MS', sans-serif;\">Como sabes, soy publicista y productor de TV de profesi\u00f3n, esta una carrera muy sacrificada, mis horarios de trabajo eran muy complejos, sab\u00eda a qu\u00e9 hora entraba pero nunca a qu\u00e9 hora sal\u00eda, luego de 5 a\u00f1os de trabajo sin vacaciones, decid\u00ed tomarme un tiempo y realic\u00e9 un viaje por el interior del pa\u00eds, el cual me cambiar\u00eda la vida. Tuve el placer de conocer a esa gente humilde sencilla, trabajadora, que r\u00ede, que sue\u00f1a, que llora, que espera, que ama y que expresa sus sentimientos a trav\u00e9s de la m\u00fasica ranchera.<\/b><\/span><\/p>\n<\/div>\n<div style=\"text-align: justify;\">\n<p><span style=\"color: #000080; font-family: 'Trebuchet MS', sans-serif;\"><b>Sin embargo, no fue all\u00ed cuando decid\u00ed que este g\u00e9nero seria parte de mi vida, siempre tuve mucho respeto por la m\u00fasica ranchera, pues el p\u00fablico es muy es cr\u00edtico con esto, para cantar rancheras no solo debes tener voz, si no tambi\u00e9n debes ser ranchero y vivir cada canci\u00f3n cada letra con esa sencillez y humildad que caracteriza este g\u00e9nero.<\/b><\/span><\/p>\n<\/div>\n<div style=\"text-align: justify;\">\n<p><span style=\"color: #000080;\"><span style=\"font-family: 'Trebuchet MS', sans-serif;\"><b>En pocas palabras debes SER RANCHERO, amar la vida del campo en todo el sentido de la frase. \u00a0<\/b><\/span><b style=\"color: #741b47; font-family: 'Trebuchet MS', sans-serif;\">Meses m\u00e1s tarde lleg\u00f3 a mi vida un reto, me invitan a cantar en una fiesta tem\u00e1tica para una organizaci\u00f3n que trabaja con ni\u00f1os que tienen S\u00edndrome de Down, y la solicitud era cantar m\u00fasica ranchera, a lo que me negu\u00e9 por completo, sin embargo lograron persuadirme y acept\u00e9.<\/b><\/span><\/p>\n<\/div>\n<div style=\"text-align: justify;\">\n<p><span style=\"color: #000080; font-family: 'Trebuchet MS', sans-serif;\"><b>La respuesta del p\u00fablico fue muy buena y de all\u00ed me llevaron a un Miss Teen Guatemala, en el Teatro de Bellas Artes, una vez m\u00e1s el p\u00fablico fue generoso y surge la invitaci\u00f3n por parte del Comit\u00e9 de Ganaderos de Sanarate, El Progreso a cerrar su feria titular.<\/b><\/span><\/p>\n<\/div>\n<div style=\"text-align: justify;\">\n<p><span style=\"color: #000080;\"><span style=\"font-family: 'Trebuchet MS', sans-serif;\"><b>Recuerdo que el ruedo estaba a reventar, calculo unas 1500 personas, y yo s\u00faper nervioso, este era el verdadero p\u00fablico, ese que ama este g\u00e9nero, sab\u00eda que era una noche decisiva, y lo que pasara cambiaria mi vida por completo. \u00a0<\/b><\/span><b style=\"color: #741b47; font-family: 'Trebuchet MS', sans-serif;\">Al salir al p\u00fablico le entregu\u00e9 la noche a Pap\u00e1 Dios y mi vida cambio, el p\u00fablico enloqueci\u00f3 esa noche, cantaban a todo pulm\u00f3n mi repertorio, la piel se me enchin\u00f3, quer\u00eda llorar de emoci\u00f3n y fue entonces cuando mi coraz\u00f3n me dio la certeza que esto era lo que quer\u00eda hacer por el resto de mi vida.<\/b><\/span><\/p>\n<\/div>\n<div style=\"text-align: justify;\">\n<p><span style=\"color: #000080; font-family: 'Trebuchet MS', sans-serif;\"><b>Desde entonces gracias a Pap\u00e1 Dios, llevo ya 4 a\u00f1os de ciudad en ciudad, de pueblo en pueblo y de feria en feria.<\/b><\/span><\/p>\n<\/div>\n<div style=\"text-align: justify;\">\n<p><span style=\"color: #000080;\"><span style=\"font-family: 'Trebuchet MS', sans-serif;\">Pero me imagino que tuviste tambi\u00e9n la oportunidad de participar en concursos o festivales? \u00a0<\/span><b style=\"color: #741b47; font-family: 'Trebuchet MS', sans-serif;\">As\u00ed es, la primera vez particip\u00e9 en un programa de radio llamado \u201cAtr\u00e9vete a cantar\u201d con Magda Ang\u00e9lica, y al p\u00fablico siempre le gustaba y me apoyaban, luego en distintos eventos inter-escolares, por mencionar uno \u201cFestival Juventud\u201d Don Bosco.<\/b><\/span><\/p>\n<\/div>\n<div style=\"text-align: justify;\">\n<p><span style=\"color: #000080; font-family: 'Trebuchet MS', sans-serif;\"><b>Luego surge American Idol, La academia entre otros.<\/b><\/span><\/p>\n<\/div>\n<div style=\"text-align: justify;\">\n<p><span style=\"color: #000080;\"><span style=\"font-family: 'Trebuchet MS', sans-serif;\">Tu primer cover es \u201cA todo pulm\u00f3n\u201d quienes te apoyan en este proyecto?\u00a0<\/span><b style=\"color: #741b47; font-family: 'Trebuchet MS', sans-serif;\">Todo a pulm\u00f3n es una canci\u00f3n fundamental en mi vida, podr\u00eda decirte que es el himno de mi vida, no importa cu\u00e1n dif\u00edcil sea, siempre debes vivir A TODO PULMON.<\/b><\/span><\/p>\n<\/div>\n<div style=\"text-align: justify;\">\n<p><span style=\"color: #000080; font-family: 'Trebuchet MS', sans-serif;\"><b>Carlos Arguello, productor de efectos especiales en Hollywood, mi jefe en ese entonces me escucha en el restaurante \u201cLa Rioja\u201d y decide apoyarme, juntos le hablamos a Ranferi Aguilar \u201cEl hacedor de lluvia\u201d ex Alux nahual quien generosamente me abre las puertas y juntos grabamos el cover.<\/b><\/span><\/p>\n<\/div>\n<div style=\"text-align: justify;\">\n<p><span style=\"color: #000080; font-family: 'Trebuchet MS', sans-serif;\"><b>Este nunca sali\u00f3 al p\u00fablico por que justo llega otro reto a mi vida, trabajar un proyecto de prevenci\u00f3n de drogadicci\u00f3n y VIH con el gobierno de NY y LA.<\/b><\/span><\/p>\n<\/div>\n<div style=\"text-align: justify;\">\n<p><span style=\"color: #000080; font-family: 'Trebuchet MS', sans-serif;\"><b>Ambas cosas eran importantes en mi vida pero deb\u00eda ser fiel a mi trabajo ya que ellos me apoyaban con la m\u00fasica.<\/b><\/span><\/p>\n<\/div>\n<div style=\"text-align: justify;\">\n<p><span style=\"color: #000080;\"><span style=\"font-family: 'Trebuchet MS', sans-serif;\">Qu\u00e9 experiencia te dej\u00f3 el concurso \u201cEl Rey del Mariachi? \u00a0<\/span><b style=\"color: #741b47; font-family: 'Trebuchet MS', sans-serif;\">Fue un gran reto, la mayor\u00eda de los concursantes eran mexicanos, sin embargo llegar hasta donde llegue fue un orgullo representar a Guatemala en dicho concurso, pero lo mejor fue el apoyo del p\u00fablico, una vez m\u00e1s confirmaban que les gustaba mi trabajo.<\/b><\/span><\/p>\n<\/div>\n<div style=\"text-align: justify;\">\n<p><span style=\"color: #000080;\"><span style=\"font-family: 'Trebuchet MS', sans-serif;\">Estas vivencias te acercan m\u00e1s a las personas y te hace m\u00e1s humano, sencillo y humilde. En este aspecto como te consideras? \u00a0<\/span><b style=\"color: #741b47; font-family: 'Trebuchet MS', sans-serif;\">WOW! No s\u00e9 si yo sea la persona id\u00f3nea para responder a eso, creo que el p\u00fablico es mi mejor cr\u00edtico en esto, sin embargo puedo decirte que la humildad y la sencillez son las bases del \u00e9xito y sin duda una de las mejores lecciones que he recibido en la vida.<\/b><\/span><\/p>\n<\/div>\n<div style=\"text-align: justify;\">\n<p><span style=\"color: #000080;\"><span style=\"font-family: 'Trebuchet MS', sans-serif;\">Te gusta involucrarte en actividades ben\u00e9ficas? \u00a0<\/span><span style=\"color: #333399;\"><b style=\"color: #741b47; font-family: 'Trebuchet MS', sans-serif;\">Es una de mis pasiones, creo que como humanos debemos ser responsables de las situaciones de nuestra sociedad, y si queremos que las cosas cambien debemos invol\u00facranos en el cambio con acciones, no solo criticando.<\/b><\/span><\/span><\/p>\n<\/div>\n<div style=\"text-align: justify;\">\n<p><span style=\"color: #000080; font-family: 'Trebuchet MS', sans-serif;\"><b>Y como artista es una forma de devolver un granito de arena de lo mucho de lo que el\u00a0 p\u00fablico me da.<\/b><\/span><\/p>\n<\/div>\n<div style=\"text-align: justify;\">\n<p><span style=\"color: #000080;\"><span style=\"font-family: 'Trebuchet MS', sans-serif;\">Est\u00e1s pr\u00f3ximo a lanzar tu primera producci\u00f3n, cu\u00e9ntanos que sorpresas tendremos? \u00a0<\/span><b style=\"color: #741b47; font-family: 'Trebuchet MS', sans-serif;\">Ha sido s\u00faper dif\u00edcil, sin embargo es un homenaje a los grandes de la canci\u00f3n ranchera \u201cAlma y coraz\u00f3n ranchero\u201d es el t\u00edtulo de esta producci\u00f3n,\u00a0 son 10 temas que marcaron mi vida y es un tributo a todos aquellos que hoy por hoy me abren las puertas con sus canciones.<\/b><\/span><\/p>\n<\/div>\n<div style=\"text-align: justify;\">\n<p><span style=\"color: #000080; font-family: 'Trebuchet MS', sans-serif;\"><b>Es una producci\u00f3n independiente, que esperamos est\u00e9 listo a finales de este a\u00f1o con un espect\u00e1culo digno del p\u00fablico que tanto me ha dado.<\/b><\/span><\/p>\n<\/div>\n<div style=\"text-align: justify;\">\n<p><span style=\"color: #000080;\"><span style=\"font-family: 'Trebuchet MS', sans-serif;\">Qui\u00e9n elije los temas que se incluir\u00e1n en el disco? \u00a0<\/span><b style=\"color: #741b47; font-family: 'Trebuchet MS', sans-serif;\">Este disco ha sido muy personal, y todos los temas han tocado mi vida. Todos fueron elegidos por tu servidor.<\/b><\/span><\/p>\n<\/div>\n<div style=\"text-align: justify;\">\n<p><span style=\"color: #000080; font-family: 'Trebuchet MS', sans-serif;\">D\u00f3nde pueden localizarte para contrataciones?<\/span><\/p>\n<\/div>\n<div style=\"text-align: justify;\">\n<p><span style=\"color: #000080; font-family: 'Trebuchet MS', sans-serif;\"><b>Enrique Aguilar<\/b><\/span><\/p>\n<\/div>\n<div style=\"text-align: justify;\">\n<p><span style=\"color: #000080; font-family: 'Trebuchet MS', sans-serif;\"><b>Informaci\u00f3n y\/o contrataciones: (502) 4002-1449<\/b><\/span><\/p>\n<\/div>\n<div style=\"text-align: justify;\">\n<p><span style=\"color: #000080; font-family: 'Trebuchet MS', sans-serif;\"><b>http:\/\/www.youtube.com\/user\/EnriqueAguilarReyes<\/b><\/span><\/p>\n<\/div>\n<div style=\"text-align: justify;\">\n<p><span style=\"color: #000080; font-family: 'Trebuchet MS', sans-serif;\"><b>Perfil de Facebook: https:\/\/www.facebook.com\/CantanteEnriqueAguilar<\/b><\/span><\/p>\n<\/div>\n<div style=\"text-align: justify;\">\n<p><span style=\"color: #000080; font-family: 'Trebuchet MS', sans-serif;\"><b>Fanpage: EnriqueAguilarOficial<\/b><\/span><\/p>\n<\/div>\n<div style=\"text-align: justify;\">\n<p><span style=\"color: #000080; font-family: 'Trebuchet MS', sans-serif;\"><b>Twitter: @QuiqueAguilarOf<\/b><\/span><\/p>\n<\/div>\n<div style=\"text-align: justify;\">\n<p><span style=\"color: #000080;\">\u00a0<\/span><\/p>\n<p><span style=\"color: #0000ff;\"><b style=\"color: #741b47; font-family: 'Trebuchet MS', sans-serif; font-size: small;\">Gracias Enrique por este tiempo y por compartir con \u201cLos invitados de Heidy\u201d, las experiencias, historias y an\u00e9cdotas.\u00a0 Se te desean muchos \u00e9xitos en tu carrera, muchos abrazos y cari\u00f1os.<\/b><\/span><\/p>\n<p>&nbsp;<\/p>\n<p><span style=\"color: #000080;\"><strong>Les invitamos a darle me gusta a nuestras Fan Page<\/strong><\/span><\/p>\n<p><span style=\"color: #000080;\">\u00abGala de la Canci\u00f3n Guatemalteca\u00bb y \u00abLos invitados de Heidy\u00bb<\/span><\/p>\n<p><a title=\"Gala de la Canci\u00f3n Guatemalteca\" href=\"http:\/\/on.fb.me\/1kXE6cH\">http:\/\/on.fb.me\/1kXE6cH<\/a><\/p>\n<p><a title=\"Los invitados de Heidy\" href=\"http:\/\/on.fb.me\/1cnno1t\">http:\/\/on.fb.me\/1cnno1t<\/a><\/p>\n<\/div>\n<div>\n<p><span style=\"color: #741b47; font-family: 'Trebuchet MS', sans-serif; font-size: small;\"><b><br \/>\n<\/b><\/span><span style=\"color: #741b47; font-family: 'Trebuchet MS', sans-serif; font-size: small;\"><b><br \/>\n<\/b><\/span><span style=\"color: #741b47; font-family: 'Trebuchet MS', sans-serif; font-size: small;\"><b><i>Entrevista realizada por Heidy Sandoval Ruiz<\/i><\/b><\/span><\/p>\n<\/div>\n","protected":false},"excerpt":{"rendered":"<div class=\"mh-excerpt\"><p>Hoy en \u201cLa cara amiga de nuestros invitados\u201d, entregamos a ustedes las vivencias, inquietudes y an\u00e9cdotas de un joven int\u00e9rprete quien acept\u00f3 compartir con nosotros\u00a0 <a class=\"mh-excerpt-more\" href=\"https:\/\/heidysandovalruiz.com\/?p=622\" title=\"La cara amiga de \u00abEnrique Aguilar\u00bb\">[&#8230;]<\/a><\/p>\n<\/div>","protected":false},"author":4,"featured_media":623,"comment_status":"closed","ping_status":"closed","sticky":false,"template":"","format":"standard","meta":{"footnotes":""},"categories":[16],"tags":[43],"class_list":["post-622","post","type-post","status-publish","format-standard","has-post-thumbnail","hentry","category-la-cara-amiga","tag-la-cara-amiga-de-enrique-aguilar"],"_links":{"self":[{"href":"https:\/\/heidysandovalruiz.com\/index.php?rest_route=\/wp\/v2\/posts\/622","targetHints":{"allow":["GET"]}}],"collection":[{"href":"https:\/\/heidysandovalruiz.com\/index.php?rest_route=\/wp\/v2\/posts"}],"about":[{"href":"https:\/\/heidysandovalruiz.com\/index.php?rest_route=\/wp\/v2\/types\/post"}],"author":[{"embeddable":true,"href":"https:\/\/heidysandovalruiz.com\/index.php?rest_route=\/wp\/v2\/users\/4"}],"replies":[{"embeddable":true,"href":"https:\/\/heidysandovalruiz.com\/index.php?rest_route=%2Fwp%2Fv2%2Fcomments&post=622"}],"version-history":[{"count":2,"href":"https:\/\/heidysandovalruiz.com\/index.php?rest_route=\/wp\/v2\/posts\/622\/revisions"}],"predecessor-version":[{"id":1296,"href":"https:\/\/heidysandovalruiz.com\/index.php?rest_route=\/wp\/v2\/posts\/622\/revisions\/1296"}],"wp:featuredmedia":[{"embeddable":true,"href":"https:\/\/heidysandovalruiz.com\/index.php?rest_route=\/wp\/v2\/media\/623"}],"wp:attachment":[{"href":"https:\/\/heidysandovalruiz.com\/index.php?rest_route=%2Fwp%2Fv2%2Fmedia&parent=622"}],"wp:term":[{"taxonomy":"category","embeddable":true,"href":"https:\/\/heidysandovalruiz.com\/index.php?rest_route=%2Fwp%2Fv2%2Fcategories&post=622"},{"taxonomy":"post_tag","embeddable":true,"href":"https:\/\/heidysandovalruiz.com\/index.php?rest_route=%2Fwp%2Fv2%2Ftags&post=622"}],"curies":[{"name":"wp","href":"https:\/\/api.w.org\/{rel}","templated":true}]}}