{"id":634,"date":"2013-11-26T23:45:00","date_gmt":"2013-11-26T23:45:00","guid":{"rendered":"http:\/\/heidysandovalruiz.com\/?p=634"},"modified":"2014-04-21T20:34:57","modified_gmt":"2014-04-21T20:34:57","slug":"la-cara-amiga-de-juan-carlos-cortez","status":"publish","type":"post","link":"https:\/\/heidysandovalruiz.com\/?p=634","title":{"rendered":"La cara amiga de \u00abJuan Carlos de Colombia\u00bb"},"content":{"rendered":"<div>\n<p style=\"text-align: justify;\"><span style=\"color: #003366;\"><span style=\"font-family: 'Trebuchet MS', sans-serif;\">En esta oportunidad quiero presentar a ustedes en \u201c<b>La cara amiga de nuestros invitados<\/b>\u201d, a un cantante internacional, compositor y productor y ex-vocalista de reconocidas orquestas internacionales, \u00e9l es de origen colombiano pero su coraz\u00f3n es muy guatemalteco, Juan Carlos Cort\u00e9s a quien le conocemos como \u201c<b>Juan Carlos de Colombia<\/b><span style=\"font-size: medium;\">\u201d, quien lleva ya 13 a\u00f1os de residir en nuestro pa\u00eds y 35 a\u00f1os de trayectoria art\u00edstica. Hoy me permito darle la bienvenida a este espacio donde se puede decir lo que se quiere y lo que en otros medios no se puede.<\/span><\/span><\/span><\/p>\n<\/div>\n<div style=\"text-align: justify;\">\n<p><span style=\"color: #003366;\"><span style=\"font-family: 'Trebuchet MS', sans-serif;\">Eres originario de Pereira capital del departamento de Risaralda, ahora que est\u00e1s a miles de kil\u00f3metros de tu tierra, has recordado aquellos a\u00f1os de tu ni\u00f1ez y adolescencia, cu\u00e9ntanos c\u00f3mo fueron esas etapas de tu vida? \u00a0<\/span><b><i><span style=\"font-family: 'Trebuchet MS', sans-serif;\">Si, soy nacido en la ciudad de Pereira, capital o cabecera del departamento de Risaralda, regi\u00f3n occidental y parte de la zona que conforma el eje cafetero de Colombia.<\/span><\/i><\/b><\/span><\/p>\n<\/div>\n<div style=\"text-align: justify;\">\n<p><span style=\"color: #003366;\"><b><i><\/i><\/b><b><i><span style=\"font-family: 'Trebuchet MS', sans-serif;\">Desde muy peque\u00f1o me di cuenta de la inclinaci\u00f3n por la m\u00fasica, que se convertir\u00eda luego en una pasi\u00f3n inseparable, inherente e indispensable en vida. \u00a0<\/span><\/i><\/b><b><i><span style=\"font-family: 'Trebuchet MS', sans-serif;\">Me inici\u00e9 desde los cinco a\u00f1os tocando en la banda de guerra de mi primer colegio que se llamaba \u201cSanta Cecilia\u201d y cantando para los actos culturales del colegio, mi primer canci\u00f3n que se llamaba \u201cAdi\u00f3s Casita Blanca\u201d. Eran mis primeras notas.<\/span><\/i><\/b><\/span><\/p>\n<\/div>\n<div style=\"text-align: justify;\">\n<p><span style=\"color: #003366;\"><b><i><\/i><\/b><b><i><span style=\"font-family: 'Trebuchet MS', sans-serif;\">Luego vienen aquellos a\u00f1os de adolescencia, en donde en mi colegio Salesiano San Juan Bosco de Pereira, formamos con mis compa\u00f1eros la primera orquesta juvenil, la cual la llamamos \u201cLos R\u00edtmicos\u201d, y estaba conformada por estudiantes entre los de 10 y 12 a\u00f1os. Esta orquesta madur\u00f3 un poco y tom\u00f3 el nombre de \u201cLos Tremendos\u201d, y grabamos un primer sencillo (acetato de 45 r.p.m) en discos Sonolux, dedicado a los juegos nacionales, que en el a\u00f1o 1974 se celebraban en mi ciudad, logrando as\u00ed un gran reconocimiento a nivel nacional.<\/span><\/i><\/b><\/span><\/p>\n<\/div>\n<div style=\"text-align: justify;\">\n<p><span style=\"color: #003366;\"><b><i><\/i><\/b><b><i><span style=\"font-family: 'Trebuchet MS', sans-serif;\">En esa etapa de mi adolescencia, fund\u00e9 y conform\u00e9 el tr\u00edo \u201cLos Salesianos\u201d que luego se convertir\u00eda tambi\u00e9n en el \u201cTr\u00edo Los Universitarios\u201d, del cual ganamos varios galardones y reconocimientos dentro de nuestra m\u00fasica folcl\u00f3rica.<\/span><\/i><\/b><\/span><\/p>\n<\/div>\n<div style=\"text-align: justify;\">\n<p><span style=\"color: #003366;\"><b><i><\/i><\/b><b><i><span style=\"font-family: 'Trebuchet MS', sans-serif;\">Pertenec\u00ed a la coral y a la tuna del colegio, y ya terminando mis estudios de bachillerato, conform\u00e9 la \u201cRondalla Colombiana\u201d, grupo folcl\u00f3rico colombiano de amplio reconocimiento nacional, la cual tambi\u00e9n la alternaba con la orquesta del colegio.<\/span><\/i><\/b><\/span><\/p>\n<\/div>\n<div style=\"text-align: justify;\">\n<p><span style=\"color: #003366;\"><b><i><\/i><\/b><b><i><span style=\"font-family: 'Trebuchet MS', sans-serif;\">Con gran satisfacci\u00f3n, puedo contarles que de esa orquesta Los Tremendos, salieron grandes m\u00fasicos que conformaron reconocidas orquestas y que a\u00fan siguen trabajando como m\u00fasicos y productores.<\/span><\/i><\/b><\/span><\/p>\n<\/div>\n<div style=\"text-align: justify;\">\n<p><span style=\"color: #003366;\"><b><i><\/i><\/b><span style=\"font-family: 'Trebuchet MS', sans-serif;\">Recuerdas cu\u00e1l fue tu primera experiencia al subir a un escenario y decidir que eso ser\u00eda a lo que te dedicar\u00edas? \u00a0<\/span><b><i><span style=\"font-family: 'Trebuchet MS', sans-serif;\">El subir siempre a\u00fan escenario, sigue siendo para m\u00ed el mismo sentimiento, es \u00a0EL TEMPLO DEL ARTISTA.<\/span><\/i><\/b><\/span><\/p>\n<\/div>\n<div style=\"text-align: justify;\">\n<p><span style=\"color: #003366;\"><b><i><\/i><\/b><b><i><span style=\"font-family: 'Trebuchet MS', sans-serif;\">Desde mi primera experiencia cuando ten\u00eda tan solo seis a\u00f1os, cantaba para todo mi colegio aquellas inolvidables canciones de Sandro, que interpretaba con un profundo sentimiento. No podr\u00eda decirte ni recuerdo cual fue la primera vez, porque fueron muchas. Lo que rememoro, es que fueron y siguen siendo de profunda emoci\u00f3n, sensaci\u00f3n y enorme satisfacci\u00f3n, entregar con pasi\u00f3n mi canto, mi m\u00fasica, guardando siempre ese respeto y devoci\u00f3n hacia cualquier p\u00fablico y en cualquier escenario que pise. No hay nervios ni miedo, hay reverencia y lo he sentido desde mis primeros escenarios.<\/span><\/i><\/b><\/span><\/p>\n<\/div>\n<div style=\"text-align: justify;\">\n<p><span style=\"color: #003366;\"><b><i><\/i><\/b><b><i><span style=\"font-family: 'Trebuchet MS', sans-serif;\">Las tablas siempre te llaman cuando estas designado para ser artista, y hay que respetarlas, agradecerlas y cuidarlas!<\/span><\/i><\/b><\/span><\/p>\n<\/div>\n<div style=\"text-align: justify;\">\n<p><span style=\"color: #003366;\"><b><i><\/i><\/b><span style=\"font-family: 'Trebuchet MS', sans-serif;\">C\u00f3mo llegas a participar en FESTIBUGA y cu\u00e1l fue la canci\u00f3n con la que participaste? \u00a0<\/span><b><i><span style=\"font-family: 'Trebuchet MS', sans-serif;\">En el a\u00f1o 1980, conformaba varias agrupaciones y estudiaba m\u00fasica y canto en el conservatorio de la Universidad Tecnol\u00f3gica de Pereira, lo cual hacia paralelamente con mis estudios de Ingenier\u00eda El\u00e9ctrica. Entonces se realizaron unas eliminatorias a nivel nacional, para escoger el representante por Colombia a FESTIBUGA. Despu\u00e9s de arduas competencias por todo el pa\u00eds, tuve el agrado y honor de ser elegido como el representante por Colombia para el festival Nacional e Internacional de Int\u00e9rpretes de la canci\u00f3n FESTIBUGA\u00b481. Obteniendo el tercer lugar y compitiendo con cantantes de la talla de Joan Sebasti\u00e1n, que en ese entonces obtuvo el primer lugar, y quien representaba a M\u00e9xico.<\/span><\/i><\/b><\/span><\/p>\n<\/div>\n<div style=\"text-align: justify;\">\n<p><span style=\"color: #003366;\"><b><i><\/i><\/b><span style=\"font-family: 'Trebuchet MS', sans-serif;\">Qu\u00e9 pasa en tu vida profesional despu\u00e9s de este festival? \u00a0<\/span><b><i><span style=\"font-family: 'Trebuchet MS', sans-serif;\">A ra\u00edz del festival, esa noche la premiaci\u00f3n se realiz\u00f3 en el Hotel Guadalajara de la ciudad de Buga-Colombia. All\u00ed la fiesta estaba amenizada por la \u201cSonora Dinamita de Lucho Arga\u00edn\u201d, y me llamaron al escenario para cantar unas cumbias, siendo invitado por algunos m\u00fasicos que me conoc\u00edan. Desde all\u00ed se me brind\u00f3 la oportunidad de formar parte de esta reconocida agrupaci\u00f3n, de la cual tengo muchos recuerdos y gran gratitud.<\/span><\/i><\/b><\/span><\/p>\n<\/div>\n<div style=\"text-align: justify;\">\n<p><span style=\"color: #003366;\"><b><i><\/i><\/b><b><i><span style=\"font-family: 'Trebuchet MS', sans-serif;\">Fue una \u00e9poca dif\u00edcil, porque yo estaba ya casi terminando mis estudios de ingenier\u00eda, y lograr coordinar materias, ex\u00e1menes, tesis,\u00a0 fue toda una odisea, hasta el punto de decirme el secretario acad\u00e9mico de la universidad, \u201cque si yo hab\u00eda venido a la universidad a estudiar o cantar\u201d.<\/span><\/i><\/b><\/span><\/p>\n<\/div>\n<div style=\"text-align: justify;\">\n<p><span style=\"color: #003366;\"><b><i><\/i><\/b><b><i><span style=\"font-family: 'Trebuchet MS', sans-serif;\">Y en mi casa, por encima de mis estudios de ingenier\u00eda, la m\u00fasica no ten\u00eda cabida.<\/span><\/i><\/b><\/span><\/p>\n<\/div>\n<div style=\"text-align: justify;\">\n<p><span style=\"color: #003366;\"><b><i><\/i><\/b><span style=\"font-family: 'Trebuchet MS', sans-serif;\">Qu\u00e9 significa en tu vida\u00a0Lucho Arga\u00edn, cu\u00e1nto tiempo trabajaste con \u00e9l?\u00a0<\/span><b><i><span style=\"font-family: 'Trebuchet MS', sans-serif;\">Fue mi gran maestro dentro de la cumbia y el folclor tropical colombiano, aprend\u00ed de su profesionalismo, su experiencia, entrega y alegr\u00eda para transmitirla, el sacar de lo m\u00e1s simple de la vida una jocosa canci\u00f3n. Siempre ten\u00eda una an\u00e9cdota o un chiste a flor de boca, para transmitir y ense\u00f1ar. Adem\u00e1s lo admiraba mucho componiendo no solos cumbias si no tambi\u00e9n rancheras, aunque parezca incre\u00edble, pues le fascinaban.\u00a0<\/span><\/i><\/b><\/span><\/p>\n<\/div>\n<div style=\"text-align: justify;\">\n<p><span style=\"color: #003366;\"><b><i><span style=\"font-family: 'Trebuchet MS', sans-serif;\">Vi una vez un mariachi en M\u00e9xico que altern\u00f3 con nosotros, y gran sorpresa nos llevamos los que conform\u00e1bamos la orquesta, que este mariachi interpret\u00f3 dos canciones que eran del maestro Luis Guillermo P\u00e9rez, \u201cLucho Arga\u00edn\u201d y era \u00e9l, quien se las hab\u00eda pedido al mariachi. Me acuerdo que se llamaban:<\/span><\/i><\/b><\/span><\/p>\n<p><span style=\"color: #003366;\"><b style=\"color: #741b47; font-family: 'Trebuchet MS', sans-serif;\"><i>\u201cBusca Otro Nido\u201d y \u201cLa Canallada\u201d. Jam\u00e1s nos imaginamos que hubieran rancheras conocidas de don Lucho que interpreten los mariachis en M\u00e9xico.<\/i><\/b><\/span><\/p>\n<\/div>\n<div style=\"text-align: justify;\">\n<p><span style=\"color: #003366;\"><b><i><span style=\"font-family: 'Trebuchet MS', sans-serif;\">Con la orquesta \u00a0trabaj\u00e9 en dos periodos, uno desde el a\u00f1o 1981, como corista y solista hasta el a\u00f1o 1987, me retir\u00e9 para ejercer mi profesi\u00f3n de ingeniero en Medell\u00edn y Cali y luego regres\u00e9 a finales del a\u00f1o 1991 hasta el a\u00f1o 1995.<\/span><\/i><\/b><\/span><\/p>\n<\/div>\n<div style=\"text-align: justify;\">\n<p><span style=\"color: #003366;\"><b><i><\/i><\/b><span style=\"font-family: 'Trebuchet MS', sans-serif;\">En qu\u00e9 orquestas has participado? \u00a0<\/span><b><i><span style=\"font-family: 'Trebuchet MS', sans-serif;\">Desde mi ni\u00f1ez y adolescencia he formado parte de \u201cLos R\u00edtmicos\u201d, \u201cLos Tremendos\u201d, \u201cJohn y su Sonora\u201d (El de la canci\u00f3n El Superman),\u00a0 La Sonora Smurfit\u201d, \u201cLa Internacional Sonora Dinamita\u201d, \u201cLos Afrosound\u201d, \u201cLa Gran Banda Cale\u00f1a\u201d, Y realic\u00e9 algunas presentaciones en \u201cLa Orquesta Guayac\u00e1n\u201d como corista invitado.<\/span><\/i><\/b><\/span><\/p>\n<\/div>\n<div style=\"text-align: justify;\">\n<p><span style=\"color: #003366;\"><b><i><\/i><\/b><span style=\"font-family: 'Trebuchet MS', sans-serif;\">En los a\u00f1os ochentas visitas por primera vez Guatemala, por cuestiones de trabajo, pensaste en alg\u00fan momento que aqu\u00ed volver\u00edas para quedarte? \u00a0<\/span><b><i><span style=\"font-family: 'Trebuchet MS', sans-serif;\">En el a\u00f1o 1982 pis\u00e9 por primera vez esta bella tierra, que a pesar de mi corta estad\u00eda porque solo vinimos a presentarnos en el Hotel Dorado para un 31 de diciembre, me encantaron sus volcanes y lagos que desde el avi\u00f3n pude divisar, y por supuesto la alegr\u00eda que vi de la gente bailando la cumbia de Colombia fuera de mi pa\u00eds.<\/span><\/i><\/b><\/span><\/p>\n<\/div>\n<div style=\"text-align: justify;\">\n<p><span style=\"color: #003366;\"><b><i><\/i><\/b><b><i><span style=\"font-family: 'Trebuchet MS', sans-serif;\">Luego regres\u00e9 tambi\u00e9n a unas presentaciones, y ya tuve la oportunidad de conocer m\u00e1s de este pa\u00eds, sus gentes, su comida, sus paisajes y me qued\u00e9 deslumbrado por Ciudad de Antigua, que a\u00fan me sigue encantando, \u201ccreo que si la reencarnaci\u00f3n existe, pues \u00a0por all\u00ed estuve misionando\u201d jajajaja.<\/span><\/i><\/b><\/span><\/p>\n<\/div>\n<div style=\"text-align: justify;\">\n<p><span style=\"color: #003366;\"><b><i><\/i><\/b><span style=\"font-family: 'Trebuchet MS', sans-serif;\">Desde el a\u00f1o 2000 decides radicarte en Guatemala, encontraste la felicidad en nuestro pa\u00eds? \u00a0<\/span><b><i><span style=\"font-family: 'Trebuchet MS', sans-serif;\">Si, resido en Guatemala desde el 28 de agosto del 2,000, y ya mi coraz\u00f3n ha sido atrapado y encantado por esta bella tierra, y me entreg\u00f3 una hermosa felicidad, al darme un hijo de tan solo un a\u00f1o, chap\u00edn de ra\u00edz nacido en este hermoso pa\u00eds.<\/span><\/i><\/b><\/span><\/p>\n<\/div>\n<div style=\"text-align: justify;\">\n<p><span style=\"color: #003366;\"><b><i><\/i><\/b><span style=\"font-family: 'Trebuchet MS', sans-serif;\">Interpretas baladas, boleros, cumbias, salsa y otros g\u00e9neros, has percibido en el p\u00fablico cu\u00e1l de todos les gusta m\u00e1s? \u00a0<\/span><b style=\"color: #741b47; font-family: 'Trebuchet MS', sans-serif;\"><i>Me encanta ser polifac\u00e9tico y poderle cantar a la gente de varios \u00a0g\u00e9neros musicales<\/i><\/b><span style=\"font-family: 'Trebuchet MS', sans-serif;\">.\u00a0<\/span><b style=\"color: #741b47; font-family: 'Trebuchet MS', sans-serif;\"><i>Pero definitivamente la cumbia en Guatemala es algo muy especial, me atrevo a decir que la disfrutan m\u00e1s que en Colombia, en donde ya otros g\u00e9neros musicales invadieron su lugar.<\/i><\/b><\/span><\/p>\n<\/div>\n<div style=\"text-align: justify;\">\n<p><span style=\"color: #003366;\"><span style=\"font-family: 'Trebuchet MS', sans-serif;\">Qu\u00e9 canci\u00f3n te recuerda a Colombia? \u00a0<\/span><b><i><span style=\"font-family: 'Trebuchet MS', sans-serif;\">Bueno son muchas las canciones que me recuerdan a Colombia, pero en especial hay una canci\u00f3n muy regional de un compositor colombiano, llamado Luis Carlos Gonz\u00e1lez, nacido en mi tierra Pereira y que se llama \u201cLa Ruana\u201d, su ritmo es bambucoy es del folclor andino de Colombia.<\/span><\/i><\/b><\/span><\/p>\n<\/div>\n<div style=\"text-align: justify;\">\n<p><span style=\"color: #003366;\"><b><i><\/i><\/b><span style=\"font-family: 'Trebuchet MS', sans-serif;\"><b><i>Y hay otra canci\u00f3n que le cantaba a mis padres a ritmo de pasillo y se llama \u201cL\u00e1grimas\u201d, del maestro bogotano Alvaro Dalmar.<\/i><\/b><\/span><\/span><\/p>\n<\/div>\n<div style=\"text-align: justify;\">\n<p><span style=\"color: #003366;\"><span style=\"font-family: 'Trebuchet MS', sans-serif;\">C\u00f3mo defines tu personalidad? \u00a0<\/span><b><i><span style=\"font-family: 'Trebuchet MS', sans-serif;\">Soy una persona muy sentimental, lloro f\u00e1cilmente de alegr\u00eda o tristeza, soy rom\u00e1ntico, humilde, sencillo y sincero. Me entrego y comparto f\u00e1cilmente con los dem\u00e1s y me encanta ayudar, aunque a veces he recibido duros golpes, y m\u00e1s en este trabajo que existen algunos celos y resentimientos. Pero la luz sale para todos y Dios no se queda sin proveer a nadie!! \u00a0<\/span><\/i><\/b><\/span><\/p>\n<\/div>\n<div style=\"text-align: justify;\">\n<p><span style=\"color: #003366;\"><span style=\"font-family: 'Trebuchet MS', sans-serif;\">En Guatemala te has presentado en varios lugares, hay alguna diferencia entre el p\u00fablico chap\u00edn al de Colombia? \u00a0<\/span><b><i><span style=\"font-family: 'Trebuchet MS', sans-serif;\">He tenido la gran oportunidad y el lindo placer de recorrer este pa\u00eds, quiz\u00e1s m\u00e1s que muchos chapines,\u00a0 y me encanta la recepci\u00f3n y alegr\u00eda de su gente, y te repito, siento que disfrutan mas la cumbia ac\u00e1, que en Colombia. Me encanta el p\u00fablico chap\u00edn, tienen una alegr\u00eda especial incomparable.<\/span><\/i><\/b><\/span><\/p>\n<\/div>\n<div style=\"text-align: justify;\">\n<p><span style=\"color: #003366;\"><b><i><\/i><\/b><span style=\"font-family: 'Trebuchet MS', sans-serif;\">D\u00f3nde te presentas actualmente? \u00a0<\/span><b><i><span style=\"font-family: 'Trebuchet MS', sans-serif;\">Estoy trabajando para algunos restaurantes de la capital, y hasta hace un mes cant\u00e9 en el restaurante Los Cebollines durante 12 a\u00f1os. Actualmente canto en el Restaurante Ni Fu Ni fa de Antigua Guatemala, en el Asador Buenos Aires en carretera a El Salvador Kilometro 23.5 y en el Restaurante El Pibe de la Roosevelt.<\/span><\/i><\/b><\/span><\/p>\n<\/div>\n<div style=\"text-align: justify;\">\n<p><span style=\"color: #003366;\"><b><i><span style=\"font-family: 'Trebuchet MS', sans-serif;\">Y sigo realizando presentaciones particulares y en los eventos \u00a0municipales, viajo tambi\u00e9n a M\u00e9xico, El Salvador y Honduras.<\/span><\/i><\/b><\/span><\/p>\n<\/div>\n<div style=\"text-align: justify;\">\n<p><span style=\"color: #003366;\"><b><i><\/i><\/b><span style=\"font-family: 'Trebuchet MS', sans-serif;\">Puedes compartirnos donde se te localiza para contrataciones?<\/span><\/span><\/p>\n<\/div>\n<div style=\"text-align: justify;\">\n<p><span style=\"color: #003366;\"><b><i><span style=\"font-family: 'Trebuchet MS', sans-serif;\">Mis tel\u00e9fonos\u00a0 son:<\/span><\/i><\/b><\/span><\/p>\n<\/div>\n<div style=\"text-align: justify;\">\n<p><span style=\"color: #003366;\"><b><i><span style=\"font-family: 'Trebuchet MS', sans-serif;\">56713176 \/ 51032033<\/span><\/i><\/b><\/span><\/p>\n<\/div>\n<div style=\"text-align: justify;\">\n<p><span style=\"color: #003366;\"><b><i><span style=\"font-family: 'Trebuchet MS', sans-serif;\">E-mail:juancarlosdecolombia@hotmail.com<\/span><\/i><\/b><\/span><\/p>\n<\/div>\n<div style=\"text-align: justify;\">\n<p><span style=\"color: #003366;\"><b><i><span style=\"font-family: 'Trebuchet MS', sans-serif;\">www. Myspace.com\/juancarlosdecolombia<\/span><\/i><\/b><\/span><\/p>\n<p><span style=\"color: #003366;\"><b><i><span style=\"font-family: 'Trebuchet MS', sans-serif;\">twitter.com@juancarlosdecol<\/span><\/i><\/b><\/span><\/p>\n<\/div>\n<div style=\"text-align: justify;\">\n<p><span style=\"color: #003366;\"><b><i><\/i><\/b><span style=\"font-family: 'Trebuchet MS', sans-serif;\">Para finalizar nuestra entrevista puedes decirme qu\u00e9 canci\u00f3n guatemalteca es tu preferida? \u00a0<\/span><b style=\"color: #741b47; font-family: 'Trebuchet MS', sans-serif;\"><i>Son varias las preferidas pero me encanta \u201cLuna de Xelaj\u00fa\u201d del maestro Paco P\u00e9rez., \u201cLa San Juanerita\u201d de Jos\u00e9 Ernesto Moz\u00f3n Y \u201cNoches de Escuintla\u201d de la compositora Mar\u00eda del Tr\u00e1nsito Barrios. Ahhh y \u00a0tengo lindos recuerdos de la canci\u00f3n del \u201cFerrocarril de Los Altos\u201d, pues me recuerda que en Colombia mis padres me llevaban muy ni\u00f1o a unos almacenes de<\/i><\/b><b style=\"color: #741b47; font-family: 'Trebuchet MS', sans-serif;\"><i>\u00a0cadena que se llamaban \u201cAlmacenes Ley\u201d, y all\u00ed esa canci\u00f3n se escuchaba de fondo musical mientras hac\u00edamos las compras. Recuerdo a mi padre en Colombia escuchar la marimba para hacer su hora de siesta, exist\u00eda un programa especial de marimba en Radio Sutatenza de Colombia.<\/i><\/b><\/span><\/p>\n<\/div>\n<div style=\"text-align: justify;\">\n<p><span style=\"color: #003366;\"><b><i><\/i><\/b><span style=\"font-family: 'Trebuchet MS', sans-serif;\">Gracias Juan Carlos, ha sido un gusto compartir contigo un momento muy agradable.<\/span><\/span><\/p>\n<\/div>\n<div style=\"text-align: justify;\">\n<p><span style=\"color: #003366;\"><b><i><span style=\"font-family: 'Trebuchet MS', sans-serif;\">Gracias a Ustedes de coraz\u00f3n, por su inter\u00e9s y por permitirme ser parte de esta hermosa tierra, de compartir su cultura, \u00a0y con mi granito de arena llevarles la m\u00fasica a toda esta gente linda, que son mis tambi\u00e9n mis paisanos mi raza y mi gente.<\/span><\/i><\/b><\/span><\/p>\n<\/div>\n<div>\n<p><span style=\"color: #003366;\"><b><i><\/i><\/b><b><i><span style=\"font-family: 'Trebuchet MS', sans-serif;\">DIOS LOS BENDIGA!<\/span><\/i><\/b><\/span><\/p>\n<p><span style=\"color: #003366;\"><b><i><\/i><\/b><span style=\"font-family: 'Trebuchet MS', sans-serif;\"><b><i>Les compartimos una canci\u00f3n escrita por Juan Carlos para Guatemala<\/i><\/b><\/span><\/span><\/p>\n<\/div>\n<div>\n<p><span style=\"color: #003366;\"><span style=\"font-family: 'Trebuchet MS', sans-serif;\"><b><i>\u00a0<\/i><\/b><\/span><\/span><\/p>\n<div align=\"center\">\n<p><span style=\"color: #003366;\"><b><\/b><b><span style=\"font-family: 'Cooper Black', serif;\">Cumbia<\/span><\/b><\/span><\/p>\n<\/div>\n<div align=\"center\">\n<p><span style=\"color: #003366;\"><b><span style=\"font-family: Cambria, serif;\">(Letra y M\u00fasica Juan Carlos Cort\u00e9s )<\/span><\/b><\/span><\/p>\n<\/div>\n<div align=\"center\">\n<p><span style=\"color: #003366;\"><b><span style=\"font-family: Verdana, sans-serif;\">I<\/span><\/b><\/span><\/p>\n<\/div>\n<div align=\"center\">\n<p><span style=\"color: #003366;\"><b><span style=\"font-family: Verdana, sans-serif;\">QUIERO INSPIRAR ESTE CANTO<\/span><\/b><\/span><\/p>\n<\/div>\n<div align=\"center\">\n<p><span style=\"color: #003366;\"><b><span style=\"font-family: Verdana, sans-serif;\">CON UN RITMO UNIVERSAL\u00a0 (BIS)<\/span><\/b><\/span><\/p>\n<\/div>\n<div align=\"center\">\n<p><span style=\"color: #003366;\"><b><span style=\"font-family: Verdana, sans-serif;\">A ESA TIERRA DEL ENCANTO<\/span><\/b><\/span><\/p>\n<\/div>\n<div align=\"center\">\n<p><span style=\"color: #003366;\"><b><span style=\"font-family: Verdana, sans-serif;\">PRIMAVERA SIN IGUAL\u00a0 (BIS)\u00a0<\/span><\/b><\/span><\/p>\n<\/div>\n<div align=\"center\">\n<p><span style=\"color: #003366;\"><b><span style=\"font-family: Verdana, sans-serif;\">II<\/span><\/b><\/span><\/p>\n<\/div>\n<div align=\"center\">\n<p><span style=\"color: #003366;\"><b><span style=\"font-family: Verdana, sans-serif;\">QUIERO EXPRESAR EN MIS NOTAS<\/span><\/b><\/span><\/p>\n<\/div>\n<div align=\"center\">\n<p><span style=\"color: #003366;\"><b><span style=\"font-family: Verdana, sans-serif;\">LO BELLO DE ESTE PAIS\u00a0\u00a0 (BIS)<\/span><\/b><\/span><\/p>\n<\/div>\n<div align=\"center\">\n<p><span style=\"color: #003366;\"><b><span style=\"font-family: Verdana, sans-serif;\">SON SUS MUJERES HERMOSAS,<\/span><\/b><\/span><\/p>\n<\/div>\n<div align=\"center\">\n<p><span style=\"color: #003366;\"><b><span style=\"font-family: Verdana, sans-serif;\">\u00a0\u00a0\u00a0\u00a0\u00a0\u00a0\u00a0\u00a0\u00a0\u00a0\u00a0\u00a0 QUE HACEN UN BELLO JARDIN\u00a0<\/span><\/b><b><span style=\"font-family: Verdana, sans-serif;\">(BIS)<\/span><\/b><\/span><\/p>\n<\/div>\n<div align=\"center\">\n<p><span style=\"color: #003366;\"><b><span style=\"font-family: Verdana, sans-serif;\">(ESTRIBILLO)<\/span><\/b><\/span><\/p>\n<\/div>\n<div align=\"center\">\n<p><span style=\"color: #003366;\"><b><span style=\"font-family: Verdana, sans-serif;\">ES\u00a0LA ETERNA PRIMAVERA<\/span><\/b><\/span><\/p>\n<\/div>\n<div align=\"center\">\n<p><span style=\"color: #003366;\"><b><span style=\"font-family: Verdana, sans-serif;\">PARAISO SIN IGUAL<\/span><\/b><\/span><\/p>\n<\/div>\n<div align=\"center\">\n<p><span style=\"color: #003366;\"><b><span style=\"font-family: Verdana, sans-serif;\">SE ADORNA CON SU BANDERA<\/span><\/b><\/span><\/p>\n<\/div>\n<div align=\"center\">\n<p><span style=\"color: #003366;\"><b><span style=\"font-family: Verdana, sans-serif;\">EL FINO HERMOSO QUETZAL<\/span><\/b><\/span><\/p>\n<\/div>\n<div align=\"center\">\n<p><span style=\"color: #003366;\"><b><span style=\"font-family: Verdana, sans-serif;\">SE ADORNA CON SU BANDERA<\/span><\/b><\/span><\/p>\n<\/div>\n<div align=\"center\">\n<p><span style=\"color: #003366;\"><b><span style=\"font-family: Verdana, sans-serif;\">EL FINO HERMOSO<\/span><\/b><\/span><\/p>\n<p><span style=\"color: #003366;\"><b><span style=\"font-family: Verdana, sans-serif;\">(PUENTE MUSICAL)<\/span><\/b><b><span style=\"font-family: Verdana, sans-serif;\">\u00a0 \u00a0<\/span><\/b><\/span><\/p>\n<div>\n<p><span style=\"color: #003366;\"><b><span style=\"font-family: Verdana, sans-serif;\">\u00a0 \u00a0 \u00a0 \u00a0 \u00a0 \u00a0 \u00a0 \u00a0 \u00a0 \u00a0 \u00a0 \u00a0 \u00a0 \u00a0 \u00a0 \u00a0 \u00a0 \u00a0 \u00a0 \u00a0\u00a0<\/span><\/b><\/span><\/p>\n<\/div>\n<\/div>\n<div align=\"center\">\n<p><span style=\"color: #003366;\"><b><span style=\"font-family: Verdana, sans-serif;\">III<\/span><\/b><\/span><\/p>\n<p><span style=\"color: #003366;\"><b><span style=\"font-family: Verdana, sans-serif;\">RIOS, LAGOS Y VOLCANES<\/span><\/b><\/span><\/p>\n<\/div>\n<div align=\"center\">\n<p><span style=\"color: #003366;\"><b><span style=\"font-family: Verdana, sans-serif;\">QUE ME EMBRIAGAN DE EMOCION (BIS)<\/span><\/b><\/span><\/p>\n<\/div>\n<div align=\"center\">\n<p><span style=\"color: #003366;\"><b><span style=\"font-family: Verdana, sans-serif;\">SON\u00a0 SUS MONTA\u00d1AS, SU GENTE<\/span><\/b><\/span><\/p>\n<\/div>\n<div align=\"center\">\n<p><span style=\"color: #003366;\"><b><span style=\"font-family: Verdana, sans-serif;\">ICONOS DE UNA NACION.\u00a0 (BIS)<\/span><\/b><\/span><\/p>\n<\/div>\n<div align=\"center\">\n<p><span style=\"color: #003366;\"><b><span style=\"font-family: Verdana, sans-serif;\">IV<\/span><\/b><\/span><\/p>\n<\/div>\n<div align=\"center\">\n<p><span style=\"color: #003366;\"><b><span style=\"font-family: Verdana, sans-serif;\">ESTA ES\u00a0LA TIERRA CHAPINA<\/span><\/b><\/span><\/p>\n<\/div>\n<div align=\"center\">\n<p><span style=\"color: #003366;\"><b><span style=\"font-family: Verdana, sans-serif;\">DE BELLEZA SIN IGUAL,<\/span><\/b><\/span><\/p>\n<\/div>\n<div align=\"center\">\n<p><span style=\"color: #003366;\"><b><span style=\"font-family: Verdana, sans-serif;\">DONDE SE VIVE\u00a0LA VIDA<\/span><\/b><\/span><\/p>\n<\/div>\n<div align=\"center\">\n<p><span style=\"color: #003366;\"><b><span style=\"font-family: Verdana, sans-serif;\">BUSCANDO FELICIDAD. (BIS)<\/span><\/b><\/span><\/p>\n<\/div>\n<div align=\"center\">\n<p><span style=\"color: #003366;\"><b><span style=\"font-family: Verdana, sans-serif;\">\u00a0\u00a0\u00a0\u00a0\u00a0\u00a0\u00a0\u00a0\u00a0\u00a0\u00a0\u00a0\u00a0\u00a0\u00a0\u00a0\u00a0\u00a0\u00a0\u00a0\u00a0\u00a0\u00a0\u00a0\u00a0\u00a0\u00a0\u00a0\u00a0\u00a0\u00a0\u00a0\u00a0\u00a0\u00a0\u00a0\u00a0\u00a0\u00a0\u00a0\u00a0\u00a0\u00a0\u00a0\u00a0\u00a0\u00a0\u00a0\u00a0\u00a0\u00a0\u00a0\u00a0\u00a0\u00a0\u00a0\u00a0\u00a0\u00a0\u00a0\u00a0\u00a0\u00a0\u00a0\u00a0\u00a0\u00a0\u00a0\u00a0\u00a0\u00a0<\/span><\/b><\/span><\/p>\n<\/div>\n<div align=\"center\">\n<p><span style=\"color: #003366;\"><b><span style=\"font-family: Verdana, sans-serif;\">\u00a0(ESTRIBILLO)<\/span><\/b><\/span><\/p>\n<\/div>\n<div align=\"center\">\n<p><span style=\"color: #003366;\"><b><span style=\"font-family: Verdana, sans-serif;\">ES\u00a0LA ETERNA PRIMAVERA<\/span><\/b><\/span><\/p>\n<\/div>\n<div align=\"center\">\n<p><span style=\"color: #003366;\"><b><span style=\"font-family: Verdana, sans-serif;\">PARAISO SIN IGUAL<\/span><\/b><\/span><\/p>\n<\/div>\n<div align=\"center\">\n<p><span style=\"color: #003366;\"><b><span style=\"font-family: Verdana, sans-serif;\">SE ADORNA CON SU BANDERA<\/span><\/b><\/span><\/p>\n<\/div>\n<div align=\"center\">\n<p><span style=\"color: #003366;\"><b><span style=\"font-family: Verdana, sans-serif;\">EL FINO HERMOSO QUETZAL<\/span><\/b><\/span><\/p>\n<\/div>\n<div align=\"center\">\n<p><span style=\"color: #003366;\"><b><span style=\"font-family: Verdana, sans-serif;\">SE ADORNA CON SU BANDERA<\/span><\/b><\/span><\/p>\n<\/div>\n<div align=\"center\">\n<p><span style=\"color: #003366;\"><b><span style=\"font-family: Verdana, sans-serif;\">EL FINO HERMOSO QUETZAL<\/span><\/b><\/span><\/p>\n<\/div>\n<div align=\"center\">\n<p><span style=\"color: #003366;\"><b><span style=\"font-family: Verdana, sans-serif;\">(CORO)<\/span><\/b><b><\/b><\/span><\/p>\n<\/div>\n<div align=\"center\">\n<p><span style=\"color: #003366;\"><b><span style=\"font-family: Verdana, sans-serif;\">SU LUNA LLENA DE AMOR<\/span><\/b><\/span><\/p>\n<\/div>\n<div align=\"center\">\n<p><span style=\"color: #003366;\"><b><span style=\"font-family: Verdana, sans-serif;\">(Coro)BELLA MAGIA TROPICAL<\/span><\/b><\/span><\/p>\n<\/div>\n<div align=\"center\">\n<p><span style=\"color: #003366;\"><b><span style=\"font-family: Verdana, sans-serif;\">REFLEJO MATIZ DE SOL<\/span><\/b><b><\/b><\/span><\/p>\n<\/div>\n<div align=\"center\">\n<p><span style=\"color: #003366;\"><b><span style=\"font-family: Verdana, sans-serif;\">(Coro)LINDA TIERRA DEL QUETZAL.<\/span><\/b><\/span><\/p>\n<\/div>\n<div align=\"center\">\n<p><span style=\"color: #003366;\"><b><span style=\"font-family: Verdana, sans-serif;\">QUIERO ENTREGAR ESTE CANTO<\/span><\/b><\/span><\/p>\n<\/div>\n<div align=\"center\">\n<p><span style=\"color: #003366;\"><b><span style=\"font-family: Verdana, sans-serif;\">(Coro) BELLA MAGIA TROPICAL<\/span><\/b><\/span><\/p>\n<\/div>\n<div align=\"center\">\n<p><span style=\"color: #003366;\"><b><span style=\"font-family: Verdana, sans-serif;\">GUATEMALA ES UN ENCANTO<\/span><\/b><\/span><\/p>\n<\/div>\n<div align=\"center\">\n<p><span style=\"color: #003366;\"><b><span style=\"font-family: Verdana, sans-serif;\">(Coro)LINDA TIERRA DEL QUETZAL.<\/span><\/b><\/span><\/p>\n<\/div>\n<div align=\"center\">\n<p><span style=\"color: #003366;\"><b><span style=\"font-family: Verdana, sans-serif;\">\u00a0 \u00a0 \u00a0 \u00a0 \u00a0 \u00a0 \u00a0 \u00a0 \u00a0 \u00a0 \u00a0 \u00a0 \u00a0 \u00a0 \u00a0 \u00a0 \u00a0 \u00a0 \u00a0 \u00a0 \u00a0 \u00a0 \u00a0<\/span><\/b><\/span><\/p>\n<\/div>\n<div align=\"center\">\n<p><span style=\"color: #003366;\"><b><span style=\"font-family: Verdana, sans-serif;\">(Puente mambo orquestado)<\/span><\/b><\/span><\/p>\n<\/div>\n<div align=\"center\">\n<p><span style=\"color: #003366;\"><b><span style=\"font-family: Verdana, sans-serif;\">GUATEMALA TE AMO TANTO<\/span><\/b><\/span><\/p>\n<\/div>\n<div align=\"center\">\n<p><span style=\"color: #003366;\"><b><span style=\"font-family: Verdana, sans-serif;\">(Coro) BELLA MAGIA TROPICAL<\/span><\/b><\/span><\/p>\n<\/div>\n<div align=\"center\">\n<p><span style=\"color: #003366;\"><b><span style=\"font-family: Verdana, sans-serif;\">COBIJADA CON EL MANTO<\/span><\/b><\/span><\/p>\n<\/div>\n<div align=\"center\">\n<p><span style=\"color: #003366;\"><b><span style=\"font-family: Verdana, sans-serif;\">(Coro)LINDA TIERRA DEL QUETZAL<\/span><\/b><\/span><\/p>\n<\/div>\n<div align=\"center\">\n<p><span style=\"color: #003366;\"><b><span style=\"font-family: Verdana, sans-serif;\">GUATEMALA ES UN ENCANTO<\/span><\/b><\/span><\/p>\n<\/div>\n<div align=\"center\">\n<p><span style=\"color: #003366;\"><b><span style=\"font-family: Verdana, sans-serif;\">(Coro) BELLA MAGIA TROPICAL<\/span><\/b><\/span><\/p>\n<\/div>\n<div align=\"center\">\n<p><span style=\"color: #003366;\"><b><span style=\"font-family: Verdana, sans-serif;\">POR ESO TE QUIERO TANTO<\/span><\/b><\/span><\/p>\n<\/div>\n<div align=\"center\">\n<p><span style=\"color: #003366;\"><b><span style=\"font-family: Verdana, sans-serif;\">(Coro)OH MI TIERRA DEL QUETZAL<\/span><\/b><\/span><\/p>\n<\/div>\n<div align=\"center\">\n<p><span style=\"color: #003366;\"><b><span style=\"font-family: Verdana, sans-serif;\">\u00a0\u00a0\u00a0\u00a0\u00a0\u00a0\u00a0\u00a0\u00a0\u00a0\u00a0\u00a0\u00a0\u00a0\u00a0\u00a0\u00a0\u00a0\u00a0\u00a0\u00a0\u00a0\u00a0\u00a0\u00a0\u00a0\u00a0\u00a0\u00a0\u00a0\u00a0\u00a0\u00a0\u00a0\u00a0\u00a0\u00a0\u00a0\u00a0\u00a0\u00a0\u00a0\u00a0\u00a0<\/span><\/b><\/span><\/p>\n<\/div>\n<div align=\"center\">\n<p><span style=\"color: #003366;\"><b><span style=\"font-family: Verdana, sans-serif;\">(ESTRIBILLO)<\/span><\/b><\/span><\/p>\n<\/div>\n<div align=\"center\">\n<p><span style=\"color: #003366;\"><b><span style=\"font-family: Verdana, sans-serif;\">ES\u00a0LA ETERNA PRIMAVERA<\/span><\/b><\/span><\/p>\n<\/div>\n<div align=\"center\">\n<p><span style=\"color: #003366;\"><b><span style=\"font-family: Verdana, sans-serif;\">PARAISO SIN IGUAL<\/span><\/b><\/span><\/p>\n<\/div>\n<div align=\"center\">\n<p><span style=\"color: #003366;\"><b><span style=\"font-family: Verdana, sans-serif;\">SE ADORNA CON SU BANDERA<\/span><\/b><\/span><\/p>\n<\/div>\n<div align=\"center\">\n<p><span style=\"color: #003366;\"><b><span style=\"font-family: Verdana, sans-serif;\">EL FINO HERMOSO QUETZAL<\/span><\/b><\/span><\/p>\n<\/div>\n<div align=\"center\">\n<p><span style=\"color: #003366;\"><b><span style=\"font-family: Verdana, sans-serif;\">SE ADORNA CON SU BANDERA<\/span><\/b><\/span><\/p>\n<\/div>\n<div align=\"center\">\n<p><span style=\"color: #003366;\"><b><span style=\"font-family: Verdana, sans-serif;\">EL FINO HERMOSO QUETZAL<\/span><\/b><\/span><\/p>\n<\/div>\n<div>\n<p><span style=\"color: #003366;\">\u00a0<\/span><\/p>\n<\/div>\n<div>\n<p><span style=\"color: #003366;\">\u00a0<\/span><\/p>\n<\/div>\n<div align=\"right\">\n<p><span style=\"color: #003366;\"><b><span style=\"font-family: 'Edwardian Script ITC';\">Juan Carlos<\/span><\/b><\/span><\/p>\n<\/div>\n<p><span style=\"color: #003366;\">\u00a0<\/span><\/p>\n<div>\n<p><span style=\"color: #003366;\"><b><i><span style=\"font-family: Arial, sans-serif;\">\u00a0<\/span><\/i><\/b><\/span><\/p>\n<\/div>\n<\/div>\n<div>\n<p><span style=\"color: #003366;\"><b><i><span style=\"font-family: Arial, sans-serif;\"><br \/>\n<\/span><\/i><\/b><b><i><span style=\"font-family: Arial, sans-serif;\"><br \/>\n<\/span><\/i><\/b><i><span style=\"font-family: Arial, sans-serif; font-size: small;\"><b>Entrevista realizada por Heidy Sandoval Ruiz<\/b><\/span><\/i><\/span><\/p>\n<\/div>\n","protected":false},"excerpt":{"rendered":"<div class=\"mh-excerpt\"><p>En esta oportunidad quiero presentar a ustedes en \u201cLa cara amiga de nuestros invitados\u201d, a un cantante internacional, compositor y productor y ex-vocalista de reconocidas <a class=\"mh-excerpt-more\" href=\"https:\/\/heidysandovalruiz.com\/?p=634\" title=\"La cara amiga de \u00abJuan Carlos de Colombia\u00bb\">[&#8230;]<\/a><\/p>\n<\/div>","protected":false},"author":4,"featured_media":635,"comment_status":"closed","ping_status":"closed","sticky":false,"template":"","format":"standard","meta":{"footnotes":""},"categories":[16],"tags":[46],"class_list":["post-634","post","type-post","status-publish","format-standard","has-post-thumbnail","hentry","category-la-cara-amiga","tag-la-cara-amiga-de-juan-carlos-cortez"],"_links":{"self":[{"href":"https:\/\/heidysandovalruiz.com\/index.php?rest_route=\/wp\/v2\/posts\/634","targetHints":{"allow":["GET"]}}],"collection":[{"href":"https:\/\/heidysandovalruiz.com\/index.php?rest_route=\/wp\/v2\/posts"}],"about":[{"href":"https:\/\/heidysandovalruiz.com\/index.php?rest_route=\/wp\/v2\/types\/post"}],"author":[{"embeddable":true,"href":"https:\/\/heidysandovalruiz.com\/index.php?rest_route=\/wp\/v2\/users\/4"}],"replies":[{"embeddable":true,"href":"https:\/\/heidysandovalruiz.com\/index.php?rest_route=%2Fwp%2Fv2%2Fcomments&post=634"}],"version-history":[{"count":3,"href":"https:\/\/heidysandovalruiz.com\/index.php?rest_route=\/wp\/v2\/posts\/634\/revisions"}],"predecessor-version":[{"id":1404,"href":"https:\/\/heidysandovalruiz.com\/index.php?rest_route=\/wp\/v2\/posts\/634\/revisions\/1404"}],"wp:featuredmedia":[{"embeddable":true,"href":"https:\/\/heidysandovalruiz.com\/index.php?rest_route=\/wp\/v2\/media\/635"}],"wp:attachment":[{"href":"https:\/\/heidysandovalruiz.com\/index.php?rest_route=%2Fwp%2Fv2%2Fmedia&parent=634"}],"wp:term":[{"taxonomy":"category","embeddable":true,"href":"https:\/\/heidysandovalruiz.com\/index.php?rest_route=%2Fwp%2Fv2%2Fcategories&post=634"},{"taxonomy":"post_tag","embeddable":true,"href":"https:\/\/heidysandovalruiz.com\/index.php?rest_route=%2Fwp%2Fv2%2Ftags&post=634"}],"curies":[{"name":"wp","href":"https:\/\/api.w.org\/{rel}","templated":true}]}}