{"id":639,"date":"2013-12-04T01:21:19","date_gmt":"2013-12-04T01:21:19","guid":{"rendered":"http:\/\/heidysandovalruiz.com\/?p=639"},"modified":"2017-01-29T06:04:07","modified_gmt":"2017-01-29T06:04:07","slug":"la-cara-amiga-de-daniel-chinchilla","status":"publish","type":"post","link":"https:\/\/heidysandovalruiz.com\/?p=639","title":{"rendered":"La cara amiga de \u00abDaniel Chinchilla\u00bb"},"content":{"rendered":"<p style=\"text-align: justify;\"><span style=\"color: #000080;\">Hoy en \u201c<b>La cara amiga de nuestros invitados<\/b>\u201d, tengo a uno de esos artistas que a trav\u00e9s de los a\u00f1os siguen vigentes, recuerdan canciones como \u201cSufrir\u00e9 una vez m\u00e1s\u201d, \u00abConversaciones conversaciones conmigo mismo\u00bb \u00abBusca el amor en un caf\u00e9\u00bb \u201cJam\u00e1s, jam\u00e1s\u201d \u00abPorque te quiero\u00bb \u00abLibre como el viento\u00bb \u00abDile a \u00e9l\u00bb \u00abQuiero amarte una vez mas\u00bb y muchos \u00e9xitos m\u00e1s \u2026pues estoy hablando de <strong>Daniel Chinchilla<\/strong>, quien fue el vendedor m\u00e1s grande de discos de los setentas y con record de venta que no fueron superados.<\/span><\/p>\n<p style=\"text-align: justify;\"><span style=\"color: #000080;\">Daniel logr\u00f3 con sus grabaciones, mantenerse\u00a0en los primeros lugares en radio a\u00fan encima de famosos cantantes extranjeros de esa \u00e9poca. Era el artista cotizado del momento no solo por la popularidad sino por el profesionalismo con el que asum\u00eda sus compromisos.<\/span><\/p>\n<p style=\"text-align: justify;\"><span style=\"color: #000080;\">En 1974 era la revelaci\u00f3n del momento y se present\u00f3 con Julio Iglesias, Roc\u00edo D\u00farcal, Rosenda Bernal entre otras figuras internacionales. Los j\u00f3venes de la \u00e9poca visitaban los lugares donde se presentaba Daniel, entre ellos: \u201cRio Show\u201d, \u201cGitanillos\u201d, \u201cMolino Rojo\u201d, \u201cLa Rumba 3\u201d, \u201cLa Mancha\u201d, \u201cCasa Blanca\u201d y \u201cEl Bodeg\u00f3n\u201d, entre otros.<\/span><\/p>\n<p style=\"text-align: justify;\"><span style=\"color: #000080;\">Hablar de Daniel Chinchilla es hablar de una carrera art\u00edstica de \u00e9xitos, uno tras otro y por eso que\u00a0por m\u00e1s de 3 d\u00e9cadas contin\u00faa en el gusto de los guatemaltecos y las emisoras que programan baladas del recuerdo no dejan de incluir sus canciones.\u00a0 Desde 1985 radica en los Estados Unidos.\u00a0 En esta entrevista conoceremos muchas cosas de nuestro invitado a quien recibimos con un cari\u00f1oso saludo en este espacio, donde se puede decir lo que se quiere y lo que en otros medios no se puede.<\/span><\/p>\n<p style=\"text-align: justify;\"><span style=\"color: #000080;\">A pesar que han pasado muchos a\u00f1os de tu ausencia de los escenarios de Guatemala, sabes que eres uno de esos artistas que contin\u00faan oy\u00e9ndose en las emisoras? Es por esa raz\u00f3n que hemos decidi\u00f3 conversar contigo y saber d\u00f3nde est\u00e1 y que hace ese artista consentido de los guatemaltecos.<a href=\"https:\/\/heidysandovalruiz.com\/wp-content\/uploads\/2013\/12\/189174_101660179919332_2323191_n.jpg\"><img loading=\"lazy\" decoding=\"async\" class=\"size-medium wp-image-4149 alignright\" src=\"https:\/\/heidysandovalruiz.com\/wp-content\/uploads\/2013\/12\/189174_101660179919332_2323191_n-241x300.jpg\" alt=\"189174_101660179919332_2323191_n\" width=\"241\" height=\"300\" srcset=\"https:\/\/heidysandovalruiz.com\/wp-content\/uploads\/2013\/12\/189174_101660179919332_2323191_n-241x300.jpg 241w, https:\/\/heidysandovalruiz.com\/wp-content\/uploads\/2013\/12\/189174_101660179919332_2323191_n.jpg 578w\" sizes=\"auto, (max-width: 241px) 100vw, 241px\" \/><\/a><\/span><\/p>\n<p style=\"text-align: justify;\"><span style=\"color: #000080;\">Hay tantas cosas que preguntarte, me gustar\u00eda que nos contaras en qu\u00e9 a\u00f1o escribiste tu primera canci\u00f3n \u201cCon el alma en la mano\u201d? Te imaginaste que ser\u00eda la punta de lanza de una carrera exitosa?\u2013\u00a0 <b>La escrib\u00ed en 1970, realmente no me imagin\u00e9 que ser\u00eda la oportunidad de empezar una carrera como compositor y cantante profesional.<\/b><\/span><\/p>\n<p style=\"text-align: justify;\"><span style=\"color: #000080;\">Cuando decidiste dedicarte al canto? <b>Pues como a los 15 a\u00f1os, me inquietaba participar en las actividades del colegio y del barrio mi familia me apoy\u00f3 desde ese entonces.<\/b><\/span><\/p>\n<p style=\"text-align: justify;\"><span style=\"color: #000080;\">En tus inicios que programas de TV te apoyaron y te presentaste?\u00a0<b>Ritmos de Juventud, J.A. Guzm\u00e1n, Casino de la Alegr\u00eda, Alta Tensi\u00f3n, Campi\u00f1a, y otros programas en Canal 3, 5, 7, 11.<\/b><\/span><\/p>\n<p style=\"text-align: justify;\"><span style=\"color: #000080;\">Hablando de Danilo Sanchinelli en los iniciosde tu carrera fue una de las personas que te apoy\u00f3, que recuerdas de \u00e9l y su programa?\u00a0 <b>Danillo Sanchinelli fue conductor de televisi\u00f3n que impuls\u00f3 a la juventud, a la nueva ola, fue el pionero de los programas de televisi\u00f3n dirigidos a los j\u00f3venes de \u00e9sa \u00e9poca al estilo de los Estados Unidos, Danilo a pesar de ser \u201cgordo\u201d (como le dec\u00edan) ten\u00eda una energ\u00eda incre\u00edble un buen humor, apoyando siempre el rock y la balada pop, con los cantantes y conjuntos musicales, adem\u00e1s de la coreograf\u00eda (Las GoGo Girls) fue parte de la escenograf\u00eda, aqu\u00ed yo estoy cantando \u201cLa Hora Del Jerk\u201d acompa\u00f1ado por \u201cLos Rocks\u201d en el programa\u00a0 \u201cRitmos de Juventud\u201d.<\/b><\/span><\/p>\n<p style=\"text-align: justify;\"><span style=\"color: #000080;\"><a href=\"https:\/\/heidysandovalruiz.com\/wp-content\/uploads\/2013\/12\/14826456_877633322381213_1251384091_n.jpg\"><img loading=\"lazy\" decoding=\"async\" class=\"size-medium wp-image-4150 alignleft\" src=\"https:\/\/heidysandovalruiz.com\/wp-content\/uploads\/2013\/12\/14826456_877633322381213_1251384091_n-300x237.jpg\" alt=\"14826456_877633322381213_1251384091_n\" width=\"300\" height=\"237\" srcset=\"https:\/\/heidysandovalruiz.com\/wp-content\/uploads\/2013\/12\/14826456_877633322381213_1251384091_n-300x237.jpg 300w, https:\/\/heidysandovalruiz.com\/wp-content\/uploads\/2013\/12\/14826456_877633322381213_1251384091_n.jpg 960w\" sizes=\"auto, (max-width: 300px) 100vw, 300px\" \/><\/a>Recuerdo que en los a\u00f1os setentas, tus canciones sonaban constantemente en las emisoras de la \u00e9poca, recuerdas algunas de ellas?\u00a0 <b>Estoy muy agradecido con todas las estaciones de radio del pa\u00eds, en la capital y en los departamentos siempre fui recibido con cari\u00f1o, todas, todas, hasta las que pon\u00edan otro tipo de m\u00fasica de vez en cuando pon\u00edan alguna canci\u00f3n mia, es incre\u00edble e inolvidableno no recuerdo todos los nombres, son muchas, en la capital recuerdo a Radio Poderosa, 560, Sensaci\u00f3n, Ciros, La voz de las Am\u00e9ricas, La Voz del Hogar, Rumbos, Sonora, Progreso, Rom\u00e1ntica, Fabulosa, Emperador, Mundial, Super Radio etc. Etc. Son tantas\u2026<\/b><\/span><\/p>\n<p style=\"text-align: justify;\"><span style=\"color: #000080;\">A tu criterio cu\u00e1l fue la canci\u00f3n que m\u00e1s te ped\u00edan tus seguidores?\u00a0 <b>Sufrir\u00e9 una vez m\u00e1s y Conversaciones conmigo mismo, fueron dos canciones que gracias al apoyo de los medios de comunicaci\u00f3n de la \u00e9poca que la inclu\u00edan en su programaci\u00f3n y a los guatemaltecos que apoyaron mi carrera.<\/b><\/span><\/p>\n<p style=\"text-align: justify;\"><span style=\"color: #000080;\">Hablando se \u201cConversaciones conmigo mismo\u201d me cuentan que interpretada por ti fue un \u201cboom\u201d en Guatemala convirti\u00e9ndose en un impacto y esto\u00a0 te consolid\u00f3 como int\u00e9rprete, qu\u00e9 m\u00e1s satisfacciones de brind\u00f3 esa canci\u00f3n? <b>Empez\u00f3 a sonar en las emisoras y a las pocas semanas era un total \u00e9xito que recuerdo porque me dio la oportunidad de abrirme m\u00e1s oportunidades en esta carrera.<\/b><\/span><\/p>\n<p style=\"text-align: justify;\"><span style=\"color: #000080;\">Qu\u00e9 de cierto hay que \u201cBusca el amor en un caf\u00e9\u201d es canci\u00f3n francesa y que Pepe Rodas\u00a0 la adapt\u00f3 para que t\u00fa la interpretaras?\u00a0 <b>Es cierto. Esa canci\u00f3n estaba de moda a mitad de los setentas y Pepe la escuch\u00f3 e hizo el arreglo adapt\u00e1ndola al espa\u00f1ol y realmente fue un \u00e9xito en Guatemala.<\/b><\/span><\/p>\n<p style=\"text-align: justify;\"><span style=\"color: #000080;\">Qu\u00e9 es lo que m\u00e1s recuerdas\u00a0 de tus a\u00f1os de juventud?\u00a0 <b>Era un apasionado de las bicicletas y extra\u00f1o esa etapa porque sal\u00eda con los amigos de la zona 6 y despu\u00e9s cuando ya dej\u00e9 la adolescencia mi pasi\u00f3n se volc\u00f3 a mis motocicletas, tambi\u00e9n practiqu\u00e9 Motocross.<a href=\"https:\/\/heidysandovalruiz.com\/wp-content\/uploads\/2013\/12\/Daniel-Chinchilla-Hugo-L-1000-6x.jpg\"><span style=\"color: #000080;\"><img loading=\"lazy\" decoding=\"async\" class=\"alignright wp-image-1119 size-medium\" src=\"https:\/\/heidysandovalruiz.com\/wp-content\/uploads\/2013\/12\/Daniel-Chinchilla-Hugo-L-1000-6x-300x276.jpg\" alt=\"Daniel Chinchilla Hugo L 1000 - 6x\" width=\"300\" height=\"276\" srcset=\"https:\/\/heidysandovalruiz.com\/wp-content\/uploads\/2013\/12\/Daniel-Chinchilla-Hugo-L-1000-6x-300x276.jpg 300w, https:\/\/heidysandovalruiz.com\/wp-content\/uploads\/2013\/12\/Daniel-Chinchilla-Hugo-L-1000-6x.jpg 650w\" sizes=\"auto, (max-width: 300px) 100vw, 300px\" \/><\/span><\/a><\/b><\/span><\/p>\n<p style=\"text-align: justify;\"><span style=\"color: #000080;\">Con qui\u00e9n te hubiera gustado hacer un dueto? <b>Con Jos\u00e9 Jos\u00e9, Roberto Carlos o Rocio D\u00farcal, por gusto, ..pero por conveniencia\u2026 con varios ja,ja,ja,ja.<\/b><\/span><\/p>\n<p style=\"text-align: justify;\"><span style=\"color: #000080;\">Qu\u00e9 recuerdas de V\u00edctor Manuel Porras, eran amigos?\u00a0 <b>Si, recuerdo su manera de ser, humilde, cari\u00f1oso, sin envidia ni ego\u00edsmo, buen humor, \u2026. Un gran tipo, me atrever\u00eda a decir que con su don de gentes conquist\u00f3 a varios de los compa\u00f1eros artistas y a su p\u00fablico que lo segu\u00eda a sus presentaciones.<\/b><\/span><\/p>\n<p style=\"text-align: justify;\"><span style=\"color: #000080;\">Y hablando de V\u00edctor Manuel Porras, que canci\u00f3n de \u00e9l te hubiera gustado interpretar? \u00a0<b>Gracias por el aplauso.<\/b><\/span><\/p>\n<p style=\"text-align: justify;\"><span style=\"color: #000080;\">D\u00f3nde vives y a qu\u00e9 te dedicas? \u00a0<b>Vivo en New York desde 1985. Actualmente estoy retirado, cuando\u00a0\u00a0finalic\u00e9\u00a0\u00a0mi etapa de cantante en Guatemala, sent\u00ed la necesidad de conocer otros estilos de vida, viaj\u00e9 a Nueva York donde radico actualmente,\u00a0\u00a0por mucho tiempo tuve mis propios estudios de grabaci\u00f3n de Audio y estudios de producci\u00f3n de programas de TV, comerciales y video clips y aunque mi coraz\u00f3n y principales recuerdos est\u00e1n y estar\u00e1n en mi Guatemala.<\/b><\/span><\/p>\n<p style=\"text-align: justify;\"><span style=\"color: #000080;\">Tienes cinco hijos, nacieron en Guatemala? Y alguno de ellos ha seguido tus pasos? \u00a0<b>4 en Guate. 1 en NY, \u2026 no, ninguno ha seguido mis pasos.<\/b><\/span><\/p>\n<p style=\"text-align: justify;\"><span style=\"color: #000080;\"><a href=\"https:\/\/heidysandovalruiz.com\/wp-content\/uploads\/2013\/12\/Daniel-y-Daniel-Quien-es-Quien-1000-6x.jpg\"><img loading=\"lazy\" decoding=\"async\" class=\"size-medium wp-image-4151 alignleft\" src=\"https:\/\/heidysandovalruiz.com\/wp-content\/uploads\/2013\/12\/Daniel-y-Daniel-Quien-es-Quien-1000-6x-300x225.jpg\" alt=\"daniel-y-daniel-quien-es-quien-1000-6x\" width=\"300\" height=\"225\" srcset=\"https:\/\/heidysandovalruiz.com\/wp-content\/uploads\/2013\/12\/Daniel-y-Daniel-Quien-es-Quien-1000-6x-300x225.jpg 300w, https:\/\/heidysandovalruiz.com\/wp-content\/uploads\/2013\/12\/Daniel-y-Daniel-Quien-es-Quien-1000-6x.jpg 800w\" sizes=\"auto, (max-width: 300px) 100vw, 300px\" \/><\/a>Has pensado realizar una recopilaci\u00f3n de tus \u00e9xitos? \u00a0<b>No&#8230;pero no es mala idea jajaja<\/b><\/span><\/p>\n<p style=\"text-align: justify;\"><span style=\"color: #000080;\">Cu\u00e1ndo piensas venir a Guatemala, a comerte un tamalito o cualquier comida t\u00edpica de nuestro pa\u00eds? \u00a0<b>Pronto, usualmente iba cada 2 a\u00f1os m\u00e1s o menos, pero \u00faltimamente tengo como 5 a\u00f1os que no voy,regresar a Guatemala ser\u00e1 la oportunidad para saludar a los amigos de siempre, y por supuesto aprovechar para degustar las comidas t\u00edpicas de nuestra tierra.<\/b><\/span><\/p>\n<p style=\"text-align: justify;\"><span style=\"color: #000080;\">Gracias Daniel por aceptar esta entrevista,\u00a0 no cabe duda que la distancia no es un impedimento para compartir tantas cosas con los amigos de las redes sociales.<\/span><\/p>\n<p style=\"text-align: justify;\"><span style=\"color: #000080;\">Ver fotos y video en<\/span><\/p>\n<p style=\"text-align: justify;\"><span style=\"color: #000080;\">Les invitamos para que se unan al grupo de \u00ab<b>Artistas de Guatemala para el Mundo<\/b>\u00bb en este link<b>\u00a0<\/b><span style=\"color: #000080;\"><b><a href=\"http:\/\/on.fb.me\/1sn2wSf\">http:\/\/on.fb.me\/1sn2wSf<\/a><\/b><\/span><\/span><span style=\"color: #000080;\">,\u00a0el cual tiene como prop\u00f3sito compartir videos, fotos, an\u00e9cdotas y todo lo de nuestros artistas en las diferentes d\u00e9cadas.<\/span><\/p>\n<p><iframe loading=\"lazy\" src=\"https:\/\/www.youtube.com\/embed\/iE7-XNHNIP4\" width=\"560\" height=\"315\" frameborder=\"0\" allowfullscreen=\"allowfullscreen\"><\/iframe><\/p>\n<p><iframe loading=\"lazy\" width=\"560\" height=\"315\" src=\"https:\/\/www.youtube.com\/embed\/eJnDwBi1p6k\" frameborder=\"0\" allowfullscreen><\/iframe><\/p>\n<p><iframe loading=\"lazy\" width=\"560\" height=\"315\" src=\"https:\/\/www.youtube.com\/embed\/Yok4e8k5fQo\" frameborder=\"0\" allowfullscreen><\/iframe><\/p>\n<p><iframe loading=\"lazy\" width=\"560\" height=\"315\" src=\"https:\/\/www.youtube.com\/embed\/lktumh-GOuA\" frameborder=\"0\" allowfullscreen><\/iframe><\/p>\n<p><iframe loading=\"lazy\" width=\"560\" height=\"315\" src=\"https:\/\/www.youtube.com\/embed\/dJWsfxXBNxA\" frameborder=\"0\" allowfullscreen><\/iframe><\/p>\n<p style=\"text-align: justify;\"><span style=\"color: #000080;\">Hemos creado el grupo \u201cLas entrevistas de Heidy\u201d que pueden localizar en <span style=\"color: #000080;\"><a href=\"http:\/\/on.fb.me\/1QxKypc\">http:\/\/on.fb.me\/1QxKypc<\/a><\/span><\/span><\/p>\n<p style=\"text-align: justify;\"><span style=\"color: #000080;\">Tambi\u00e9n ponemos a su disposici\u00f3n el grupo \u201c<\/span><b style=\"color: #000080;\">Un siglo de anuncios<\/b><span style=\"color: #000080;\">\u201d, un espacio donde pueden compartir o comentar los post que se publiquen <\/span><span style=\"color: #000080;\"><a href=\"http:\/\/on.fb.me\/1vASm2g\">http:\/\/on.fb.me\/1vASm2g<\/a><\/span><\/p>\n<p><span style=\"color: #000080;\"><b>\u00a0<\/b><\/span><span style=\"color: #000080;\"><b>Las entrevistas las pueden leer en los siguientes links:<\/b><\/span><\/p>\n<p><a href=\"http:\/\/lasentrevistasdeheidy.blogspot.com\">http:\/\/lasentrevistasdeheidy.blogspot.com<\/a><\/p>\n<p><a title=\"Los invitados de Heidy\" href=\"https:\/\/www.facebook.com\/pages\/Los-invitados-de-Heidy\/892159284204965?ref=hl\">https:\/\/www.facebook.com\/pages\/Los-invitados-de-Heidy\/892159284204965?ref=hl<\/a><\/p>\n<p style=\"text-align: justify;\">\u00a0<span style=\"color: #333399;\"><b>Entrevista realizada por Heidy Sandoval Ruiz<\/b><\/span><\/p>\n","protected":false},"excerpt":{"rendered":"<div class=\"mh-excerpt\"><p>Hoy en \u201cLa cara amiga de nuestros invitados\u201d, tengo a uno de esos artistas que a trav\u00e9s de los a\u00f1os siguen vigentes, recuerdan canciones como <a class=\"mh-excerpt-more\" href=\"https:\/\/heidysandovalruiz.com\/?p=639\" title=\"La cara amiga de \u00abDaniel Chinchilla\u00bb\">[&#8230;]<\/a><\/p>\n<\/div>","protected":false},"author":4,"featured_media":4152,"comment_status":"closed","ping_status":"closed","sticky":false,"template":"","format":"standard","meta":{"footnotes":""},"categories":[16],"tags":[47],"class_list":["post-639","post","type-post","status-publish","format-standard","has-post-thumbnail","hentry","category-la-cara-amiga","tag-la-cara-amiga-de-daniel-chinchilla"],"_links":{"self":[{"href":"https:\/\/heidysandovalruiz.com\/index.php?rest_route=\/wp\/v2\/posts\/639","targetHints":{"allow":["GET"]}}],"collection":[{"href":"https:\/\/heidysandovalruiz.com\/index.php?rest_route=\/wp\/v2\/posts"}],"about":[{"href":"https:\/\/heidysandovalruiz.com\/index.php?rest_route=\/wp\/v2\/types\/post"}],"author":[{"embeddable":true,"href":"https:\/\/heidysandovalruiz.com\/index.php?rest_route=\/wp\/v2\/users\/4"}],"replies":[{"embeddable":true,"href":"https:\/\/heidysandovalruiz.com\/index.php?rest_route=%2Fwp%2Fv2%2Fcomments&post=639"}],"version-history":[{"count":8,"href":"https:\/\/heidysandovalruiz.com\/index.php?rest_route=\/wp\/v2\/posts\/639\/revisions"}],"predecessor-version":[{"id":4413,"href":"https:\/\/heidysandovalruiz.com\/index.php?rest_route=\/wp\/v2\/posts\/639\/revisions\/4413"}],"wp:featuredmedia":[{"embeddable":true,"href":"https:\/\/heidysandovalruiz.com\/index.php?rest_route=\/wp\/v2\/media\/4152"}],"wp:attachment":[{"href":"https:\/\/heidysandovalruiz.com\/index.php?rest_route=%2Fwp%2Fv2%2Fmedia&parent=639"}],"wp:term":[{"taxonomy":"category","embeddable":true,"href":"https:\/\/heidysandovalruiz.com\/index.php?rest_route=%2Fwp%2Fv2%2Fcategories&post=639"},{"taxonomy":"post_tag","embeddable":true,"href":"https:\/\/heidysandovalruiz.com\/index.php?rest_route=%2Fwp%2Fv2%2Ftags&post=639"}],"curies":[{"name":"wp","href":"https:\/\/api.w.org\/{rel}","templated":true}]}}