{"id":6392,"date":"2019-10-02T03:44:11","date_gmt":"2019-10-02T03:44:11","guid":{"rendered":"http:\/\/heidysandovalruiz.com\/?p=6392"},"modified":"2019-10-02T04:19:56","modified_gmt":"2019-10-02T04:19:56","slug":"rene-corado-sigue-tras-sus-suenos","status":"publish","type":"post","link":"https:\/\/heidysandovalruiz.com\/?p=6392","title":{"rendered":"Ren\u00e9 Corado sigue tras sus sue\u00f1os"},"content":{"rendered":"\n<p>Recientemente visit\u00f3 su tierra natal <strong>Ren\u00e9 Corado<\/strong> a quien el pasado 17 de septiembre se le confiri\u00f3 el honor de realizar el cambio de la Rosa y nombrarlo Embajador de la Paz. Este viaje fue muy fruct\u00edfero porque aprovech\u00f3 su estad\u00eda para reunirse con varias personas representantes de diferentes sectores.\u00a0 Pero ser\u00e1 Ren\u00e9 quien nos comente que impresiones se lleva de este viaje.<\/p>\n\n\n\n<p><strong>Mi estimado Ren\u00e9 \u00bfC\u00f3mo recibes la noticia de que ibas a realizar el cambio de la Rosa? <\/strong><em>La verdad que fue una gran sorpresa, me puse muy alegre. Hace 50 a\u00f1os yo lustraba enfrente del palacio y los guardias ni siquiera me dejaban acercarme al palacio porque era un ni\u00f1o descalzo y con agujeros en los pantalones, puedo decir que me llev\u00f3 50 a\u00f1os para cruzar la calle y entrar al palacio a \u201cservirme con la cuchara grande\u201d.<\/em><\/p>\n\n\n\n<p style=\"text-align:left\"><strong>Puedes comentarnos \u00bfPor qu\u00e9 se te confiere ese honor? <\/strong><em>Llevo m\u00e1s de 35 a\u00f1os trabajando a favor del medio ambiente y en la educaci\u00f3n. Yo creo que la paz no se consigue si no damos amor y eso lo demostramos protegiendo los bosques y aguas en donde habita nuestro s\u00edmbolo patrio que es el Quetzal, s\u00edmbolo de libertad amor y paz. Otra muestra de paz es proporcionando educaci\u00f3n a nuestra juventud que es futuro de nuestra patria y eso lo he venido haciendo por a\u00f1os, yo creo que por eso me otorgaron ese honor.<\/em><\/p>\n\n\n\n<p><img loading=\"lazy\" decoding=\"async\" width=\"350\" height=\"233\" class=\"wp-image-6395\" style=\"width: 350px;\" src=\"https:\/\/heidysandovalruiz.com\/wp-content\/uploads\/2019\/10\/70465591_2425782654357473_1653190172734390272_n.jpg\" alt=\"\" srcset=\"https:\/\/heidysandovalruiz.com\/wp-content\/uploads\/2019\/10\/70465591_2425782654357473_1653190172734390272_n.jpg 960w, https:\/\/heidysandovalruiz.com\/wp-content\/uploads\/2019\/10\/70465591_2425782654357473_1653190172734390272_n-300x200.jpg 300w, https:\/\/heidysandovalruiz.com\/wp-content\/uploads\/2019\/10\/70465591_2425782654357473_1653190172734390272_n-768x512.jpg 768w\" sizes=\"auto, (max-width: 350px) 100vw, 350px\" \/><\/p>\n\n\n\n<p><strong>\u00bfTe sientes muy comprometido al ser nombrado Embajador de la Paz? <\/strong><em>Yo creo que el t\u00edtulo de Embajador de la Paz me compromete a seguir luchando m\u00e1s fuerte por mis ideales que son protecci\u00f3n del medio ambiente y educaci\u00f3n, que como dije anteriormente son los pilares de la paz. El trabajo reci\u00e9n comienza para m\u00ed<\/em>.<\/p>\n\n\n\n<p><strong>\u00bfC\u00f3mo has digerido este momento especial en tu vida? <\/strong>Son sue\u00f1os que no estaban en \u201cla lista\u201d pero que ha sido a\u00f1adidura del trabajo constante, esto me hace ver que muchos de los sue\u00f1os se pueden lograr si le ponemos acci\u00f3n. A veces se me hace dif\u00edcil creer que esto me est\u00e1 pasando a m\u00ed, es un momento muy lindo en mi vida despu\u00e9s de haber pasado tantas pruebas.<\/p>\n\n\n\n<p>ue muchos de los sue\u00f1os se pueden lograr si le ponemos acci\u00f3n. A veces se me hace dif\u00edcil creer que esto me est\u00e1 pasando a m\u00ed, es un momento muy lindo en mi vida despu\u00e9s de haber pasado tantas pruebas.<\/p>\n\n\n\n<p><strong>A\nprop\u00f3sito \u00bfC\u00f3mo viviste la celebraci\u00f3n de aniversario de la patria? <\/strong><em>F\u00edjate que fue el \u00fanico d\u00eda que me tom\u00e9\nlibre para poder disfrutar de esas celebraciones, fui al Parque Central y luego\nme qued\u00e9 en la Sexta Avenida viendo pasar las bandas, fue muy lindo todo eso.\nLo \u00fanico que no me gust\u00f3 fue toda la basura que dejaron en las calles varios de\nlos grupos que llevaron las antorchas, por donde pasaban dejaban pilas de\nbolsas pl\u00e1sticas y eso de tirar basura en las calles no es amor a la patria.<\/em><strong><\/strong><\/p>\n\n\n\n<p><strong>Pero\ntu estad\u00eda fue aprovechada para compartir en diversas actividades una de ellas\nfue la develaci\u00f3n de tu muro \u00bfCu\u00e9ntanos al respecto? <\/strong><em>Esa fue otra linda sorpresa que me\ndieron en la escuelita de la zona 3 en donde ayudo con becas de estudio.\nHicieron dos lindos murales de mi persona, una de ni\u00f1o y otra de adulto, es la\nportada y contraportada de mi libro biling\u00fce. Se me rodaran las l\u00e1grimas de la\nalegr\u00eda, este gesto y honor lleg\u00f3 directo a mi coraz\u00f3n.<\/em><\/p>\n\n\n\n<p><strong>\u00bfQui\u00e9n promovi\u00f3 la pintura del mural? <\/strong><em>Fueron las directoras de las escuelas Alberto Mej\u00eda y Manuel Marcos Mart\u00ednez junto con las\/los maestras\/os. La artista es Marta Vald\u00e9z.<\/em><\/p>\n\n\n\n<p><\/p>\n\n\n\n<figure class=\"wp-block-image\"><img loading=\"lazy\" decoding=\"async\" width=\"960\" height=\"540\" src=\"https:\/\/heidysandovalruiz.com\/wp-content\/uploads\/2019\/10\/70340446_2490309564358496_2893084095070339072_n.jpg\" alt=\"\" class=\"wp-image-6402\" srcset=\"https:\/\/heidysandovalruiz.com\/wp-content\/uploads\/2019\/10\/70340446_2490309564358496_2893084095070339072_n.jpg 960w, https:\/\/heidysandovalruiz.com\/wp-content\/uploads\/2019\/10\/70340446_2490309564358496_2893084095070339072_n-300x169.jpg 300w, https:\/\/heidysandovalruiz.com\/wp-content\/uploads\/2019\/10\/70340446_2490309564358496_2893084095070339072_n-768x432.jpg 768w\" sizes=\"auto, (max-width: 960px) 100vw, 960px\" \/><\/figure>\n\n\n\n<p><strong>Y\nhablando de tus actividades \u00bfCon qui\u00e9nes te reuniste en Retalhuleu? <\/strong><em>En Retalhuleu impart\u00ed una conferencia a\nlos estudiantes de Licenciatura en Administraci\u00f3n de Empresas de la Universidad\nMariano G\u00e1lvez. <\/em><\/p>\n\n\n\n<p><strong><em>Por cierto \u00bfQu\u00e9 experiencia\nte llevas de la Universidad Mariano G\u00e1lvez?<\/em><\/strong><em>\nMuy buena experiencia en la Universidad Mariano G\u00e1lvez, tuvimos casa llena y al\nfinal hubieron muchas preguntas muy interesantes. Me encanta compartir con el\nfuturo de nuestra patria.<\/em><\/p>\n\n\n\n<p><strong>A\nqu\u00e9 otros lugares viajaste y \u00bfCu\u00e1l fue el motivo? <\/strong><em>Tambi\u00e9n estuve en El Progreso, Villa\nNueva, Amatitl\u00e1n, San Miguel Petapa, Chimaltenango y Zacapa. Estuve impartiendo\nconferencias de motivaci\u00f3n y reuni\u00e9ndome con grupos que trabajan por el medio\nambiente y educaci\u00f3n.<\/em><strong><\/strong><\/p>\n\n\n\n<p><strong>\u00bfEn\neste viaje tuviste la oportunidad de presentar tu libro? <\/strong><em>Mi libro lo tuve a la venta en todas las\npresentaciones que tuve, que por cierto fue muy bien recibido, tambi\u00e9n\naprovech\u00e9 para ordenar una segunda impresi\u00f3n de mi libro biling\u00fce porque ya se\nagot\u00f3 la primera.<\/em><strong><\/strong><\/p>\n\n\n\n<p><strong>Uno\nde los momentos de relax fue tu asistencia a la \u201c26 Gala de la Canci\u00f3n\nGuatemalteca\u201d \u00bfQu\u00e9 te pareci\u00f3 tu segunda experiencia al estar en este evento? <\/strong><em>Siempre es un gran gusto saludarte\npersonalmente, t\u00fa me has apoyado desde que se public\u00f3 mi libro El Lustrador y\nlo menos que pod\u00eda hacer era estar ah\u00ed contigo, ese d\u00eda llegu\u00e9 a Guatemala y\ndespu\u00e9s de develar mis murales me fui corriendo a la Gala. Lo disfrut\u00e9 mucho y\nhasta tuve la suerte que me invitaste a camerinos! Fue una gran noche y linda\nbienvenida a Guatemala.<\/em><strong><\/strong><\/p>\n\n\n\n<p><strong>\u00bfQu\u00e9\nproyectos tienes a corto plazo? <\/strong><em>Primero\nes la segunda impresi\u00f3n de mi libro biling\u00fce Las Aventuras de Ren\u00e9 Corado El\nLustrador, que se imprimi\u00f3 un bonito n\u00famero de ejemplares y los vamos a\nexportar para California en donde algunas escuelas lo usar\u00e1n como libro de\nlectura. \u201cNadie es profeta en su tierra\u201d dicen por ah\u00ed. Tambi\u00e9n una gira de\nconferencias motivacionales por Estados Unidos.<\/em><\/p>\n\n\n\n<p><strong><em>Te vimos en la Mira con\ncari\u00f1o si que te agarraron infraganti \u00bfqu\u00e9 pas\u00f3 luego de esa broma?<\/em><\/strong><em>&nbsp;&nbsp;\nEstos muchachos de \u201cEn la Mira Con Cari\u00f1o\u201d se la echaron buena, despu\u00e9s\nde la broma me entregaron un reconocimiento \u201cMira con honor\u201d por mi trabajo con\nlos ni\u00f1os en Guatemala luego hicieron regalos a los ni\u00f1os de \u201cmi escuelita\u201d de\nla zona 3.<\/em><\/p>\n\n\n\n<p>Gracias a Ren\u00e9 Corado por darnos la oportunidad de conocer sus sentimientos y sus proyectos.\u00a0 Como siempre te deseamos que cada proyecto que realices sea logrado con todo \u00e9xito.<\/p>\n\n\n\n<p>Entrevista realizada por Heidy Sandoval Ruiz<\/p>\n\n\n\n<p><img loading=\"lazy\" decoding=\"async\" width=\"350\" height=\"233\" class=\"wp-image-6396\" style=\"width: 350px;\" src=\"https:\/\/heidysandovalruiz.com\/wp-content\/uploads\/2019\/10\/70502780_2403533029888451_7303732083170476032_n.jpg\" alt=\"\" srcset=\"https:\/\/heidysandovalruiz.com\/wp-content\/uploads\/2019\/10\/70502780_2403533029888451_7303732083170476032_n.jpg 960w, https:\/\/heidysandovalruiz.com\/wp-content\/uploads\/2019\/10\/70502780_2403533029888451_7303732083170476032_n-300x200.jpg 300w, https:\/\/heidysandovalruiz.com\/wp-content\/uploads\/2019\/10\/70502780_2403533029888451_7303732083170476032_n-768x512.jpg 768w\" sizes=\"auto, (max-width: 350px) 100vw, 350px\" \/>  <\/p>\n\n\n\n<p><img loading=\"lazy\" decoding=\"async\" width=\"351\" height=\"234\" class=\"wp-image-6394\" style=\"width: 351px;\" src=\"https:\/\/heidysandovalruiz.com\/wp-content\/uploads\/2019\/10\/70398853_2425782601024145_5303855418773078016_n.jpg\" alt=\"\" srcset=\"https:\/\/heidysandovalruiz.com\/wp-content\/uploads\/2019\/10\/70398853_2425782601024145_5303855418773078016_n.jpg 960w, https:\/\/heidysandovalruiz.com\/wp-content\/uploads\/2019\/10\/70398853_2425782601024145_5303855418773078016_n-300x200.jpg 300w, https:\/\/heidysandovalruiz.com\/wp-content\/uploads\/2019\/10\/70398853_2425782601024145_5303855418773078016_n-768x512.jpg 768w\" sizes=\"auto, (max-width: 351px) 100vw, 351px\" \/>  <\/p>\n\n\n\n<p><img loading=\"lazy\" decoding=\"async\" width=\"350\" height=\"270\" class=\"wp-image-6399\" style=\"width: 350px;\" src=\"https:\/\/heidysandovalruiz.com\/wp-content\/uploads\/2019\/10\/DSC_0514.jpg\" alt=\"\" srcset=\"https:\/\/heidysandovalruiz.com\/wp-content\/uploads\/2019\/10\/DSC_0514.jpg 4144w, https:\/\/heidysandovalruiz.com\/wp-content\/uploads\/2019\/10\/DSC_0514-300x232.jpg 300w, https:\/\/heidysandovalruiz.com\/wp-content\/uploads\/2019\/10\/DSC_0514-768x593.jpg 768w, https:\/\/heidysandovalruiz.com\/wp-content\/uploads\/2019\/10\/DSC_0514-1024x791.jpg 1024w\" sizes=\"auto, (max-width: 350px) 100vw, 350px\" \/>  <img loading=\"lazy\" decoding=\"async\" width=\"350\" height=\"237\" class=\"wp-image-6403\" style=\"width: 350px;\" src=\"https:\/\/heidysandovalruiz.com\/wp-content\/uploads\/2019\/10\/70425501_243018276656851_5752176921311969280_n.jpg\" alt=\"\" srcset=\"https:\/\/heidysandovalruiz.com\/wp-content\/uploads\/2019\/10\/70425501_243018276656851_5752176921311969280_n.jpg 960w, https:\/\/heidysandovalruiz.com\/wp-content\/uploads\/2019\/10\/70425501_243018276656851_5752176921311969280_n-300x203.jpg 300w, https:\/\/heidysandovalruiz.com\/wp-content\/uploads\/2019\/10\/70425501_243018276656851_5752176921311969280_n-768x520.jpg 768w\" sizes=\"auto, (max-width: 350px) 100vw, 350px\" \/><\/p>\n","protected":false},"excerpt":{"rendered":"<div class=\"mh-excerpt\"><p>Recientemente visit\u00f3 su tierra natal Ren\u00e9 Corado a quien el pasado 17 de septiembre se le confiri\u00f3 el honor de realizar el cambio de la <a class=\"mh-excerpt-more\" href=\"https:\/\/heidysandovalruiz.com\/?p=6392\" title=\"Ren\u00e9 Corado sigue tras sus sue\u00f1os\">[&#8230;]<\/a><\/p>\n<\/div>","protected":false},"author":4,"featured_media":6393,"comment_status":"closed","ping_status":"closed","sticky":false,"template":"","format":"standard","meta":{"footnotes":""},"categories":[16],"tags":[],"class_list":["post-6392","post","type-post","status-publish","format-standard","has-post-thumbnail","hentry","category-la-cara-amiga"],"_links":{"self":[{"href":"https:\/\/heidysandovalruiz.com\/index.php?rest_route=\/wp\/v2\/posts\/6392","targetHints":{"allow":["GET"]}}],"collection":[{"href":"https:\/\/heidysandovalruiz.com\/index.php?rest_route=\/wp\/v2\/posts"}],"about":[{"href":"https:\/\/heidysandovalruiz.com\/index.php?rest_route=\/wp\/v2\/types\/post"}],"author":[{"embeddable":true,"href":"https:\/\/heidysandovalruiz.com\/index.php?rest_route=\/wp\/v2\/users\/4"}],"replies":[{"embeddable":true,"href":"https:\/\/heidysandovalruiz.com\/index.php?rest_route=%2Fwp%2Fv2%2Fcomments&post=6392"}],"version-history":[{"count":26,"href":"https:\/\/heidysandovalruiz.com\/index.php?rest_route=\/wp\/v2\/posts\/6392\/revisions"}],"predecessor-version":[{"id":6427,"href":"https:\/\/heidysandovalruiz.com\/index.php?rest_route=\/wp\/v2\/posts\/6392\/revisions\/6427"}],"wp:featuredmedia":[{"embeddable":true,"href":"https:\/\/heidysandovalruiz.com\/index.php?rest_route=\/wp\/v2\/media\/6393"}],"wp:attachment":[{"href":"https:\/\/heidysandovalruiz.com\/index.php?rest_route=%2Fwp%2Fv2%2Fmedia&parent=6392"}],"wp:term":[{"taxonomy":"category","embeddable":true,"href":"https:\/\/heidysandovalruiz.com\/index.php?rest_route=%2Fwp%2Fv2%2Fcategories&post=6392"},{"taxonomy":"post_tag","embeddable":true,"href":"https:\/\/heidysandovalruiz.com\/index.php?rest_route=%2Fwp%2Fv2%2Ftags&post=6392"}],"curies":[{"name":"wp","href":"https:\/\/api.w.org\/{rel}","templated":true}]}}