{"id":643,"date":"2013-12-04T01:30:01","date_gmt":"2013-12-04T01:30:01","guid":{"rendered":"http:\/\/heidysandovalruiz.com\/?p=643"},"modified":"2017-02-24T02:13:31","modified_gmt":"2017-02-24T02:13:31","slug":"la-cara-amiga-de-celia-recinos","status":"publish","type":"post","link":"https:\/\/heidysandovalruiz.com\/?p=643","title":{"rendered":"La cara amiga de \u00abCelia Recinos\u00bb"},"content":{"rendered":"<p style=\"text-align: justify;\">Hoy en \u201c<b>La cara amiga de nuestros invitados<\/b>\u201d, hablaremos con una mujer que con sus personajes nos ha hecho re\u00edr, meditar, comprender y so\u00f1ar con las cosas que d\u00eda a d\u00eda pasan en nuestra Guatemala.\u00a0 Ella es\u00a0<b>Celia Recinos<\/b>, locutora, compositora, actriz y comediante, una mujer\u00a0 que dice lo que piensa y siente lo que dice, hoy vamos a platicar con ella en este espacio donde se puede decir lo que se quiere y lo que en otros medios no se puede.<\/p>\n<p style=\"text-align: justify;\">Hay tantas cosas que conocer de Celia, por ejemplo porqu\u00e9 te identificas con la Villa de Salcaj\u00e1 en Quetzaltenango?\u00a0 <b><i>Pues, parece que en los arreglos esos tan comunes entre padres que se separan: \u00abeste fin de semana le toca con el pap\u00e1\u00bb, mi pap\u00e1 me llevaba a pasar buenas temporadas con los abuelos a Salca. All\u00e1 dej\u00e9 un pedazo de ombligo, ah\u00ed descansa en paz \u00abEl Choco\u00bb Recinos, tesembr\u00e9 y tapisqu\u00e9 milpa, aprend\u00ed a cocinar -aunque no me dejaban estar cerca del fuego- cri\u00e9 vacas y gallinas, atend\u00ed la tienda principal del pueblo&#8230; De eso ya hace 40 a\u00f1os, no era el gran centro de comercio que se ha vuelto ahora.<\/i><\/b><\/p>\n<p style=\"text-align: justify;\">C\u00f3mo fueron tus a\u00f1os de ni\u00f1ez, eras molestona, estudiosa, t\u00edmida cu\u00e9ntanos? \u00a0<b><i>Todas las anteriores! Era muy t\u00edmida, solitaria e introvertida. Sigo siendo un poco de eso&#8230; solo que ahora lo llamo introspectiva.\u00a0 Me gusta estar conmigo.<\/i><\/b><\/p>\n<p style=\"text-align: justify;\"><b><i><\/i><\/b>Tus padres vieron en ti que desde peque\u00f1a te gust\u00f3 lo relacionado al teatro o fue en la adolescencia? <b><i>Desde siempre tuve facilidad para cercarme a lo art\u00edstico. Mi mam\u00e1 me puso en clases de marimba con el maestro Poggio, sin imaginar que alg\u00fan d\u00eda la tocar\u00eda en un escenario. Escrib\u00eda canciones para festivales, declamaba, era maestra de ceremonias (pero tambi\u00e9n ganaba concursos de matem\u00e1tica jajaja)<a href=\"https:\/\/heidysandovalruiz.com\/wp-content\/uploads\/2013\/12\/IMG_4197.JPG.jpeg\"><img loading=\"lazy\" decoding=\"async\" class=\"size-medium wp-image-4546 alignright\" src=\"https:\/\/heidysandovalruiz.com\/wp-content\/uploads\/2013\/12\/IMG_4197.JPG-300x273.jpeg\" alt=\"IMG_4197.JPG\" width=\"300\" height=\"273\" srcset=\"https:\/\/heidysandovalruiz.com\/wp-content\/uploads\/2013\/12\/IMG_4197.JPG-300x273.jpeg 300w, https:\/\/heidysandovalruiz.com\/wp-content\/uploads\/2013\/12\/IMG_4197.JPG-1024x933.jpeg 1024w, https:\/\/heidysandovalruiz.com\/wp-content\/uploads\/2013\/12\/IMG_4197.JPG.jpeg 1152w\" sizes=\"auto, (max-width: 300px) 100vw, 300px\" \/><\/a><\/i><\/b><\/p>\n<p style=\"text-align: justify;\">A qu\u00e9 personajes del teatro en nuestro pa\u00eds admirabas?\u00a0<b><i>Cuando estudiaba en el Belga, solo nos atraves\u00e1bamos la calle para llegar a la UP. Uno de mis primeros recuerdos ser\u00eda la foto de Mar\u00eda Teresa Mart\u00ednez, do\u00f1a Mildred Ch\u00e1vez\u00a0 en Los \u00c1rboles Mueren de Pie; Rub\u00e9n Morales Monroy tambi\u00e9n figura en mis primeros registros.<\/i><\/b><\/p>\n<p style=\"text-align: justify;\"><b><i><\/i><\/b>Qui\u00e9n es la primera persona y en qu\u00e9 a\u00f1o te da la oportunidad para que t\u00fa decidas dedicarte al teatro?\u00a0<b><i>Xavier Pacheco me dio un papel en el 94, para actuar en \u00abGolfos de Cinco Estrellas\u00bb, la \u00faltima obra que se present\u00f3 en el Gadem.\u00a0 Luego de eso, Gloria Marina me recomienda con Douglas Gonz\u00e1lez Dub\u00f3n, con quien hice dos temporadas ya con el elenco de mis sue\u00f1os: Tito Rivera, Neto Molina&#8230; \u00a1Y Mar\u00eda Teresa Mart\u00ednez!<\/i><\/b><\/p>\n<p style=\"text-align: justify;\">Por cierto qu\u00e9 significa para ti Mar\u00eda teresa Mart\u00ednez?<b><i>La sencillez de los grandes. La m\u00edstica, entrega y respeto por las tablas.\u00a0<\/i><\/b><\/p>\n<p style=\"text-align: justify;\">C\u00f3mo conoces a Josu\u00e9 Morales y que tan importante es para que t\u00fa carrera tenga un giro?<b><i>Siendo yo fan de su trabajo en radio, me present\u00e9 con \u00e9l y le ped\u00ed una audici\u00f3n.\u00a0 Gentilmente me la concede -tuve la suerte de que me hab\u00eda visto en teatro y le gust\u00f3 mi trabajo- y de ah\u00ed surge la posibilidad de poner a platicar a nuestros personajes. El fue lo que llaman un parteaguas en mi vida&#8230; Extraordinario maestro, excelente amigo.<\/i><\/b><\/p>\n<p style=\"text-align: justify;\"><a href=\"https:\/\/heidysandovalruiz.com\/wp-content\/uploads\/2013\/12\/10704060_654682104638627_4772648650627153892_n.jpg\"><img loading=\"lazy\" decoding=\"async\" class=\"size-medium wp-image-4547 alignleft\" src=\"https:\/\/heidysandovalruiz.com\/wp-content\/uploads\/2013\/12\/10704060_654682104638627_4772648650627153892_n-195x300.jpg\" alt=\"10704060_654682104638627_4772648650627153892_n\" width=\"195\" height=\"300\" srcset=\"https:\/\/heidysandovalruiz.com\/wp-content\/uploads\/2013\/12\/10704060_654682104638627_4772648650627153892_n-195x300.jpg 195w, https:\/\/heidysandovalruiz.com\/wp-content\/uploads\/2013\/12\/10704060_654682104638627_4772648650627153892_n.jpg 468w\" sizes=\"auto, (max-width: 195px) 100vw, 195px\" \/><\/a>Cu\u00e1ntos a\u00f1os dura la mancuerna que hacen Josu\u00e9 y t\u00fa en la radio? <b><i>Fueron 15 a\u00f1os&#8230; El plan era hacer 10, pero no fue f\u00e1cil detener el impulso que tra\u00edamos y lo agradable de trabajar en conjunto.<\/i><\/b><\/p>\n<p style=\"text-align: justify;\">A parte de radio hiciste varias presentaciones en el Teatro junto a Josu\u00e9 con llenos totales, te has sentido satisfecha por el trabajo realizado?\u00a0 <b><i>Es impresionante sentir en tus manos la posibilidad de hacer re\u00edr a una persona&#8230; Imag\u00ednate por cu\u00e1nto se multiplica esa satisfacci\u00f3n en un auditorio grande! A la vez -en la medida que fui incorpor\u00e1ndome a la parte empresarial- el compromiso se vuelve un gran desaf\u00edo, pero me gustan. Me siento grandemente responsable al saber que alguien me est\u00e1 dando su tiempo, que haya postergado otras actividades o buscado qui\u00e9n le cuide a sus hijos, salga a circular de noche a esta jungla que se llama ciudad de Guatemala, haya querido pagar por eso, y dedique su atenci\u00f3n a mis locuras&#8230; Que se me aflojan las rodillas de pensar en lo que me corresponde dar a cambio. Pensaba en todo: desde la comodidad de las butacas hasta la seguridad en el estacionamiento del Teatro Nacional, que hab\u00eda que reforzar porque ah\u00ed lo recib\u00edan a uno dici\u00e9ndole: ya sab\u00e9s que aqu\u00ed la situaci\u00f3n es delicada y tienen qu\u00e9 poner su seguridad&#8230; Siempre me dije: Tengo qu\u00e9 darles una mejor noche de la que hubieran pasado sin m\u00ed!<\/i><\/b><\/p>\n<p style=\"text-align: justify;\">Tus personajes de alguna manera llevan mensajes de los problemas sociales de nuestro pa\u00eds, Celia tiene miedo de decir\u00a0 las cosas como son o eres de las personas decididas a ser la voz de los sin voz?<b><i>No me da miedo ser la voz de muchos. No soy cachureca (l\u00edbreme el cielo) pero soy una persona de f\u00e9, y s\u00e9 que no se mueve la hoja de un \u00e1rbol si Dios no lo permite. Vivo en paz. La sensaci\u00f3n de vivir de rodillas no me acomoda. No creo estar \u00aben la mira\u00bb de alguien. No saco trapitos al sol, solo hago humor de lo que ya es noticia.\u00a0<a href=\"https:\/\/heidysandovalruiz.com\/wp-content\/uploads\/2013\/12\/IMG_4190.JPG.jpeg\"><img loading=\"lazy\" decoding=\"async\" class=\"size-medium wp-image-4548 alignright\" src=\"https:\/\/heidysandovalruiz.com\/wp-content\/uploads\/2013\/12\/IMG_4190.JPG-300x225.jpeg\" alt=\"IMG_4190.JPG\" width=\"300\" height=\"225\" srcset=\"https:\/\/heidysandovalruiz.com\/wp-content\/uploads\/2013\/12\/IMG_4190.JPG-300x225.jpeg 300w, https:\/\/heidysandovalruiz.com\/wp-content\/uploads\/2013\/12\/IMG_4190.JPG-1024x770.jpeg 1024w, https:\/\/heidysandovalruiz.com\/wp-content\/uploads\/2013\/12\/IMG_4190.JPG.jpeg 1280w\" sizes=\"auto, (max-width: 300px) 100vw, 300px\" \/><\/a><\/i><\/b><\/p>\n<p style=\"text-align: justify;\">Pero eres una cajita de sorpresas porque ser compositora y lograr que artistas como David \u00c1valos, Elizabeth de Guatemala y Giovanni Passarelli interpreten tus canciones es un \u00e9xito, c\u00f3mo seleccionas a tus int\u00e9rpretes y en qu\u00e9 te inspiras para escribir tus canciones?\u00a0 <b><i>Se siente muy bonito que alguien m\u00e1s pueda hacer suyo un relato ajeno. Me emociona mucho, y me da mucho gusto que ellos hayan querido hacer p\u00fablico algo m\u00edo, darle vida a lo que ser\u00eda una letra muerta&#8230; Es muy gratificante! En qu\u00e9 me inspiro? En sentimientos, en impactos emocionales frescos o viejos, m\u00edos o ajenos, que de pronto cobran vida en u juego de palabras que se ordena mel\u00f3dicamente.<\/i><\/b><\/p>\n<p style=\"text-align: justify;\">Te consideras una mujer que acepta los retos? Y cu\u00e1l ha sido el m\u00e1s atrevido?\u00a0<b><i>Ni cuenta me doy cuando ya estoy en medio del berenjenal! Acepto el reto de ser yo cada d\u00eda, de ser feliz m\u00e1s all\u00e1 de las recetas conocidas. Muy probablemente el m\u00e1s grande ha sido dejar a un lado el rating y el glamour por sentir el placer de poner en la tierra cada pie y disfrutar de ser humana, sin etiquetas ni aparentes triunfos, porque la vida es m\u00e1s que n\u00fameros.<\/i><\/b><\/p>\n<p style=\"text-align: justify;\" align=\"center\">Si te digo color \u201crojo\u201d en qu\u00e9 piensas?<b><i>Un vestido, un corazoncito, pasi\u00f3n, fuego&#8230;<\/i><\/b><\/p>\n<p style=\"text-align: justify;\">Para ti que es el amor? \u00a0<b><i>Todo lo que me haga dibujar una sonrisa, en m\u00ed o en alguien m\u00e1s.<\/i><\/b><\/p>\n<p style=\"text-align: justify;\">Te gusta el mar, que playa prefieres para pasar un merecido relax?<b><i>Mientras m\u00e1s inh\u00f3spita y rec\u00f3ndita, mejor! Sentir la brisa del mar, y escuchar su canto bajo una palmera&#8230; no tiene comparaci\u00f3n.<\/i><\/b><\/p>\n<p style=\"text-align: justify;\">Crees que las caracter\u00edsticas de Aries (tu signo zodiacal) se identifican con tu personalidad? trabajadores, emprendedores, en\u00e9rgicos, demasiado posesivos. rebeldes y agresivos?\u00a0 <b><i>Un poco de todo, aunque no creo en el hor\u00f3scopo porque dicen que es de mala suerte ser supersticioso! Jajaja Por supuesto que me gustan las cualidades de Aries, y trato de trabajar para mejorar el lado oscuro. O sea que puede que tenga mi lado brinconcito, pero necesita de est\u00edmulos muy grandes para dejarse ver. Posesiva? De patoja, ahora s\u00e9 que nada es m\u00edo..<\/i><\/b><\/p>\n<p style=\"text-align: justify;\">Quieres contarnos que haces actualmente?<b><i>Pensar&#8230; Replantear&#8230; Decidir&#8230; Dejar descansar al reloj&#8230; Y un poquito, trabajar en otros \u00e1mbitos.\u00a0\u00a0Van 9 meses (ya parece un embarazo jajaj)<\/i><\/b><\/p>\n<p style=\"text-align: justify;\">Has extra\u00f1ado la radio? La comunicaci\u00f3n con los oyentes?\u00a0 <b><i>S\u00ed, y no&#8230; Creo que agot\u00e9 esa etapa, as\u00ed que no hay nada qu\u00e9 lamentar. Josu\u00e9 es tan generoso que me dej\u00f3 la puerta abierta por si decido volver, es una decisi\u00f3n que estoy por tomar&#8230; Es una maravilla contar con el p\u00fablico a trav\u00e9s de facebook con la p\u00e1gina de Do\u00f1a Rome, y la columna quincenal en Prensa Libre, as\u00ed que no ha habido ocasi\u00f3n de extra\u00f1ar.<\/i><\/b><\/p>\n<p style=\"text-align: justify;\">C\u00f3mo se ve Celia en unos cinco a\u00f1os?\u00a0 <b><i>En paz. Feliz. Haciendo qu\u00e9, no s\u00e9&#8230; pero satisfecha.<\/i><\/b><\/p>\n<p><iframe loading=\"lazy\" width=\"560\" height=\"315\" src=\"https:\/\/www.youtube.com\/embed\/qNhwcbfaZto?ecver=1\" frameborder=\"0\" allowfullscreen><\/iframe><\/p>\n<p><iframe loading=\"lazy\" width=\"560\" height=\"315\" src=\"https:\/\/www.youtube.com\/embed\/RnYdpoDDq9o?ecver=1\" frameborder=\"0\" allowfullscreen><\/iframe><\/p>\n<p><iframe loading=\"lazy\" width=\"560\" height=\"315\" src=\"https:\/\/www.youtube.com\/embed\/fetJcLiwnb8?ecver=1\" frameborder=\"0\" allowfullscreen><\/iframe><\/p>\n<p style=\"text-align: justify;\">\n<p>Les invitamos para que se unan al grupo de \u00ab<strong>Artistas de Guatemala para el Mundo<\/strong>\u00bb en este link <a href=\"http:\/\/on.fb.me\/1sn2wSf\">http:\/\/on.fb.me\/1sn2wSf<\/a>\u00a0el cual tiene como prop\u00f3sito compartir videos, fotos, an\u00e9cdotas y todo lo de nuestros artistas en las diferentes d\u00e9cadas.<\/p>\n<p>Hemos creado el grupo <strong>\u201cLas entrevistas de Heidy\u201d<\/strong> que pueden localizar en<\/p>\n<p><a href=\"https:\/\/www.facebook.com\/groups\/1443599465933701\/\">https:\/\/www.facebook.com\/groups\/1443599465933701\/<\/a><\/p>\n<p>Tambi\u00e9n ponemos a su disposici\u00f3n el grupo \u201c<strong>Un siglo de anuncios y algo m\u00e1s\u2026\u201d, <\/strong>un espacio donde pueden compartir o comentar los post que se publiquen <a href=\"http:\/\/on.fb.me\/1vASm2g\">http:\/\/on.fb.me\/1vASm2g<\/a><\/p>\n<p>Las entrevistas las pueden leer en los siguientes links:<\/p>\n<p><a href=\"http:\/\/www.heidysandovalruiz.com\/\">http:\/\/www.heidysandovalruiz.com<\/a><\/p>\n<p><a href=\"http:\/\/lasentrevistasdeheidy.blogspot.com\/\">http:\/\/lasentrevistasdeheidy.blogspot.com<\/a><\/p>\n<p><a href=\"https:\/\/www.facebook.com\/pages\/Los-invitados-de-Heidy\/892159284204965?ref=hl\" data-blogger-escaped-style=\"font-family: arial, sans-serif; text-align: justify;\">https:\/\/www.facebook.com\/pages\/Los-invitados-de-Heidy\/892159284204965?ref=hl<\/a><\/p>\n<p><strong>Entrevista realizada por Heidy Sandoval Ruiz<\/strong><\/p>\n<p><strong>Les invitamos a darle me gusta a nuestras Fan Page<\/strong><\/p>\n<p>\u00abGala de la Canci\u00f3n Guatemalteca\u00bb<\/p>\n<p><a title=\"Gala de la Canci\u00f3n Guatemalteca\" href=\"http:\/\/on.fb.me\/1kXE6cH\">http:\/\/on.fb.me\/1kXE6cH<\/a><\/p>\n<p><b>Entrevista realizada por Heidy Sandoval Ruiz<\/b><\/p>\n","protected":false},"excerpt":{"rendered":"<div class=\"mh-excerpt\"><p>Hoy en \u201cLa cara amiga de nuestros invitados\u201d, hablaremos con una mujer que con sus personajes nos ha hecho re\u00edr, meditar, comprender y so\u00f1ar con <a class=\"mh-excerpt-more\" href=\"https:\/\/heidysandovalruiz.com\/?p=643\" title=\"La cara amiga de \u00abCelia Recinos\u00bb\">[&#8230;]<\/a><\/p>\n<\/div>","protected":false},"author":4,"featured_media":644,"comment_status":"closed","ping_status":"closed","sticky":false,"template":"","format":"standard","meta":{"footnotes":""},"categories":[16],"tags":[48],"class_list":["post-643","post","type-post","status-publish","format-standard","has-post-thumbnail","hentry","category-la-cara-amiga","tag-la-cara-amiga-de-celia-recinos"],"_links":{"self":[{"href":"https:\/\/heidysandovalruiz.com\/index.php?rest_route=\/wp\/v2\/posts\/643","targetHints":{"allow":["GET"]}}],"collection":[{"href":"https:\/\/heidysandovalruiz.com\/index.php?rest_route=\/wp\/v2\/posts"}],"about":[{"href":"https:\/\/heidysandovalruiz.com\/index.php?rest_route=\/wp\/v2\/types\/post"}],"author":[{"embeddable":true,"href":"https:\/\/heidysandovalruiz.com\/index.php?rest_route=\/wp\/v2\/users\/4"}],"replies":[{"embeddable":true,"href":"https:\/\/heidysandovalruiz.com\/index.php?rest_route=%2Fwp%2Fv2%2Fcomments&post=643"}],"version-history":[{"count":5,"href":"https:\/\/heidysandovalruiz.com\/index.php?rest_route=\/wp\/v2\/posts\/643\/revisions"}],"predecessor-version":[{"id":4550,"href":"https:\/\/heidysandovalruiz.com\/index.php?rest_route=\/wp\/v2\/posts\/643\/revisions\/4550"}],"wp:featuredmedia":[{"embeddable":true,"href":"https:\/\/heidysandovalruiz.com\/index.php?rest_route=\/wp\/v2\/media\/644"}],"wp:attachment":[{"href":"https:\/\/heidysandovalruiz.com\/index.php?rest_route=%2Fwp%2Fv2%2Fmedia&parent=643"}],"wp:term":[{"taxonomy":"category","embeddable":true,"href":"https:\/\/heidysandovalruiz.com\/index.php?rest_route=%2Fwp%2Fv2%2Fcategories&post=643"},{"taxonomy":"post_tag","embeddable":true,"href":"https:\/\/heidysandovalruiz.com\/index.php?rest_route=%2Fwp%2Fv2%2Ftags&post=643"}],"curies":[{"name":"wp","href":"https:\/\/api.w.org\/{rel}","templated":true}]}}