{"id":664,"date":"2013-12-04T22:56:21","date_gmt":"2013-12-04T22:56:21","guid":{"rendered":"http:\/\/heidysandovalruiz.com\/?p=664"},"modified":"2014-01-16T22:48:13","modified_gmt":"2014-01-16T22:48:13","slug":"feliz-dia-del-artista-guatemalteco","status":"publish","type":"post","link":"https:\/\/heidysandovalruiz.com\/?p=664","title":{"rendered":"Feliz \u00abD\u00eda del artista guatemalteco\u00bb"},"content":{"rendered":"<p style=\"text-align: justify;\"><span style=\"color: #741b47; font-family: 'Trebuchet MS', sans-serif;\"><span>El 27 de Octubre es la fecha en la que en Guatemala se celebra el \u00ab<b>D\u00eda del Artista Nacional\u00bb<\/b>, por lo que quiero enviar un saludo a tod@s en las diferentes ramas y especialmente, a quienes han compartido en \u00ab<b>Las entrevist<\/b><\/span><span><b>as de Heidy<\/b>\u00bb y \u00ab<b>Los invitados de Heidy<\/b>\u00ab, espacios que pongo a su disposici\u00f3n para que se conozca el trabajo que realizan, sus sue\u00f1os, inquietudes y muchas cosas m\u00e1s.\u00a0<\/span><\/span><\/p>\n<p><span style=\"color: #741b47; font-family: 'Trebuchet MS', sans-serif;\">Les invito a ver unas fotos muy especiales&#8230;<\/span><\/p>\n<p><a href=\"https:\/\/www.facebook.com\/media\/set\/?set=a.726738630672914.1073741836.689975304349247&amp;type=1&amp;l=1d01073bc3\" data-blogger-escaped-rel=\"nofollow\">https:\/\/www.facebook.com\/media\/set\/?set=a.726738630672914.1073741836.689975304349247&amp;type=1&amp;l=1d01073bc3<\/a><\/p>\n<p>https:\/\/www.facebook.com\/media\/set\/?set=a.521538801275591.1073741848.100002584270453&#038;type=1&#038;l=769e8cfc01<\/p>\n<p><a href=\"http:\/\/4.bp.blogspot.com\/-m-FX7k4rhgU\/Um2rKsCCbvI\/AAAAAAAAEvs\/qQAPnx6jCWg\/s1600\/Dia+del+artista.jpg\"><img loading=\"lazy\" decoding=\"async\" class=\"aligncenter\" alt=\"\" src=\"http:\/\/4.bp.blogspot.com\/-m-FX7k4rhgU\/Um2rKsCCbvI\/AAAAAAAAEvs\/qQAPnx6jCWg\/s320\/Dia+del+artista.jpg\" width=\"320\" height=\"241\" border=\"0\" \/><\/a><\/p>\n<p>&nbsp;<\/p>\n<p><span style=\"color: #741b47; font-family: 'Trebuchet MS', sans-serif;\"><b>La historia en este link de nota del periodista Julio Trejo Pineda<\/b><\/span><\/p>\n<p><a href=\"http:\/\/www.notasperiodisticas.com\/?p=13000\" data-blogger-escaped-rel=\"nofollow nofollow\" data-blogger-escaped-target=\"_blank\">http:\/\/www.notasperiodisticas.com\/?p=13000<\/a><\/p>\n","protected":false},"excerpt":{"rendered":"<div class=\"mh-excerpt\"><p>El 27 de Octubre es la fecha en la que en Guatemala se celebra el \u00abD\u00eda del Artista Nacional\u00bb, por lo que quiero enviar un <a class=\"mh-excerpt-more\" href=\"https:\/\/heidysandovalruiz.com\/?p=664\" title=\"Feliz \u00abD\u00eda del artista guatemalteco\u00bb\">[&#8230;]<\/a><\/p>\n<\/div>","protected":false},"author":4,"featured_media":658,"comment_status":"closed","ping_status":"closed","sticky":false,"template":"","format":"standard","meta":{"footnotes":""},"categories":[5],"tags":[52],"class_list":["post-664","post","type-post","status-publish","format-standard","has-post-thumbnail","hentry","category-entrevistas","tag-feliz-dia-del-artista-guatemalteco"],"_links":{"self":[{"href":"https:\/\/heidysandovalruiz.com\/index.php?rest_route=\/wp\/v2\/posts\/664","targetHints":{"allow":["GET"]}}],"collection":[{"href":"https:\/\/heidysandovalruiz.com\/index.php?rest_route=\/wp\/v2\/posts"}],"about":[{"href":"https:\/\/heidysandovalruiz.com\/index.php?rest_route=\/wp\/v2\/types\/post"}],"author":[{"embeddable":true,"href":"https:\/\/heidysandovalruiz.com\/index.php?rest_route=\/wp\/v2\/users\/4"}],"replies":[{"embeddable":true,"href":"https:\/\/heidysandovalruiz.com\/index.php?rest_route=%2Fwp%2Fv2%2Fcomments&post=664"}],"version-history":[{"count":1,"href":"https:\/\/heidysandovalruiz.com\/index.php?rest_route=\/wp\/v2\/posts\/664\/revisions"}],"predecessor-version":[{"id":665,"href":"https:\/\/heidysandovalruiz.com\/index.php?rest_route=\/wp\/v2\/posts\/664\/revisions\/665"}],"wp:featuredmedia":[{"embeddable":true,"href":"https:\/\/heidysandovalruiz.com\/index.php?rest_route=\/wp\/v2\/media\/658"}],"wp:attachment":[{"href":"https:\/\/heidysandovalruiz.com\/index.php?rest_route=%2Fwp%2Fv2%2Fmedia&parent=664"}],"wp:term":[{"taxonomy":"category","embeddable":true,"href":"https:\/\/heidysandovalruiz.com\/index.php?rest_route=%2Fwp%2Fv2%2Fcategories&post=664"},{"taxonomy":"post_tag","embeddable":true,"href":"https:\/\/heidysandovalruiz.com\/index.php?rest_route=%2Fwp%2Fv2%2Ftags&post=664"}],"curies":[{"name":"wp","href":"https:\/\/api.w.org\/{rel}","templated":true}]}}