{"id":6715,"date":"2020-09-07T00:10:01","date_gmt":"2020-09-07T00:10:01","guid":{"rendered":"http:\/\/heidysandovalruiz.com\/?p=6715"},"modified":"2020-09-07T00:10:01","modified_gmt":"2020-09-07T00:10:01","slug":"roy-elias-en-las-entrevistas-de-heidy","status":"publish","type":"post","link":"https:\/\/heidysandovalruiz.com\/?p=6715","title":{"rendered":"Roy El\u00edas en \u00abLas entrevistas de Heidy\u00bb"},"content":{"rendered":"\n<p class=\"has-text-color has-very-dark-gray-color\">Para las <strong>\u201cEntrevistas de Heidy<\/strong>\u201d, tendremos la oportunidad de conocer en pocos minutos algunos datos de la vida de Rub\u00e9n El\u00edas Suchi Ch\u00e1vez conocido profesionalmente como <strong>Roy El\u00edas<\/strong>. Originario de Quetzaltenango desde hace un buen tiempo decidi\u00f3 radicar en la ciudad capital y dedicarse a promover el arte y la cultura a trav\u00e9s de sus fotograf\u00edas.<\/p>\n\n\n\n<p>Doy la bienvenida a nuestro invitado con quien charlaremos cosas de la vida cotidiana y algunos aspectos relacionados con la fotograf\u00eda.<\/p>\n\n\n\n<p>Les invito a ver el video:<\/p>\n\n\n<p><iframe loading=\"lazy\" width=\"560\" height=\"315\" src=\"https:\/\/www.youtube.com\/embed\/RJVcozedLno\" frameborder=\"0\" allow=\"accelerometer; autoplay; encrypted-media; gyroscope; picture-in-picture\" allowfullscreen=\"\"><\/iframe><\/p>","protected":false},"excerpt":{"rendered":"<div class=\"mh-excerpt\"><p>Para las \u201cEntrevistas de Heidy\u201d, tendremos la oportunidad de conocer en pocos minutos algunos datos de la vida de Rub\u00e9n El\u00edas Suchi Ch\u00e1vez conocido profesionalmente <a class=\"mh-excerpt-more\" href=\"https:\/\/heidysandovalruiz.com\/?p=6715\" title=\"Roy El\u00edas en \u00abLas entrevistas de Heidy\u00bb\">[&#8230;]<\/a><\/p>\n<\/div>","protected":false},"author":4,"featured_media":6716,"comment_status":"closed","ping_status":"closed","sticky":false,"template":"","format":"standard","meta":{"footnotes":""},"categories":[5],"tags":[],"class_list":["post-6715","post","type-post","status-publish","format-standard","has-post-thumbnail","hentry","category-entrevistas"],"_links":{"self":[{"href":"https:\/\/heidysandovalruiz.com\/index.php?rest_route=\/wp\/v2\/posts\/6715","targetHints":{"allow":["GET"]}}],"collection":[{"href":"https:\/\/heidysandovalruiz.com\/index.php?rest_route=\/wp\/v2\/posts"}],"about":[{"href":"https:\/\/heidysandovalruiz.com\/index.php?rest_route=\/wp\/v2\/types\/post"}],"author":[{"embeddable":true,"href":"https:\/\/heidysandovalruiz.com\/index.php?rest_route=\/wp\/v2\/users\/4"}],"replies":[{"embeddable":true,"href":"https:\/\/heidysandovalruiz.com\/index.php?rest_route=%2Fwp%2Fv2%2Fcomments&post=6715"}],"version-history":[{"count":1,"href":"https:\/\/heidysandovalruiz.com\/index.php?rest_route=\/wp\/v2\/posts\/6715\/revisions"}],"predecessor-version":[{"id":6717,"href":"https:\/\/heidysandovalruiz.com\/index.php?rest_route=\/wp\/v2\/posts\/6715\/revisions\/6717"}],"wp:featuredmedia":[{"embeddable":true,"href":"https:\/\/heidysandovalruiz.com\/index.php?rest_route=\/wp\/v2\/media\/6716"}],"wp:attachment":[{"href":"https:\/\/heidysandovalruiz.com\/index.php?rest_route=%2Fwp%2Fv2%2Fmedia&parent=6715"}],"wp:term":[{"taxonomy":"category","embeddable":true,"href":"https:\/\/heidysandovalruiz.com\/index.php?rest_route=%2Fwp%2Fv2%2Fcategories&post=6715"},{"taxonomy":"post_tag","embeddable":true,"href":"https:\/\/heidysandovalruiz.com\/index.php?rest_route=%2Fwp%2Fv2%2Ftags&post=6715"}],"curies":[{"name":"wp","href":"https:\/\/api.w.org\/{rel}","templated":true}]}}