{"id":6737,"date":"2020-10-01T17:41:00","date_gmt":"2020-10-01T17:41:00","guid":{"rendered":"http:\/\/heidysandovalruiz.com\/?p=6737"},"modified":"2021-02-14T20:21:39","modified_gmt":"2021-02-14T20:21:39","slug":"carlos-cuellar-en-las-entrevistas-de-heidy","status":"publish","type":"post","link":"https:\/\/heidysandovalruiz.com\/?p=6737","title":{"rendered":"Carlos Cu\u00e9llar en \u00abLas entrevistas de Heidy\u00bb"},"content":{"rendered":"<p>Compartimos en esta oportunidad la maravillosa historia de Carlos Enrique Cuellar Garc\u00eda a quien art\u00edsticamente le conocemos como \u201cCarlos Cu\u00e9llar\u201d, desde peque\u00f1o se inclin\u00f3 por la m\u00fasica cl\u00e1sica y entre otros escuchaba la franja instrumental de \u201cFabuestereo\u201d.<\/p>\n<p>Hoy este espacio est\u00e1 dedicado a contar la historia de un int\u00e9rprete que sabe cantarle al amor. Nuestro invitado tiene 12 a\u00f1os en el ambiente art\u00edstico pero su estilo ha gustado y es apoyado por quienes le escuchan en los lugares donde se presenta.&nbsp;<\/p>\n<p>Adem\u00e1s, ha participado en la \u00abGala de la Canci\u00f3n Guatemalteca\u00bb y en los&nbsp; repasos de \u00abNostalgias de cincuenton@s\u00bb un grupo en el que su mayor\u00eda se integra por personas mayores de 50 a\u00f1os.<\/p>\n<p><iframe loading=\"lazy\" src=\"https:\/\/www.youtube.com\/embed\/ZGXlz3l_YFU\" width=\"560\" height=\"315\" frameborder=\"0\" allowfullscreen=\"allowfullscreen\"><\/iframe><\/p>\n<p><\/p>\n\n\n<figure class=\"wp-block-image\"><img loading=\"lazy\" decoding=\"async\" width=\"432\" height=\"324\" src=\"https:\/\/heidysandovalruiz.com\/wp-content\/uploads\/2020\/10\/2-web.jpg\" alt=\"\" class=\"wp-image-6741\" srcset=\"https:\/\/heidysandovalruiz.com\/wp-content\/uploads\/2020\/10\/2-web.jpg 432w, https:\/\/heidysandovalruiz.com\/wp-content\/uploads\/2020\/10\/2-web-300x225.jpg 300w\" sizes=\"auto, (max-width: 432px) 100vw, 432px\" \/><figcaption>Lic. Iv\u00e1n D\u00edaz L\u00f3pez, Gobernador de Guatemala,<br \/>Licda. Heidy Sandoval Ruiz, Coordinadora de la Gala de Canci\u00f3n Guatemalteca<\/figcaption><\/figure>\n\n\n\n<figure class=\"wp-block-image\"><img loading=\"lazy\" decoding=\"async\" width=\"600\" height=\"400\" src=\"https:\/\/heidysandovalruiz.com\/wp-content\/uploads\/2020\/10\/4-web.jpg\" alt=\"\" class=\"wp-image-6742\" srcset=\"https:\/\/heidysandovalruiz.com\/wp-content\/uploads\/2020\/10\/4-web.jpg 600w, https:\/\/heidysandovalruiz.com\/wp-content\/uploads\/2020\/10\/4-web-300x200.jpg 300w\" sizes=\"auto, (max-width: 600px) 100vw, 600px\" \/><figcaption>Con Dabner Ort\u00edz director de \u00abLos Cl\u00e1sicos\u00bb<\/figcaption><\/figure>\n\n\n\n<figure class=\"wp-block-image\"><img loading=\"lazy\" decoding=\"async\" width=\"342\" height=\"228\" src=\"https:\/\/heidysandovalruiz.com\/wp-content\/uploads\/2020\/10\/1-web.jpg\" alt=\"\" class=\"wp-image-6743\" srcset=\"https:\/\/heidysandovalruiz.com\/wp-content\/uploads\/2020\/10\/1-web.jpg 342w, https:\/\/heidysandovalruiz.com\/wp-content\/uploads\/2020\/10\/1-web-300x200.jpg 300w\" sizes=\"auto, (max-width: 342px) 100vw, 342px\" \/><\/figure>\n\n\n\n<div class=\"wp-block-image\"><figure class=\"aligncenter\"><img loading=\"lazy\" decoding=\"async\" width=\"228\" height=\"342\" src=\"https:\/\/heidysandovalruiz.com\/wp-content\/uploads\/2020\/10\/3-web.jpg\" alt=\"\" class=\"wp-image-6744\" srcset=\"https:\/\/heidysandovalruiz.com\/wp-content\/uploads\/2020\/10\/3-web.jpg 228w, https:\/\/heidysandovalruiz.com\/wp-content\/uploads\/2020\/10\/3-web-200x300.jpg 200w\" sizes=\"auto, (max-width: 228px) 100vw, 228px\" \/><figcaption>En un repaso de \u00abNostalgias de cincuenton@s\u00bb<\/figcaption><\/figure><\/div>\n","protected":false},"excerpt":{"rendered":"<div class=\"mh-excerpt\"><p>Compartimos en esta oportunidad la maravillosa historia de Carlos Enrique Cuellar Garc\u00eda a quien art\u00edsticamente le conocemos como \u201cCarlos Cu\u00e9llar\u201d, desde peque\u00f1o se inclin\u00f3 por <a class=\"mh-excerpt-more\" href=\"https:\/\/heidysandovalruiz.com\/?p=6737\" title=\"Carlos Cu\u00e9llar en \u00abLas entrevistas de Heidy\u00bb\">[&#8230;]<\/a><\/p>\n<\/div>","protected":false},"author":4,"featured_media":6738,"comment_status":"closed","ping_status":"closed","sticky":false,"template":"","format":"standard","meta":{"footnotes":""},"categories":[5],"tags":[],"class_list":["post-6737","post","type-post","status-publish","format-standard","has-post-thumbnail","hentry","category-entrevistas"],"_links":{"self":[{"href":"https:\/\/heidysandovalruiz.com\/index.php?rest_route=\/wp\/v2\/posts\/6737","targetHints":{"allow":["GET"]}}],"collection":[{"href":"https:\/\/heidysandovalruiz.com\/index.php?rest_route=\/wp\/v2\/posts"}],"about":[{"href":"https:\/\/heidysandovalruiz.com\/index.php?rest_route=\/wp\/v2\/types\/post"}],"author":[{"embeddable":true,"href":"https:\/\/heidysandovalruiz.com\/index.php?rest_route=\/wp\/v2\/users\/4"}],"replies":[{"embeddable":true,"href":"https:\/\/heidysandovalruiz.com\/index.php?rest_route=%2Fwp%2Fv2%2Fcomments&post=6737"}],"version-history":[{"count":4,"href":"https:\/\/heidysandovalruiz.com\/index.php?rest_route=\/wp\/v2\/posts\/6737\/revisions"}],"predecessor-version":[{"id":7034,"href":"https:\/\/heidysandovalruiz.com\/index.php?rest_route=\/wp\/v2\/posts\/6737\/revisions\/7034"}],"wp:featuredmedia":[{"embeddable":true,"href":"https:\/\/heidysandovalruiz.com\/index.php?rest_route=\/wp\/v2\/media\/6738"}],"wp:attachment":[{"href":"https:\/\/heidysandovalruiz.com\/index.php?rest_route=%2Fwp%2Fv2%2Fmedia&parent=6737"}],"wp:term":[{"taxonomy":"category","embeddable":true,"href":"https:\/\/heidysandovalruiz.com\/index.php?rest_route=%2Fwp%2Fv2%2Fcategories&post=6737"},{"taxonomy":"post_tag","embeddable":true,"href":"https:\/\/heidysandovalruiz.com\/index.php?rest_route=%2Fwp%2Fv2%2Ftags&post=6737"}],"curies":[{"name":"wp","href":"https:\/\/api.w.org\/{rel}","templated":true}]}}