{"id":6803,"date":"2020-10-09T19:57:12","date_gmt":"2020-10-09T19:57:12","guid":{"rendered":"http:\/\/heidysandovalruiz.com\/?p=6803"},"modified":"2020-10-10T00:24:32","modified_gmt":"2020-10-10T00:24:32","slug":"rolando-ortega-una-voz-que-se-apaga","status":"publish","type":"post","link":"https:\/\/heidysandovalruiz.com\/?p=6803","title":{"rendered":"Rolando Ortega: una voz que se apaga"},"content":{"rendered":"\n<p>Por: Heidy Sandoval Ruiz<\/p>\n\n\n\n<p>Este jueves 8 de octubre falleci\u00f3 en la ciudad Idaho, Estados Unidos donde radic\u00f3 los \u00faltimos a\u00f1os el Maestro <strong>Rolando Ortega Leiva<\/strong>, artista que vivi\u00f3 rodeado de notas musicales. Sus padres \u00a0Olga Leiva L\u00f3pez de Ortega y el m\u00fasico Arnulfo Ortega L\u00f3pez. Tuvieron tres hijos: Rolando el mayor, Brenna y Pricila la m\u00e1s peque\u00f1a de los cuales solo Rolando dedic\u00f3 su vida a la m\u00fasica. Le sobreviven sus dos hijos Rolando y Oscar, su nieta \u00a0Alexia\u00a0 que es la primera\u00a0 y a quien le compuso una melod\u00eda, tambi\u00e9n Amanda, Clarita y Dascio. Se gradu\u00f3 en el Instituto Central para Varones.<\/p>\n\n\n\n<p>En una entrevista que le\nhice hace algunos a\u00f1os me coment\u00f3 \u201c<strong>mi\nni\u00f1ez la recuerdo con much\u00edsima alegr\u00eda&nbsp;\npues nac\u00ed en un hogar totalmente musical; mi padre fue fundador&nbsp; de la Orquesta Sinf\u00f3nica Nacional y\ncatedr\u00e1tico de viol\u00edn; por lo consiguiente yo estaba rodeado de m\u00fasica<\/strong>\u201d.<\/p>\n\n\n\n<p>Asimismo, quise conocer en\nesa oportunidad si su carrera art\u00edstica la hab\u00eda iniciado&nbsp; como cantante o pianista a lo que me\nrespondi\u00f3&nbsp;&nbsp; \u201c<strong>Fue como pianista y debo decirte que me fue muy dif\u00edcil pues en esa\n\u00e9poca en Guatemala exist\u00edan much\u00edsimos pianistas de gran categor\u00eda y te puedo\nnombrar por ejemplo a Oscar Salazar, Emilio Ram\u00edrez Garc\u00eda, Tito Alvizuris, Ricardo\nValenzuela, Jorge Godoy; pero afortunadamente fui aceptado y fue en la orquesta\nde Guillermo Rojas quien me dio la oportunidad de pertenecer a su grupo como\npianista y as\u00ed fue como paso a paso, me di a conocer\u201d.<\/strong><\/p>\n\n\n\n<p>Algunos admiradores y amigos\nrecordar\u00e1n sus inicios en televisi\u00f3n en el programa \u00bbEllas tres y alguien\nm\u00e1s\u00bb&nbsp; con Lucy Bonilla. Ara Fialco y\nHilda Pinto Bonilla que se transmit\u00eda en Canal 3. &nbsp;Tambi\u00e9n se presentaba en el programa del \u201cShow\nde J.A. Guzm\u00e1n\u201d. Adem\u00e1s, se le recuerda como miembro de la Orquesta de\nGuillermo Rojas.<\/p>\n\n\n\n<p>Asimismo en 1983 fue el a\u00f1o\nen donde tuvo el honor de representar a &nbsp;Guatemala en el festival OTI de la Canci\u00f3n en\nWashington USA con su canci\u00f3n \u201cConcierto\u201d.<\/p>\n\n\n\n<p>Sin embargo, no puedo dejar\npasar por alto cuando acept\u00f3 participar en la \u201cXXII Gala de la Canci\u00f3n\nGuatemalteca\u201d realizada el 19 de septiembre de 2015 donde interpret\u00f3 \u201cCari\u00f1o\nm\u00edo\u201d de Ricardo Vaccaro y \u201cConcierto\u201d de Oscar Salazar. Videos que lesd\ncomparto al final de esta nota.<\/p>\n\n\n\n<p>Para Rolando Ortega no\nexisti\u00f3 ninguna otra profesi\u00f3n m\u00e1s linda que la m\u00fasica misma.<\/p>\n\n\n\n<p>Rolando estuvo varias\nsemanas hospitalizado pero perdi\u00f3 la batalla a los 79 a\u00f1os. Un artista que dej\u00f3\nsu m\u00fasica como un referente para generaciones venideras. Le recordaremos con su\nGrupo Almendra y esa canci\u00f3n que hizo que todos bailaramos para las fiestas de\nfin de a\u00f1o \u201cLos nenes con las nenas\u201d y que fue sin lugar a dudas su mayor\n\u00e9xito.<\/p>\n\n\n\n<p>Mi m\u00e1s sentido p\u00e9same a sus hijos, a Prichi y dem\u00e1s familia.<\/p>\n\n\n\n<p>Comparto el link de la primera entrevista para \u00abLa cara amiga de los invitados de Heidy\u00bb <a href=\"https:\/\/heidysandovalruiz.com\/?p=2263\">https:\/\/heidysandovalruiz.com\/?p=2263<\/a><\/p>\n\n\n<p><iframe loading=\"lazy\" src=\"https:\/\/www.youtube.com\/embed\/ETfLbpioO9M\" width=\"560\" height=\"315\" frameborder=\"0\" allowfullscreen=\"allowfullscreen\"><\/iframe><\/p>\n<p><iframe loading=\"lazy\" src=\"https:\/\/www.youtube.com\/embed\/WLVIPdVXPtc\" width=\"560\" height=\"315\" frameborder=\"0\" allowfullscreen=\"allowfullscreen\"><\/iframe><\/p>\n\n\n<ul class=\"wp-block-gallery columns-3 is-cropped wp-block-gallery-1 is-layout-flex wp-block-gallery-is-layout-flex\"><li class=\"blocks-gallery-item\"><figure><img loading=\"lazy\" decoding=\"async\" width=\"922\" height=\"642\" src=\"https:\/\/heidysandovalruiz.com\/wp-content\/uploads\/2020\/10\/5-1.jpg\" alt=\"\" data-id=\"6809\" data-link=\"https:\/\/heidysandovalruiz.com\/?attachment_id=6809\" class=\"wp-image-6809\" srcset=\"https:\/\/heidysandovalruiz.com\/wp-content\/uploads\/2020\/10\/5-1.jpg 922w, https:\/\/heidysandovalruiz.com\/wp-content\/uploads\/2020\/10\/5-1-300x209.jpg 300w, https:\/\/heidysandovalruiz.com\/wp-content\/uploads\/2020\/10\/5-1-768x535.jpg 768w\" sizes=\"auto, (max-width: 922px) 100vw, 922px\" \/><\/figure><\/li><li class=\"blocks-gallery-item\"><figure><img loading=\"lazy\" decoding=\"async\" width=\"928\" height=\"630\" src=\"https:\/\/heidysandovalruiz.com\/wp-content\/uploads\/2020\/10\/6-1.jpg\" alt=\"\" data-id=\"6810\" data-link=\"https:\/\/heidysandovalruiz.com\/?attachment_id=6810\" class=\"wp-image-6810\" srcset=\"https:\/\/heidysandovalruiz.com\/wp-content\/uploads\/2020\/10\/6-1.jpg 928w, https:\/\/heidysandovalruiz.com\/wp-content\/uploads\/2020\/10\/6-1-300x204.jpg 300w, https:\/\/heidysandovalruiz.com\/wp-content\/uploads\/2020\/10\/6-1-768x521.jpg 768w\" sizes=\"auto, (max-width: 928px) 100vw, 928px\" \/><\/figure><\/li><li class=\"blocks-gallery-item\"><figure><img loading=\"lazy\" decoding=\"async\" width=\"880\" height=\"636\" src=\"https:\/\/heidysandovalruiz.com\/wp-content\/uploads\/2020\/10\/7.jpg\" alt=\"\" data-id=\"6811\" data-link=\"https:\/\/heidysandovalruiz.com\/?attachment_id=6811\" class=\"wp-image-6811\" srcset=\"https:\/\/heidysandovalruiz.com\/wp-content\/uploads\/2020\/10\/7.jpg 880w, https:\/\/heidysandovalruiz.com\/wp-content\/uploads\/2020\/10\/7-300x217.jpg 300w, https:\/\/heidysandovalruiz.com\/wp-content\/uploads\/2020\/10\/7-768x555.jpg 768w\" sizes=\"auto, (max-width: 880px) 100vw, 880px\" \/><\/figure><\/li><\/ul>\n","protected":false},"excerpt":{"rendered":"<div class=\"mh-excerpt\"><p>Por: Heidy Sandoval Ruiz Este jueves 8 de octubre falleci\u00f3 en la ciudad Idaho, Estados Unidos donde radic\u00f3 los \u00faltimos a\u00f1os el Maestro Rolando Ortega <a class=\"mh-excerpt-more\" href=\"https:\/\/heidysandovalruiz.com\/?p=6803\" title=\"Rolando Ortega: una voz que se apaga\">[&#8230;]<\/a><\/p>\n<\/div>","protected":false},"author":4,"featured_media":6813,"comment_status":"closed","ping_status":"closed","sticky":false,"template":"","format":"standard","meta":{"footnotes":""},"categories":[5],"tags":[],"class_list":["post-6803","post","type-post","status-publish","format-standard","has-post-thumbnail","hentry","category-entrevistas"],"_links":{"self":[{"href":"https:\/\/heidysandovalruiz.com\/index.php?rest_route=\/wp\/v2\/posts\/6803","targetHints":{"allow":["GET"]}}],"collection":[{"href":"https:\/\/heidysandovalruiz.com\/index.php?rest_route=\/wp\/v2\/posts"}],"about":[{"href":"https:\/\/heidysandovalruiz.com\/index.php?rest_route=\/wp\/v2\/types\/post"}],"author":[{"embeddable":true,"href":"https:\/\/heidysandovalruiz.com\/index.php?rest_route=\/wp\/v2\/users\/4"}],"replies":[{"embeddable":true,"href":"https:\/\/heidysandovalruiz.com\/index.php?rest_route=%2Fwp%2Fv2%2Fcomments&post=6803"}],"version-history":[{"count":6,"href":"https:\/\/heidysandovalruiz.com\/index.php?rest_route=\/wp\/v2\/posts\/6803\/revisions"}],"predecessor-version":[{"id":7445,"href":"https:\/\/heidysandovalruiz.com\/index.php?rest_route=\/wp\/v2\/posts\/6803\/revisions\/7445"}],"wp:featuredmedia":[{"embeddable":true,"href":"https:\/\/heidysandovalruiz.com\/index.php?rest_route=\/wp\/v2\/media\/6813"}],"wp:attachment":[{"href":"https:\/\/heidysandovalruiz.com\/index.php?rest_route=%2Fwp%2Fv2%2Fmedia&parent=6803"}],"wp:term":[{"taxonomy":"category","embeddable":true,"href":"https:\/\/heidysandovalruiz.com\/index.php?rest_route=%2Fwp%2Fv2%2Fcategories&post=6803"},{"taxonomy":"post_tag","embeddable":true,"href":"https:\/\/heidysandovalruiz.com\/index.php?rest_route=%2Fwp%2Fv2%2Ftags&post=6803"}],"curies":[{"name":"wp","href":"https:\/\/api.w.org\/{rel}","templated":true}]}}