{"id":684,"date":"2013-12-25T19:16:23","date_gmt":"2013-12-25T19:16:23","guid":{"rendered":"http:\/\/heidysandovalruiz.com\/?p=684"},"modified":"2014-01-16T22:46:25","modified_gmt":"2014-01-16T22:46:25","slug":"la-cara-amiga-de-marlin-ramazzini","status":"publish","type":"post","link":"https:\/\/heidysandovalruiz.com\/?p=684","title":{"rendered":"La cara amiga de \u00abMarlin Ramazzini\u00bb"},"content":{"rendered":"<div>\n<p style=\"text-align: justify;\"><span style=\"color: #20124d; font-family: 'Trebuchet MS', sans-serif;\">Hoy en \u201c<b>La cara amiga de nuestros invitados<\/b>\u201d, conoceremos la trayectoria de una guatemalteca de descendencia Italiana, una de las cantantes y percusionistas m\u00e1s vers\u00e1tiles y exitosa en el Oeste de Canad\u00e1. Con una voz dulce y brillante que puede interpretar cualquier estilo musical, ella es\u2026\u00a0<b>Marlin Ramazzini<\/b>, quien acept\u00f3 estar en este espacio donde se puede decir lo que se quiere y lo que en otros medios no se puede.<\/span><\/p>\n<\/div>\n<div style=\"text-align: justify;\">\n<p><span style=\"color: #20124d; font-family: 'Trebuchet MS', sans-serif;\">Conoceremos a una figura del canto quien gracias al Facebook y a la facilidad que nos da de comunicarnos, nos reunimos virtualmente para que en Guatemala y otras partes del mundo, se conozca el trabajo que ha realizado esta talentosa mujer a lo largo de 20 a\u00f1os de carrera profesional.<\/span><\/p>\n<\/div>\n<div style=\"text-align: justify;\">\n<p><span style=\"font-family: 'Trebuchet MS', sans-serif;\"><b><span style=\"color: #20124d;\">Traer\u00e9 a tu mente momentos especiales de tu ni\u00f1ez vivida en Guatemala, si te pregunto qu\u00e9 influencia tuvo tu mam\u00e1 para que\u00a0 dedicar\u00e1s tu vida a cantar?\u00a0<\/span><\/b><span style=\"color: #20124d;\">Mi mam\u00e1 fue el motor principal de mi vida musical, pero quiero contarte que yo empec\u00e9 declamando a los 5 a\u00f1os, mi primer escenario fue una mesa en mi casa y mi micr\u00f3fono una escoba!!!; mi p\u00fablico mi familia, mi pap\u00e1 trabajaba fuera de Guatemala y llegaba los s\u00e1bados y mi mam\u00e1 me ense\u00f1aba un poema cada semana para que yo le declamara a mi padre, estando en primer grado de primaria yo particip\u00e9 por primera vez en el evento del \u201cD\u00eda de la Madre\u201d. Al<\/span><span style=\"color: #20124d;\">\u00a0\u00a0<\/span><span style=\"color: #20124d;\">declamar derramaba l\u00e1grimas por la verg\u00fcenza que me caus\u00f3 declamar frente a tanta gente, mi madre me dijo que no tuviera verg\u00fcenza ni miedo y fue as\u00ed que recib\u00ed los primeros aplausos de los invitados al evento. A partir de este evento me motiv\u00e9 a continuar aprendiendo poemas, a declamar y cantar incluso en otros colegios y escuelas. As\u00ed continu\u00e9 durante la secundaria hasta llegar a la Universidad.<\/span><\/span><\/p>\n<\/div>\n<div style=\"text-align: justify;\">\n<p><span style=\"font-family: 'Trebuchet MS', sans-serif;\"><span style=\"color: #20124d;\"><b>Con tan solo 12 a\u00f1os participas en el concurso de canto de tu colegio, recuerdas que canci\u00f3n interpretaste y qu\u00e9 cambi\u00f3 tu vida desde ese momento<\/b>?\u00a0<\/span><span style=\"color: #20124d;\">Interpret\u00e9 \u201cHistoria de un amor\u201d, una canci\u00f3n que aprend\u00ed de mi madre. Al ganar este concurso realic\u00e9 lo que en mi vida seria cantar.<\/span><span style=\"color: #20124d;\">\u00a0\u00a0<\/span><span style=\"color: #20124d;\">Siempre pens\u00e9 que con una canci\u00f3n, con la m\u00fasica<\/span><span style=\"color: #20124d;\">\u00a0\u00a0<\/span><span style=\"color: #20124d;\">podemos llevar alegr\u00eda a la gente y es lo que he tratado de hacer toda mi vida.<\/span><\/span><\/p>\n<\/div>\n<div style=\"text-align: justify;\">\n<p><span style=\"color: #20124d; font-family: 'Trebuchet MS', sans-serif;\"><b>En Guatemala recibiste clases de canto y percusi\u00f3n?\u00a0<\/b>Durante alg\u00fan tiempo en mi juventud recib\u00ed el apoyo de Karyn May. Ella fue parte en el principio de mi formaci\u00f3n de cantante , Percusi\u00f3n nunca pero siempre me gust\u00f3 much\u00edsimo la bater\u00eda tengo dos hermanos que son percusionistas Elio y Jorge y los tres jug\u00e1bamos con las ollas de mi mam\u00e1 y las tapaderas.<\/span><\/p>\n<\/div>\n<div style=\"text-align: justify;\"><span style=\"color: #20124d; font-family: 'Trebuchet MS', sans-serif;\"><b>Cu\u00e9ntanos cu\u00e1l fue el estilo musical que te gust\u00f3 desde ni\u00f1a?<\/b>\u00a0En mi casa hab\u00eda un Radio de onda corta y escuchaba m\u00fasica de varios pa\u00edses, pero la m\u00fasica cubana era mi favorita, el son, cha-cha-cha, bolero, danz\u00f3n y mi cantante favorita era Celia Cruz. Tambi\u00e9n fui influenciada por el sonido de la Marimba Orquesta que recuerdo con emoci\u00f3n, junto al Jazz pues mi hermano Adolfo siempre tenia discos de Big Bands, trompetistas y cantantes de Jazz.<\/span><\/div>\n<div style=\"text-align: justify;\">\n<p><span style=\"color: #20124d; font-family: 'Trebuchet MS', sans-serif;\"><b>Cu\u00e1l es la raz\u00f3n por la que decides radicar en otro pa\u00eds y en qu\u00e9 a\u00f1o sucede?\u00a0<\/b>Sal\u00ed de Guatemala en el 1984 junto con mi familia y vivimos en M\u00e9xico, luego ellos se mueven a Canad\u00e1 y yo a Nicaragua, donde tengo la oportunidad de viajar por todo el pa\u00eds tocando y aprendiendo de la m\u00fasica y la cultura nicarag\u00fcense, y tocar en festivales de m\u00fasica donde llegaban artistas de varios pa\u00edses.<\/span><\/p>\n<\/div>\n<div style=\"text-align: justify;\">\n<p><span style=\"font-family: 'Trebuchet MS', sans-serif;\"><b><span style=\"color: #20124d;\">El gusto por la m\u00fasica te lleva a La Habana, Cuba donde recibes estudios de m\u00fasica formalmente, porqu\u00e9 escoges este lugar y con qu\u00e9 m\u00fasicos\u00a0 llegas a compartir esta experiencia?\u00a0<\/span><\/b><span style=\"color: #20124d;\">Pens\u00e9 que si quer\u00eda aprender m\u00fasica cubana tendr\u00eda que hacerlo en su lugar de origen y fue en esta ocasi\u00f3n que tuve la oportunidad de estudiar m\u00fasica por cuatro a\u00f1os y aprender de grandes maestros como Omara Portuondo de Buena Vista Social Club, Rafaelito Lay de Orquesta Arag\u00f3n, Justo Pelladito del Conjunto Folkl\u00f3rico Nacional y Changuito entre otros, ha sido una de las mejores \u00e9pocas de mi vida musical pues pude compartir con much\u00edsimos m\u00fasicos.<\/span><\/span><\/p>\n<\/div>\n<div style=\"text-align: justify;\">\n<p><span style=\"color: #20124d; font-family: 'Trebuchet MS', sans-serif;\"><b>En qu\u00e9 a\u00f1o estableces tu residencia en Canad\u00e1? En\u00a0<\/b>1990<\/span><\/p>\n<\/div>\n<div style=\"text-align: justify;\">\n<p><span style=\"color: #20124d; font-family: 'Trebuchet MS', sans-serif;\"><b>Te has presentado en otros continentes a parte del europeo?\u00a0<\/b>Latinoam\u00e9rica, \u00c1frica y el Caribe.<\/span><\/p>\n<\/div>\n<div style=\"text-align: justify;\">\n<p><span style=\"color: #20124d; font-family: 'Trebuchet MS', sans-serif;\"><b>Pero Marlin encuentra el amor, es responsable la m\u00fasica de que Fito Garc\u00eda llegue a tu vida?\u00a0 C\u00f3mo se conocieron, d\u00f3nde se vieron por primera vez?\u00a0<\/b>Nos conocimos en M\u00e9xico en la Glorieta de insurgentes en 1984, algunos a\u00f1os despu\u00e9s no re-encontramos en Canad\u00e1 y compartimos juntos nuestra vida y nuestra m\u00fasica desde 1992.<\/span><\/p>\n<\/div>\n<div style=\"text-align: justify;\">\n<p><span style=\"color: #20124d; font-family: 'Trebuchet MS', sans-serif;\"><b>C\u00f3mo han logrado la compatibilidad tanto en el ambiente musical como en pareja?<\/b>Logramos encontrar un balance entre la parte art\u00edstica y los negocios y hasta ahora ya contamos con cuatro producciones discogr\u00e1ficas y con muchos proyectos para el futuro. Adem\u00e1s con mucho esfuerzo y dedicaci\u00f3n.<\/span><\/p>\n<\/div>\n<div style=\"text-align: justify;\">\n<p><b><\/b><span style=\"font-family: 'Trebuchet MS', sans-serif;\"><b><span style=\"color: #20124d;\">Qu\u00e9 canci\u00f3n es la que a ambos les gusta?\u00a0<\/span><\/b><span style=\"color: #20124d;\">Siempre que nos encontramos rodeados de amigos y de gente que desea o\u00edrnos cantar recurrimos a un tema muy lindo de Pablo Milan\u00e9s que se llama \u201cYolanda\u201d.<\/span><\/span><\/p>\n<\/div>\n<div style=\"text-align: justify;\">\n<p><span style=\"font-family: 'Trebuchet MS', sans-serif;\"><span style=\"color: #20124d;\"><b>Alguna vez han pensado sacar un disco a d\u00fao?\u00a0<\/b><\/span><span style=\"color: #20124d;\">Las producciones que tenemos hasta ahora las hemos hecho en conjunto pero si te refieres a cantar juntos no lo hemos hecho por que Fito se a dedicado mas a arreglar y dirigir la orquesta. En vivo siempre cantamos juntos.<\/span><\/span><\/p>\n<\/div>\n<div style=\"text-align: justify;\">\n<p><span style=\"color: #20124d; font-family: 'Trebuchet MS', sans-serif;\"><b>En qu\u00e9 festivales has participado y qu\u00e9 nominaciones has obtenido?\u00a0<\/b>Bueno la lista es grande, casi en todos los Festivales mas grandes de todo Canad\u00e1, incluyendo Vancouver Folk MusicFestival, Waterfront Festival, en Toronto, The Calgary Stampede, Nuit d\u2019 Afrique en Montreal y Canad\u00e1 Day Festival en Vancouver entre otros. Realic\u00e9 tres giras a trav\u00e9s de Canad\u00e1, desde Gander, New Foundland en el Este hasta Vancouver Island en el Oeste. Tambi\u00e9n obtuve una nominaci\u00f3n al JUNO (versi\u00f3n canadiense del premioGrammy), Mi disco \u201cQuiero Ser Yo\u201d fue nominado como BestWolrdMusicAlbum para los West CoastMusicAwards. Nuestro disco \u201cMi Bajo Rumbero\u201d fue nominado como BestWorldMusicAlbum para los Western CanadianMusicAwards, as\u00ed como tambi\u00e9n elreconocimento de la Casa de la Cultura de Guatemala en Vancouver por nombrar algunos.<\/span><\/p>\n<\/div>\n<div style=\"text-align: justify;\">\n<p><span style=\"font-family: 'Trebuchet MS', sans-serif;\"><b><span style=\"color: #20124d;\">Cu\u00e1ntos discos has grabado y c\u00f3mo has logrado llegar al gusto del p\u00fablico de Canad\u00e1 y Europa?\u00a0<\/span><\/b><span style=\"color: #20124d;\">Los m\u00e1s importantes para m\u00ed son mi primer disco como solista \u201cQuiero ser yo\u201d y mi segundo album \u201cAmandote\u201c\u00a0<\/span><span style=\"color: #20124d;\">\u00a0<\/span><span style=\"color: #20124d;\">que es un tributo al Jazz. De igual importancia son los Discos de Fito Garcia, \u201cMi Bajo Rumbero\u201d y el m\u00e1s reciente \u201cChristmas\u201d que apenas fue lanzado al mercado el pasado Octubre. Tambi\u00e9n participe en el disco de Sal Ferreras, que es un percusionista de mucho prestigio en Vancouver. Otro disco interesante fue el de Charlotte Diamond, dedicado a los ni\u00f1os, Tambien grabe un disco con un grupo local de Vancouver BC-Salsa entre otros.<\/span><\/span><\/p>\n<\/div>\n<div style=\"text-align: justify;\">\n<p><span style=\"font-family: 'Trebuchet MS', sans-serif;\"><b><span style=\"color: #20124d;\">C\u00f3mo es un d\u00eda normal para Marlin?\u00a0<\/span><\/b><span style=\"color: #20124d;\">Algo muy importante en mi vida junto a la m\u00fasica es mi familia, les dedico tiempo a mis hijos Alejandra, Edgar y Celeste, y a toda mi familia en general, me gusta hacer ejercicio todos los d\u00edas, aprendo canciones y estudio, me gusta aprender cosas nuevas, organizo las giras, y conciertos, y durante el tiempo que no estoy de gira tambi\u00e9n soy contadora, me gusta hacer trabajo voluntario y les llevo un poco de alegr\u00eda a los que m\u00e1s la necesitan, los enfermos, ancianos y a unas personas peque\u00f1itas los ni\u00f1os.<\/span><\/span><\/p>\n<\/div>\n<div style=\"text-align: justify;\">\n<p><span style=\"font-family: 'Trebuchet MS', sans-serif;\"><b><span style=\"color: #20124d;\">Hace cu\u00e1nto no visitas Guatemala?\u00a0<\/span><\/b><span style=\"color: #20124d;\">M\u00e1s de 20 a\u00f1os.<\/span><\/span><\/p>\n<\/div>\n<div style=\"text-align: justify;\">\n<p><span style=\"font-family: 'Trebuchet MS', sans-serif;\"><b><span style=\"color: #20124d;\">Y qu\u00e9 extra\u00f1as de ella?\u00a0<\/span><\/b><span style=\"color: #20124d;\">La familia, los amigos, la comida su m\u00fasica y su cultura.<\/span><\/span><\/p>\n<\/div>\n<div style=\"text-align: justify;\">\n<p><span style=\"color: #20124d; font-family: 'Trebuchet MS', sans-serif;\"><b>Qu\u00e9 lugar de la tierra del quetzal es el que te trae recuerdos de tu ni\u00f1ez?<\/b>El Cerrito del Carmen, la costa del Pacifico y Puerto Barrios.<\/span><\/p>\n<p><span style=\"font-family: 'Trebuchet MS', sans-serif;\"><span style=\"color: #20124d; font-family: 'Trebuchet MS', sans-serif;\"><b>C\u00f3mo se llama tu m\u00e1s reciente producci\u00f3n y qu\u00e9 ofreces al p\u00fablico en ella?\u00a0<\/b>La ultima es\u00a0<b>Amandote<\/b>\u00a0un disco homenaje a los temas de Jazz de los anos 1920 a 1960 con estilo latino, boleros y un tema original Amandote que es el primer tema que grabo.<\/span><\/span><\/p>\n<\/div>\n<div style=\"text-align: justify;\">\n<p><span style=\"color: #20124d; font-family: 'Trebuchet MS', sans-serif;\"><b>D\u00f3nde se pueden adquirir tus discos?\u00a0<\/b>En CD Baby, Itunes o envi\u00e1ndome un correo electr\u00f3nico marlinramazzinimusic@gmail.com<\/span><\/p>\n<\/div>\n<div style=\"text-align: justify;\">\n<p><span style=\"color: #20124d; font-family: 'Trebuchet MS', sans-serif;\">Gracias Marlin por haber aceptado esta entrevista\u2026alg\u00fan d\u00eda estaremos juntas con Fito y podremos decir tantas cosas.\u00a0 Abrazos y cari\u00f1os<\/span><\/p>\n<\/div>\n<div style=\"text-align: justify;\">\n<p><span style=\"color: #20124d; font-family: 'Trebuchet MS', sans-serif;\"><i><b>\u00abGracias Heydi por llevarme a este recorrido de mi vida, donde me hiciste recordar y subirme a este rollo coster de emociones, gracias por tu dedicaci\u00f3n y dar a conocer las experiencias musicales de muchos artistas, cuando quieras volvamos a viajar juntas&#8230;y a tu p\u00fablico lector gracias por parar a leer nuestras aventuras\u00bb.<\/b><\/i><\/span><\/p>\n<p><span style=\"font-family: 'Trebuchet MS', sans-serif;\"><span style=\"color: #20124d;\"><i><b>Antes de despedir esta entrevista, quise darle a Marlin el regalo de unas fotos donde est\u00e1 el Cerrito del Carmen y Puerto Barrios. \u00a0Y me permit\u00ed adjuntar \u00abFly me to the moon\u00bb por ser mi canci\u00f3n preferida. \u00a0\u00c9xitos y m\u00e1s \u00e9xitos en tus proyectos.<\/b><\/i><\/span><\/span><\/p>\n<\/div>\n<div>\n<p style=\"text-align: justify;\"><span style=\"font-family: 'Trebuchet MS', sans-serif;\"><span><span style=\"color: #20124d;\"><i><b><br \/>\n<\/b><\/i><\/span><\/span><span><span style=\"color: #20124d;\"><i><b><\/p>\n<p><\/b><\/i><\/span><\/span><span><span style=\"color: #20124d; font-size: small;\"><b><i>Entrevista realizada por Heidy Sandoval Ruiz<\/i><\/b><\/span><\/span><\/span><\/p>\n<\/div>\n","protected":false},"excerpt":{"rendered":"<div class=\"mh-excerpt\"><p>Hoy en \u201cLa cara amiga de nuestros invitados\u201d, conoceremos la trayectoria de una guatemalteca de descendencia Italiana, una de las cantantes y percusionistas m\u00e1s vers\u00e1tiles <a class=\"mh-excerpt-more\" href=\"https:\/\/heidysandovalruiz.com\/?p=684\" title=\"La cara amiga de \u00abMarlin Ramazzini\u00bb\">[&#8230;]<\/a><\/p>\n<\/div>","protected":false},"author":4,"featured_media":685,"comment_status":"closed","ping_status":"closed","sticky":false,"template":"","format":"standard","meta":{"footnotes":""},"categories":[16],"tags":[58],"class_list":["post-684","post","type-post","status-publish","format-standard","has-post-thumbnail","hentry","category-la-cara-amiga","tag-la-cara-amiga-de-marlin-ramazzini"],"_links":{"self":[{"href":"https:\/\/heidysandovalruiz.com\/index.php?rest_route=\/wp\/v2\/posts\/684","targetHints":{"allow":["GET"]}}],"collection":[{"href":"https:\/\/heidysandovalruiz.com\/index.php?rest_route=\/wp\/v2\/posts"}],"about":[{"href":"https:\/\/heidysandovalruiz.com\/index.php?rest_route=\/wp\/v2\/types\/post"}],"author":[{"embeddable":true,"href":"https:\/\/heidysandovalruiz.com\/index.php?rest_route=\/wp\/v2\/users\/4"}],"replies":[{"embeddable":true,"href":"https:\/\/heidysandovalruiz.com\/index.php?rest_route=%2Fwp%2Fv2%2Fcomments&post=684"}],"version-history":[{"count":1,"href":"https:\/\/heidysandovalruiz.com\/index.php?rest_route=\/wp\/v2\/posts\/684\/revisions"}],"predecessor-version":[{"id":686,"href":"https:\/\/heidysandovalruiz.com\/index.php?rest_route=\/wp\/v2\/posts\/684\/revisions\/686"}],"wp:featuredmedia":[{"embeddable":true,"href":"https:\/\/heidysandovalruiz.com\/index.php?rest_route=\/wp\/v2\/media\/685"}],"wp:attachment":[{"href":"https:\/\/heidysandovalruiz.com\/index.php?rest_route=%2Fwp%2Fv2%2Fmedia&parent=684"}],"wp:term":[{"taxonomy":"category","embeddable":true,"href":"https:\/\/heidysandovalruiz.com\/index.php?rest_route=%2Fwp%2Fv2%2Fcategories&post=684"},{"taxonomy":"post_tag","embeddable":true,"href":"https:\/\/heidysandovalruiz.com\/index.php?rest_route=%2Fwp%2Fv2%2Ftags&post=684"}],"curies":[{"name":"wp","href":"https:\/\/api.w.org\/{rel}","templated":true}]}}