{"id":690,"date":"2013-12-25T19:27:43","date_gmt":"2013-12-25T19:27:43","guid":{"rendered":"http:\/\/heidysandovalruiz.com\/?p=690"},"modified":"2014-01-16T22:46:09","modified_gmt":"2014-01-16T22:46:09","slug":"la-cara-amiga-de-lety-cordova","status":"publish","type":"post","link":"https:\/\/heidysandovalruiz.com\/?p=690","title":{"rendered":"La cara amiga de \u00abLety C\u00f3rdova\u00bb"},"content":{"rendered":"<div>\n<p style=\"text-align: justify;\"><span style=\"font-family: Arial, sans-serif; color: #003300;\">En \u201c<b>La cara amiga de nuestros invitados<\/b>\u201d presento en esta oportunidad a una actriz destacada, bailarina de danzas folkl\u00f3ricas y productora de obras de teatro para ni\u00f1os entre muchas otras actividades que ha realizado. El maestro Rub\u00e9n Morales Monrroy fue una figura importante en su carrera profesional. Una mujer enamorada de su esposo, sus hijos y nietos, actualmente reside en Hawai\u2026ella es\u00a0<b>Lety C\u00f3rdova<\/b>\u00a0quien accedi\u00f3 a conversar con nosotros en este espacio donde se puede decir lo que se quiere y lo que en otros medios no se puede.<\/span><\/p>\n<\/div>\n<div style=\"text-align: justify;\">\n<p><span style=\"font-family: Arial, sans-serif; color: #003300;\">Lety vamos a realizar un viaje imaginario a los primeros a\u00f1os de tu vida, \u00bf<b>recuerdas d\u00f3nde y c\u00f3mo fue tu ni\u00f1ez? \u00bfParticipabas en los actos del colegio?<\/b><\/span><\/p>\n<\/div>\n<div style=\"text-align: justify;\">\n<p><span style=\"font-family: Arial, sans-serif; color: #003300;\">Nac\u00ed en la zona 5 Barrio de Santa Ana, ah\u00ed pas\u00e9 mi infancia y pr\u00e1cticamente mis a\u00f1os dorados de juventud, gratos recuerdos, la nieta consentida de mi abuela porque ella me cri\u00f3. Participar en los actos del colegio ! no! pero de joven particip\u00e9 o m\u00e1s bien fui\u00a0 miembro junto con mi prima hermana Ester Lemus de las coreograf\u00edas del programa de esa \u00e9poca, \u201cRitmos de Juventud\u201d y tambi\u00e9n en el programa de \u201cMister Q\u201d. con la Q de quetzales que eran populares en ese tiempo.<\/span><\/p>\n<\/div>\n<div style=\"text-align: justify;\">\n<p><span style=\"color: #003300;\"><b><span style=\"font-family: Arial, sans-serif;\">\u00bfQu\u00e9 personaje fue el primero que te llam\u00f3 la atenci\u00f3n para que pensaras que lo relacionado al teatro te gustaba, fue en la TV en el cine, teatro o lo tuyo es herencia?<\/span><\/b><\/span><\/p>\n<\/div>\n<div style=\"text-align: justify;\">\n<p><span style=\"font-family: Arial, sans-serif; color: #003300;\">Con nadie, llegu\u00e9 al teatro por pura equivocaci\u00f3n porque iba a estudiar cocina para aprender hacer pasteles y termin\u00e9 entrando a la sala\u00a0 de teatro, eso all\u00e1 por el a\u00f1o 1972 en la Universidad Popular y\u00a0 para tu saber me gust\u00f3, y particip\u00e9 en varias producciones bajo la direcci\u00f3n del maestro Rub\u00e9n Morales Monrroy. Una de las primeras fue Molino de Gracia. Ya\u00a0 estudiando arte dram\u00e1tico me doy cuenta que mi mam\u00e1 tambi\u00e9n hacia teatro, lo que para m\u00ed fue sorpresa, porque yo no viv\u00ed con ella y siendo la esposa\u00a0 de don Manuel Lizandro Ch\u00e1vez , imag\u00ednate no saber de eso, y entonces lleg\u00f3 el d\u00eda que trabajamos juntas en una obra para ni\u00f1os que dirigi\u00f3 do\u00f1a Mildred Ch\u00e1vez grata sorpresa las dos en un elenco, El Gavil\u00e1n Enamorado.<\/span><\/p>\n<\/div>\n<div style=\"text-align: justify;\">\n<p><span style=\"color: #003300;\"><b><span style=\"font-family: Arial, sans-serif;\">\u00bfCu\u00e1ndo decides dedicarte de lleno al teatro y cu\u00e1l de las facetas realizas primero producir teatro para ni\u00f1os, actriz o bailarina?<\/span><\/b><\/span><\/p>\n<\/div>\n<div style=\"text-align: justify;\">\n<p><span style=\"font-family: Arial, sans-serif; color: #003300;\">As\u00ed de lleno tiempo completo, nunca lo hice, como trabajaba en otras cosas el teatro era mi segundo trabajo pero siempre me daba mi tiempo y en cuanto a que fue primero fue actriz, durante varios a\u00f1os trabaj\u00e9 en varias obras en diferentes salas de teatro U.P. con Rub\u00e9n Morales Monrroy, Teatro Concepci\u00f3n, Artistas Unidos con Oscar de la Vega y Juan Luis Donis ,\u00a0 Teatro Charlote con Yolanda Williams, Escenario 7-79 Manuel Lizandro Ch\u00e1vez y despu\u00e9s junto a Norman producir las obras que \u00e9l dirig\u00eda como: Ricitos\u00a0 de Oro, Ni\u00f1o en el Bosque, La Cenicienta, El taller de Santa\u00a0 y Un sue\u00f1o de Navidad,\u00a0 Good Bye Belize y al transcurrir los a\u00f1os form\u00e9 parte de los grupos de Danzas Folkloricas con Baudilio Ordo\u00f1ez,\u00a0 H\u00e9ctor Leal y Norman Pardo.<\/span><\/p>\n<\/div>\n<div style=\"text-align: justify;\">\n<p><span style=\"color: #003300;\"><b><span style=\"font-family: Arial, sans-serif;\">\u00bfQu\u00e9 trabajo realizaste con los Maestros Antonio Crespo y Miguel Cuevas?<\/span><\/b><\/span><\/p>\n<\/div>\n<div style=\"text-align: justify;\">\n<p><span style=\"font-family: Arial, sans-serif; color: #003300;\">\u201cEl Benem\u00e9rito Pueblo de Villa Buena\u201d y \u201cZipacn\u00e1 toma tu lanza\u201d.<\/span><\/p>\n<\/div>\n<div style=\"text-align: justify;\">\n<p><span style=\"color: #003300;\"><b><span style=\"font-family: Arial, sans-serif;\">\u00bfQu\u00e9 significado tiene en tu vida profesional Rub\u00e9n Morales Monrroy?<\/span><\/b><\/span><\/p>\n<\/div>\n<div style=\"text-align: justify;\">\n<p><span style=\"font-family: Arial, sans-serif; color: #003300;\">Gracias a \u00e9l he llegado a ser lo que soy,\u00a0 por sus ense\u00f1anzas, por su direcci\u00f3n y su\u00a0 amistad siempre fue un buen amigo a pesar que fue muy estricto, a mi me tubo mucho cari\u00f1o, con decirte que no soy egresada de la academia, \u00e9l siempre me acept\u00f3 as\u00ed y trabaj\u00e9 muchas obras bajo su direcci\u00f3n.<\/span><\/p>\n<\/div>\n<div style=\"text-align: justify;\">\n<p><span style=\"color: #003300;\"><b><span style=\"font-family: Arial, sans-serif;\">\u00bfEn esta entrevista he querido abrir la puerta de tus recuerdos y me gustar\u00eda que te ubiques en el Grupo Escenario 7-79, qu\u00e9 es lo primero que viene a tu mente?<\/span><\/b><\/span><\/p>\n<\/div>\n<div style=\"text-align: justify;\">\n<p><span style=\"font-family: Arial, sans-serif; color: #003300;\">Que te puedo decir\u2026es un grupo creado por el maestro Manuel Lizandro Ch\u00e1vez en el cual particip\u00e9 en algunas producciones de muy buenos recuerdos.<\/span><\/p>\n<\/div>\n<div style=\"text-align: justify;\">\n<p><span style=\"color: #003300;\"><b><span style=\"font-family: Arial, sans-serif;\">\u00bfA prop\u00f3sito qu\u00e9 nos puedes contar del Maestro Manuel Lisandro Ch\u00e1vez?<\/span><\/b><\/span><\/p>\n<\/div>\n<div style=\"text-align: justify;\">\n<p><span style=\"font-family: Arial, sans-serif; color: #003300;\">Pues que se puede decir del maestro Ch\u00e1vez, todos sabemos que es un primer actor, muy buen director creador de su grupo Escenario\u00a0 7-79 es parte de mi familia, porque es esposo de mi mam\u00e1 y por lo tanto lo respeto y lo quiero mucho y ha sido un buen ejemplo para m\u00ed.<\/span><\/p>\n<\/div>\n<div style=\"text-align: justify;\">\n<p><span style=\"color: #003300;\"><b><span style=\"font-family: Arial, sans-serif;\">\u00bfD\u00f3nde y cu\u00e1nto tiempo dur\u00f3 la obra El benem\u00e9rito pueblo de Villa Buena, qui\u00e9nes integraron el elenco?<\/span><\/b><\/span><\/p>\n<\/div>\n<div style=\"text-align: justify;\">\n<p><span style=\"font-family: Arial, sans-serif; color: #003300;\">En la gran sala del C.C.M.A.A. 1995 duro m\u00e1s o menos lo que duraron las propagandas de las elecciones y despu\u00e9s se vovi\u00f3 a montar en el\u00a0 a\u00f1o 2000, algunos actores que me acuerdo Rafael Pineda, Rosita Rodr\u00edguez Marroqu\u00edn, don Memito, Roger Ovalle, Fernando Ju\u00e1rez, H\u00e9ctor Leal, Arturo D&#8217;arcy, Elbia Zanabria, Magnolia de Pineda y yo .<\/span><\/p>\n<\/div>\n<div style=\"text-align: justify;\">\n<p><span style=\"color: #003300;\"><b><span style=\"font-family: Arial, sans-serif;\">\u00bfBajo la direcci\u00f3n del maestro Rodolfo Mej\u00eda Morales participaste en El Quijote de la Mancha, a qu\u00e9 compa\u00f1eros recuerdas y en qu\u00e9 a\u00f1o se puso en escena?<\/span><\/b><\/span><\/p>\n<\/div>\n<div style=\"text-align: justify;\">\n<p><span style=\"font-family: Arial, sans-serif; color: #003300;\">En el a\u00f1o 1992 y recuerdo a Roger Ovalle, Jos\u00e9 Raymundo Coy, Magnolia Morales, Elbia Zanabria, Flora M\u00e9ndez, V\u00edctor L\u00f3pez , Fernando Ju\u00e1rez, H\u00e9ctor Leal, Mario Abal y yo .<\/span><\/p>\n<\/div>\n<div style=\"text-align: justify;\">\n<p><span style=\"color: #003300;\"><b><span style=\"font-family: Arial, sans-serif;\">\u00bfEn qu\u00e9 a\u00f1o viajas a Jap\u00f3n y con qu\u00e9 grupo?<\/span><\/b><\/span><\/p>\n<\/div>\n<div style=\"text-align: justify;\">\n<p><span style=\"font-family: Arial, sans-serif; color: #003300;\">Eso fue en el a\u00f1o 1989 con el grupo formado por Norman cuando trabajaba como t\u00e9cnico grabador en la A.G.A.Y.C. que le pusimos por nombre\u00a0 Jolom Konob, por una invitaci\u00f3n que nos dio el maestro Jorge Sarmientos, para el festival latino de danzas folkl\u00f3ricas, en Nagasaky y Sasebo.<\/span><\/p>\n<\/div>\n<div style=\"text-align: justify;\">\n<p><span style=\"color: #003300;\"><b><span style=\"font-family: Arial, sans-serif;\">\u00bfA qu\u00e9 otros pa\u00edses tuviste la oportunidad de viajar?<\/span><\/b><\/span><\/p>\n<\/div>\n<div style=\"text-align: justify;\">\n<p><span style=\"font-family: Arial, sans-serif; color: #003300;\">Centro Am\u00e9rica con El Se\u00f1or Presidente, Miami con El Juego Que Todos Jugamos, Los \u00c1ngeles con las Danzas Folkl\u00f3ricas del grupo de mi gran amigo\u00a0 H\u00e9ctor \u00a0Leal.<\/span><\/p>\n<\/div>\n<div style=\"text-align: justify;\">\n<p><span style=\"color: #003300;\"><b><span style=\"font-family: Arial, sans-serif;\">Pero l\u00f3gicamente entre tanta actividad en el teatro llega el amor a tu vida!!!, cu\u00e9ntanos c\u00f3mo surge el flechazo con Norman Pardo el amor de tu vida? Participaban en alguna obra?<\/span><\/b><\/span><\/p>\n<\/div>\n<div style=\"text-align: justify;\">\n<p><span style=\"font-family: Arial, sans-serif; color: #003300;\">Te cuento que Norman era mi mejor amigo, como esos que no hay, era mi confidente, me va\u00a0 a dar mucha verg\u00fcenza lo que te voy a contar, me recuerdo que una vez se me juntaron dos novios y estaba de visita en la U.P. cuando a salir iba\u00a0 y en la puerta me doy cuenta que estaban all\u00ed. Que me pego el regres\u00f3n y voy con Norman para contarle el clavo en que estaba, y le ped\u00ed favor que me llevara a mi casa, sal\u00ed del brazo con \u00e9l y los dos mudos no se dieron ni cuenta que ya no estaba , jajajajajajajajajajajajajja.<\/span><\/p>\n<\/div>\n<div style=\"text-align: justify;\">\n<p><span style=\"font-family: Arial, sans-serif; color: #003300;\">Me recuerdo que en un estreno de una obra que no recuerdo su nombre \u00a0pero si me recuerdo que en el cocktail, al final de la funci\u00f3n \u00e9l me rob\u00f3 un beso y yo lo tom\u00e9 como una broma y al pasar el tiempo me doy cuenta que si hubo flechazo y de ah\u00ed en adelante ya no lo solt\u00e9 jajajajajajjajajajajajaj por eso te cuento que es lo mejor que me ha pasado en mi vida porque es un buen ser humano.<\/span><\/p>\n<\/div>\n<div style=\"text-align: justify;\">\n<p><span style=\"color: #003300;\"><b><span style=\"font-family: Arial, sans-serif;\">\u00bfEn cu\u00e1ntas obras compartieron escenario?<\/span><\/b><\/span><\/p>\n<\/div>\n<div style=\"text-align: justify;\">\n<p><span style=\"font-family: Arial, sans-serif; color: #003300;\">El Sr. Presidente, Soluna, Pascual Abah, Sebasti\u00e1n sale de compras, La Rafaila y El Pescado Indigesto.<\/span><\/p>\n<\/div>\n<div style=\"text-align: justify;\">\n<p><span style=\"color: #003300;\"><b><span style=\"font-family: Arial, sans-serif;\">\u00bfActualmente radicas en Hawai haces teatro? O te dedicas a otras actividades?<\/span><\/b><\/span><\/p>\n<\/div>\n<div style=\"text-align: justify;\">\n<p><span style=\"font-family: Arial, sans-serif; color: #003300;\">Pues no me dedico al arte por cuestiones de idioma y porque trabajo en otras cosas .<\/span><\/p>\n<\/div>\n<div style=\"text-align: justify;\">\n<p><span style=\"color: #003300;\"><b><span style=\"font-family: Arial, sans-serif;\">\u00bfA qu\u00e9 se deben las fotos donde est\u00e1s con Norman de cavern\u00edcolas?<\/span><\/b><\/span><\/p>\n<\/div>\n<div style=\"text-align: justify;\">\n<p><span style=\"font-family: Arial, sans-serif; color: #003300;\">Simplemente a una celebraci\u00f3n tradicional gringa y para no olvidar lo teatral.<\/span><\/p>\n<\/div>\n<div style=\"text-align: justify;\">\n<p><span style=\"color: #003300;\"><b><span style=\"font-family: Arial, sans-serif;\">Si te invito a un centro comercial y vamos de compras que elegir\u00edas blusas, zapatos, bolsas\u2026<\/span><\/b><\/span><\/p>\n<\/div>\n<div style=\"text-align: justify;\">\n<p><span style=\"font-family: Arial, sans-serif; color: #003300;\">Blusas jajajajjajajajajajjjaja , me vuelven loca las blusas.<\/span><\/p>\n<\/div>\n<div style=\"text-align: justify;\">\n<p><span style=\"font-family: Arial, sans-serif; color: #003300;\">Gracias Lety por aceptar esta entrevista donde estoy segura que muchas personas conocer\u00e1n tu trabajo y muchas cosas m\u00e1s que hasta ahora desconoc\u00edan.\u00a0 Besos<\/span><\/p>\n<\/div>\n<div style=\"text-align: justify;\">\n<p><span style=\"font-family: Arial, sans-serif; color: #003300;\">Gracias\u00a0 a ti por esta oportunidad, que vuelve a abrir mis memorias art\u00edsticas y por hacer recordar a mis amigos.<\/span><\/p>\n<\/div>\n<div>\n<p style=\"text-align: justify;\"><span style=\"font-family: Arial, sans-serif;\">\u00a0<\/span><\/p>\n<p style=\"text-align: justify;\"><span style=\"color: #003300;\"><b style=\"font-family: Arial, sans-serif;\"><span style=\"font-size: small;\">Entrevista realizada por Heidy Sandoval Ruiz<\/span><\/b><\/span><\/p>\n<\/div>\n<div>\n<p><span style=\"font-family: Arial, sans-serif;\"><b><span style=\"font-size: small;\">\u00a0<\/span><\/b><\/span><\/p>\n<\/div>\n<div><\/div>\n","protected":false},"excerpt":{"rendered":"<div class=\"mh-excerpt\"><p>En \u201cLa cara amiga de nuestros invitados\u201d presento en esta oportunidad a una actriz destacada, bailarina de danzas folkl\u00f3ricas y productora de obras de teatro <a class=\"mh-excerpt-more\" href=\"https:\/\/heidysandovalruiz.com\/?p=690\" title=\"La cara amiga de \u00abLety C\u00f3rdova\u00bb\">[&#8230;]<\/a><\/p>\n<\/div>","protected":false},"author":4,"featured_media":691,"comment_status":"closed","ping_status":"closed","sticky":false,"template":"","format":"standard","meta":{"footnotes":""},"categories":[16],"tags":[60],"class_list":["post-690","post","type-post","status-publish","format-standard","has-post-thumbnail","hentry","category-la-cara-amiga","tag-la-cara-amiga-de-lety-cordova"],"_links":{"self":[{"href":"https:\/\/heidysandovalruiz.com\/index.php?rest_route=\/wp\/v2\/posts\/690","targetHints":{"allow":["GET"]}}],"collection":[{"href":"https:\/\/heidysandovalruiz.com\/index.php?rest_route=\/wp\/v2\/posts"}],"about":[{"href":"https:\/\/heidysandovalruiz.com\/index.php?rest_route=\/wp\/v2\/types\/post"}],"author":[{"embeddable":true,"href":"https:\/\/heidysandovalruiz.com\/index.php?rest_route=\/wp\/v2\/users\/4"}],"replies":[{"embeddable":true,"href":"https:\/\/heidysandovalruiz.com\/index.php?rest_route=%2Fwp%2Fv2%2Fcomments&post=690"}],"version-history":[{"count":1,"href":"https:\/\/heidysandovalruiz.com\/index.php?rest_route=\/wp\/v2\/posts\/690\/revisions"}],"predecessor-version":[{"id":692,"href":"https:\/\/heidysandovalruiz.com\/index.php?rest_route=\/wp\/v2\/posts\/690\/revisions\/692"}],"wp:featuredmedia":[{"embeddable":true,"href":"https:\/\/heidysandovalruiz.com\/index.php?rest_route=\/wp\/v2\/media\/691"}],"wp:attachment":[{"href":"https:\/\/heidysandovalruiz.com\/index.php?rest_route=%2Fwp%2Fv2%2Fmedia&parent=690"}],"wp:term":[{"taxonomy":"category","embeddable":true,"href":"https:\/\/heidysandovalruiz.com\/index.php?rest_route=%2Fwp%2Fv2%2Fcategories&post=690"},{"taxonomy":"post_tag","embeddable":true,"href":"https:\/\/heidysandovalruiz.com\/index.php?rest_route=%2Fwp%2Fv2%2Ftags&post=690"}],"curies":[{"name":"wp","href":"https:\/\/api.w.org\/{rel}","templated":true}]}}