{"id":7,"date":"2013-06-10T00:46:18","date_gmt":"2013-06-10T00:46:18","guid":{"rendered":"http:\/\/heidysandovalruiz.com\/?p=7"},"modified":"2022-06-07T03:17:50","modified_gmt":"2022-06-07T03:17:50","slug":"la-cara-amiga-de-luigi-lanuza","status":"publish","type":"post","link":"https:\/\/heidysandovalruiz.com\/?p=7","title":{"rendered":"La cara amiga de \u00abLuigi Lanuza\u00bb"},"content":{"rendered":"<p style=\"text-align: justify;\"><span style=\"color: #000000;\">Actor, Productor de Cine y M\u00e9dico,\u00a0<strong>Luigi Lanuza<\/strong> es el primer invitado a la secci\u00f3n \u201cConociendo la cara amiga de nuestros invitados\u201d, realmente me parece\u00a0emocionante iniciar una nueva aventura en el FB y de alguna manera mantenerme y mantenerlos a ustedes\u00a0en contacto con nuestros artistas (cantantes, actores, bailarines, escultores, etc. de nuestra Guatemala.<\/span><\/p>\n<p style=\"text-align: justify;\"><span style=\"color: #000000;\">Para dar inicio a nuestra secci\u00f3n,\u00a0queremos conocer m\u00e1s de cerca la cara amiga de Luigi Lanuza y comparti<\/span><span style=\"color: #000000;\">remos con ustedes, las inquietudes de nuestro\u00a0invitado.<\/span><\/p>\n<p style=\"text-align: justify;\"><span style=\"color: #000000;\"><strong>El llevar el apellido Lanuza, es un gran compromiso que me imagino debes poner en alto en cada\u00a0proyecto que realizas, desde que edad decides dedicarte al\u00a0medio\u00a0del cine y en cu\u00e1ntas pel\u00edculas has participado como actor?\u00a0<\/strong>Comenc\u00e9 a la edad de 5 a\u00f1os en comerciales de televisi\u00f3n y prensa. En 1970 particip\u00e9 en la pel\u00edcula de largo metraje titulada \u00abLa Sonrisa de mi Madre\u00bb con la actriz y cantante Carmen Yolanda de Coronado y los grandes actores Antonio Almorza y Carlos Figueroa. En 1972 tuve el papel estelar en \u00abSuperzan y el ni\u00f1o del Espacio\u00bb, primera pel\u00edcula de las coproducciones que\u00a0<\/span><span style=\"color: #000000;\">se\u00a0hicieron con el productor mexicano Rogelio Agrasanchez\u00a0Linaje,\u00a0en 1973 particip\u00e9 en\u00a0la parte t\u00e9cnica de la pel\u00edcula \u00abEl Cristo de los Milagros\u00bb en Esquipulas. Un peque\u00f1o papel en la pel\u00edcula \u00abTerremoto en<\/span><span style=\"color: #000000;\">\u00a0Guatemala\u00bb filmada en 1976.<strong><a href=\"https:\/\/heidysandovalruiz.com\/wp-content\/uploads\/2013\/06\/10614028_683776685051801_1716372668_n.jpg\"><img loading=\"lazy\" decoding=\"async\" class=\"size-thumbnail wp-image-2663 alignright\" src=\"https:\/\/heidysandovalruiz.com\/wp-content\/uploads\/2013\/06\/10614028_683776685051801_1716372668_n-150x150.jpg\" alt=\"10614028_683776685051801_1716372668_n\" width=\"150\" height=\"150\" \/><\/a><\/strong><\/span><\/p>\n<p style=\"text-align: justify;\"><span style=\"color: #000000;\"><strong>\u00bfY en qu\u00e9 a\u00f1o decides ingresar a la Universidad a estudiar una carrera?\u00a0<\/strong>En\u00a0<\/span><span style=\"color: #000000;\">1977<\/span><span style=\"color: #000000;\">\u00a0entro a la universidad de San Carlos a estudiar medicina, por lo que me alej\u00e9 del cine por cuestiones de tiempo aunque de vez en cuando hac\u00eda comerciales de televisi\u00f3n. Luego de vivir 20 a\u00f1os en California regreso a Guatemala en el 2006.<\/span><\/p>\n<p style=\"text-align: justify;\"><strong style=\"color: #000000; text-align: justify;\">\u00bfDentro de la producci\u00f3n de pel\u00edculas, te has inclinado a utilizar actores guatemaltecos o han participado\u00a0artistas de otras nacionalidades?\u00a0<\/strong><span style=\"color: #000000; text-align: justify;\">Mi mayor inter\u00e9s es dar a conocer a los talentos nacionales aunque si se presentara la oportunidad, no descarto la idea de trabajar\u00a0<i>con artistas internacionales. \u00a0Soy amigo del actor Ingles Mark Lester ( de la famosa pel\u00edcula \u00abOliver Twist\u00bb , \u00abEl ni\u00f1o y el potro Blanco\u00bb etc. ) quien me ha manifestado su inter\u00e9s en participar en alguna de mis producciones.\u00a0<\/i><\/span><\/p>\n<p style=\"text-align: justify;\"><span style=\"color: #000000;\"><strong><a href=\"https:\/\/heidysandovalruiz.com\/wp-content\/uploads\/2013\/06\/12063833_10154573782499528_7375386862277342481_n.jpg\"><img loading=\"lazy\" decoding=\"async\" class=\"size-full wp-image-4403 alignleft\" src=\"https:\/\/heidysandovalruiz.com\/wp-content\/uploads\/2013\/06\/12063833_10154573782499528_7375386862277342481_n.jpg\" alt=\"12063833_10154573782499528_7375386862277342481_n\" width=\"238\" height=\"206\" \/><\/a>\u00bfLos guiones de tus pel\u00edculas son colabora<\/strong><\/span><span style=\"color: #000000;\"><strong>cione<\/strong><\/span><span style=\"color: #000000;\"><strong>s de es<\/strong><\/span><span style=\"color: #000000;\"><strong>crit<\/strong><\/span><span style=\"color: #000000;\"><strong>ores nacional<\/strong><\/span><span style=\"color: #000000;\"><strong>es,<\/strong><\/span><span style=\"color: #000000;\"><strong>\u00a0son producciones tuyas o como te\u00a0<\/strong><\/span><strong style=\"color: #000000;\">ingenias para la selecci\u00f3n de los temas?\u00a0<\/strong><span style=\"color: #000000;\">Tengo la suerte de conocer al joven talento Mario Enriquez\u00a0(Director Cinematogr\u00e1fico) quien dentro de sus m\u00faltiples cualidades tiene el don de escribir guiones como \u00ab8 grados Terremoto en Guatemala\u00bb, \u00abM<\/span><span style=\"color: #000000;\">ar\u00eda Chinchilla, el Diario\u00a0<\/span><span style=\"color: #000000;\">de una M\u00e1rtir\u00bb etc. Mario tambi\u00e9n hizo la adaptaci\u00f3n cinematogr\u00e1fica del guion original de Rafael Lanuza \u00abSoy de Zacapa\u00bb. Ambos intercambiamos ideas y vamos dando forma a las historias.<\/span><span style=\"color: #000000;\">con artistas internacionales. Soy amigo del actor Ingles Mark Lester ( de la famosa pel\u00edcula \u00abOliver Twist\u00bb , \u00abEl ni\u00f1o y el potro Blanco\u00bb etc. ) quien me ha manifestado su inter\u00e9s en participar en alguna de mis producciones.<\/span><\/p>\n<p style=\"text-align: justify;\"><span style=\"color: #000000;\"><strong>\u00bfPara la realizaci\u00f3n de tus pel\u00edculas realizas casting para encontrar nuevos valores o ya tienes un elenco pr<\/strong><\/span><strong style=\"color: #000000;\">e d<\/strong><strong style=\"color: #000000;\">eterminado?\u00a0<\/strong><span style=\"color: #000000;\">Un poquito de las dos cosas, hered\u00e9 de mi papa el \u00abbuen ojo\u00bb para ver a alguien y estar seguro que es la persona ideal para cierto personaje y por supuesto siempre se hace casting en donde nos hemos llevado gratas\u00a0sorpresas con los talentos que hemos e<\/span><span style=\"color: #000000;\">ncontrado!<\/span><strong style=\"color: #000000;\"><img loading=\"lazy\" decoding=\"async\" class=\"alignright\" src=\"https:\/\/heidysandovalruiz.com\/wp-content\/uploads\/2013\/11\/600894_386035211505582_1576782492_n1-300x225.jpg\" alt=\"600894_386035211505582_1576782492_n[1]\" width=\"210\" height=\"158\" \/><\/strong><\/p>\n<p style=\"text-align: justify;\"><span style=\"color: #000000;\"><strong>\u00bfQu\u00e9 proyectos tienes a corto, mediano y largo\u00a0plazo en lo que a producci\u00f3n de pel\u00edculas se refiere?\u00a0<\/strong>De momento tenemos la producci\u00f3n de \u00abLa calle donde tu vives\u00bb, una serie televisiva en homenaje al gran H\u00e9ctor Gait\u00e1n. Me encantar\u00eda producir la\u00a0<\/span><span style=\"color: #000000;\">pel\u00edcula de la famosa obra de teatro \u00abPepi\u00e1n de 3 carnes\u00bb\u00a0basada en el libreto original de Edgar Qui\u00f1onez, ya estamos en platicas. Tengo el ofrecimiento para una coproducci\u00f3n M\u00e9xico\/Guatemala\/Venezuela, de la cual, estamos evaluando la factibilidad de realizar.<\/span><\/p>\n<p style=\"text-align: justify;\"><span style=\"color: #000000;\">El d\u00eda de hoy 10 de junio a las 18 horas se llevar\u00e1 a cabo un homenaje a Rafael Lanuza en el Teatro de C\u00e1mara del Teatro Nacional, un conversatorio\u00a0y la proyecci\u00f3n de\u00a0la pel\u00edcula \u00abCandelaria\u00bb. La entrada es gratuita pero deben de tener boleto los cuales est\u00e1n disponibles en las oficinas administrativas del Teatro Nacional.<\/span><\/p>\n<p style=\"text-align: justify;\"><span style=\"color: #000000;\"> De esta manera amigos, iniciamos la secci\u00f3n \u201cConociendo la cara amiga de nuestros valores\u201d, en los pr\u00f3ximos d\u00edas no se pierdan la entrevista donde conoceremos algo sobre su amiga Radi<\/span><span style=\"color: #000000;\">o Pana<\/span><span style=\"color: #000000;\">mericana.<\/span><\/p>\n<p><iframe loading=\"lazy\" src=\"https:\/\/www.youtube.com\/embed\/WC8lPi_F3v8\" width=\"560\" height=\"315\" frameborder=\"0\" allowfullscreen=\"allowfullscreen\"><\/iframe><\/p>\n<p><iframe loading=\"lazy\" style=\"color: #000000; text-align: center;\" src=\"\/\/www.youtube.com\/embed\/9pOhd1MRCPE\" width=\"560\" height=\"315\" frameborder=\"0\" allowfullscreen=\"allowfullscreen\"><\/iframe><\/p>\n<p><iframe loading=\"lazy\" src=\"https:\/\/www.youtube.com\/embed\/eAoFKGUvUjw\" width=\"560\" height=\"315\" frameborder=\"0\" allowfullscreen=\"allowfullscreen\"><\/iframe><\/p>\n<p><iframe loading=\"lazy\" src=\"https:\/\/www.youtube.com\/embed\/nlaigQw6RiU\" width=\"560\" height=\"315\" frameborder=\"0\" allowfullscreen=\"allowfullscreen\"><\/iframe><\/p>\n<p style=\"text-align: justify;\"><span style=\"color: #000000;\">\u00a0<\/span>Les invitamos para que se unan al grupo de \u00ab<b>Artistas de Guatemala para el Mundo<\/b>\u00bb en este link<b>\u00a0<\/b><a href=\"http:\/\/on.fb.me\/1sn2wSf\"><b>http:\/\/on.fb.me\/1sn2wSf<\/b><\/a>,\u00a0el cual tiene como prop\u00f3sito compartir videos, fotos, an\u00e9cdotas y todo lo de nuestros artistas en las diferentes d\u00e9cadas.<\/p>\n<p>Tambi\u00e9n ponemos a su disposici\u00f3n el grupo \u201c<b>Un siglo de anuncios<\/b>\u201d, un espacio donde pueden compartir o comentar los post que se publiquen <a href=\"http:\/\/on.fb.me\/1vASm2g\">http:\/\/on.fb.me\/1vASm2g<\/a><\/p>\n<p><b>\u00a0<\/b><\/p>\n<p><b>Las entrevistas las pueden leer en los siguientes links:<\/b><\/p>\n<p><a href=\"http:\/\/lasentrevistasdeheidy.blogspot.com\">http:\/\/lasentrevistasdeheidy.blogspot.com<\/a><\/p>\n<p style=\"text-align: justify;\"><span style=\"color: #000000;\"> <strong> Entrevista realizada por Heidy Sandoval Ruiz.<\/strong><\/span><\/p>\n","protected":false},"excerpt":{"rendered":"<div class=\"mh-excerpt\"><p>Actor, Productor de Cine y M\u00e9dico,\u00a0Luigi Lanuza es el primer invitado a la secci\u00f3n \u201cConociendo la cara amiga de nuestros invitados\u201d, realmente me parece\u00a0emocionante iniciar <a class=\"mh-excerpt-more\" href=\"https:\/\/heidysandovalruiz.com\/?p=7\" title=\"La cara amiga de \u00abLuigi Lanuza\u00bb\">[&#8230;]<\/a><\/p>\n<\/div>","protected":false},"author":4,"featured_media":8,"comment_status":"closed","ping_status":"closed","sticky":false,"template":"","format":"standard","meta":{"footnotes":""},"categories":[16],"tags":[2],"class_list":["post-7","post","type-post","status-publish","format-standard","has-post-thumbnail","hentry","category-la-cara-amiga","tag-la-cara-amiga-de-luigi-lanuza"],"_links":{"self":[{"href":"https:\/\/heidysandovalruiz.com\/index.php?rest_route=\/wp\/v2\/posts\/7","targetHints":{"allow":["GET"]}}],"collection":[{"href":"https:\/\/heidysandovalruiz.com\/index.php?rest_route=\/wp\/v2\/posts"}],"about":[{"href":"https:\/\/heidysandovalruiz.com\/index.php?rest_route=\/wp\/v2\/types\/post"}],"author":[{"embeddable":true,"href":"https:\/\/heidysandovalruiz.com\/index.php?rest_route=\/wp\/v2\/users\/4"}],"replies":[{"embeddable":true,"href":"https:\/\/heidysandovalruiz.com\/index.php?rest_route=%2Fwp%2Fv2%2Fcomments&post=7"}],"version-history":[{"count":33,"href":"https:\/\/heidysandovalruiz.com\/index.php?rest_route=\/wp\/v2\/posts\/7\/revisions"}],"predecessor-version":[{"id":7684,"href":"https:\/\/heidysandovalruiz.com\/index.php?rest_route=\/wp\/v2\/posts\/7\/revisions\/7684"}],"wp:featuredmedia":[{"embeddable":true,"href":"https:\/\/heidysandovalruiz.com\/index.php?rest_route=\/wp\/v2\/media\/8"}],"wp:attachment":[{"href":"https:\/\/heidysandovalruiz.com\/index.php?rest_route=%2Fwp%2Fv2%2Fmedia&parent=7"}],"wp:term":[{"taxonomy":"category","embeddable":true,"href":"https:\/\/heidysandovalruiz.com\/index.php?rest_route=%2Fwp%2Fv2%2Fcategories&post=7"},{"taxonomy":"post_tag","embeddable":true,"href":"https:\/\/heidysandovalruiz.com\/index.php?rest_route=%2Fwp%2Fv2%2Ftags&post=7"}],"curies":[{"name":"wp","href":"https:\/\/api.w.org\/{rel}","templated":true}]}}