{"id":702,"date":"2013-12-25T20:59:36","date_gmt":"2013-12-25T20:59:36","guid":{"rendered":"http:\/\/heidysandovalruiz.com\/?p=702"},"modified":"2019-11-10T16:41:58","modified_gmt":"2019-11-10T16:41:58","slug":"la-cara-amiga-de-trio-los-inseparables","status":"publish","type":"post","link":"https:\/\/heidysandovalruiz.com\/?p=702","title":{"rendered":"La cara amiga de \u00abLos Inseparables\u00bb"},"content":{"rendered":"<div>\n<p style=\"text-align: justify;\"><span style=\"color: #003366;\"><span style=\"font-family: Arial, sans-serif;\">Hoy en \u201c<b>La cara amiga de nuestros invitados<\/b>\u201d, conversaremos con el director de un tr\u00edo que sin duda alguna es el orgullo art\u00edstico altaverapacense, \u201c<b>Los inseparables de Cob\u00e1n\u201d,&nbsp;<\/b>quienes han llevado su m\u00fasica a muchos lugares de Guatemala, Europa, Italia y Austria. Canciones de esas que enamoran y que llegan a lo profundo de nuestro coraz\u00f3n son interpretadas por este grupo musical del cual conoceremos hoy datos importantes. Para este tr\u00edo &nbsp;l<\/span><span style=\"font-family: Arial, sans-serif;\">a canci\u00f3n \u201cBajo el cielo de Cob\u00e1n\u201d se ha convertido en su himno de batalla y adem\u00e1s enviamos una felicitaci\u00f3n porque precisamente este a\u00f1o han celebrado sus tres d\u00e9cadas de deleitarnos con su calidad musical.<b><\/b><\/span><\/span><\/p>\n<\/div>\n<div style=\"text-align: justify;\">\n<p><span style=\"color: #003366;\"><span style=\"font-family: Arial, sans-serif;\">D<\/span><span style=\"font-family: Arial, sans-serif;\">oy la bienvenida a Gerardo Am\u00edlcar Caal, a este espacio donde se puede decir lo que se quiere y lo que en otros medios no se puede.<\/span><\/span><\/p>\n<\/div>\n<div style=\"text-align: justify;\">\n<p><span style=\"color: #003366; font-family: Arial, sans-serif;\">Amilcar, escuch\u00e9 a \u201cLos Inseparables de Cob\u00e1n\u201d cuando les invitamos a participar en la \u201cXVI Gala de la Canci\u00f3n Guatemalteca\u201d en el a\u00f1o 2009 y me qued\u00e9 sorprendida del talento musical y profesionalismo demostrado en su presentaci\u00f3n, lo que fue motivo para que se les invitara a participar en otras Galas.<\/span><\/p>\n<\/div>\n<div style=\"text-align: justify;\">\n<p><span style=\"color: #003366;\"><b><span style=\"font-family: Arial, sans-serif;\">A finales de los a\u00f1os noventa se integran \u201cLos Inseparables de Cob\u00e1n\u201d, c\u00f3mo surge la inquietud de formar este grupo y en qu\u00e9 a\u00f1o?<\/span><\/b><\/span><\/p>\n<\/div>\n<div style=\"text-align: justify;\">\n<p><span style=\"color: #003366; font-family: Arial, sans-serif;\">Sinceramente no pasaba por nuestra mente el hecho de formar una agrupaci\u00f3n musical ya que para ese entonces yo estudiaba en una de las escuelas m\u00e1s famosas de Cob\u00e1n llamada \u201cSalvador de Oliva\u201d, cursaba como el tercero o cuarto de primaria si no mal recuerdo y un grado menos estaba otro estudiante llamado Juan Carlos Garc\u00eda, y resulta que en el establecimiento se organizaban concursos de canto y nosotros casi siempre nos disput\u00e1bamos los primeros lugares y eso hizo que entre nosotros naciera alguna rivalidad, no nos habl\u00e1bamos, pero en cierta ocasi\u00f3n uno de los maestros que tocaba la guitarra nos dijo que quer\u00eda que hici\u00e9ramos un dueto para cantar en la clausura del ciclo escolar, nos convoc\u00f3 para repasar y recuerdo que la canci\u00f3n que nos ense\u00f1\u00f3 fue \u201cDos arbolitos\u201d y de all\u00ed para adelante se inicia la historia pues al p\u00fablico le gust\u00f3 la presentaci\u00f3n y empezaron a invitarnos a participar en distintos eventos como el dueto de la \u201cSalvador de Oliva\u201d.<\/span><\/p>\n<\/div>\n<div style=\"text-align: justify;\">\n<p><span style=\"color: #003366; font-family: Arial, sans-serif;\"><b>Y que pas\u00f3 posterior a esta experiencia?<\/b><\/span><\/p>\n<\/div>\n<div style=\"text-align: justify;\">\n<p><span style=\"color: #003366;\"><span style=\"font-family: Arial, sans-serif;\">Luego se nos uni\u00f3 otro amigo que ya era mayor que nosotros y en una de nuestras presentaciones en actividades de independencia nos preguntaron c\u00f3mo se llamaba el tr\u00edo para anotarlo en el programa y nosotros no sab\u00edamos que responder fue entonces que este amigo dijo: pero si nosotros somos inseparables, siempre nos juntamos para cantar entonces pongamos \u201cLos Inseparables\u201d\u2026 y as\u00ed nace el nombre que hoy nos identifica. Con Juan Carlos pas\u00e1bamos mucho tiempo cantando y hasta nos vest\u00edamos igual que muchas personas pensaban que \u00e9ramos hermanos. El compa\u00f1ero que nos puso el nombre ya no apareci\u00f3 y&nbsp;<\/span><span style=\"font-family: Arial, sans-serif;\">&nbsp;<\/span><span style=\"font-family: Arial, sans-serif;\">solo nos present\u00e1bamos Juan Carlos y yo hasta que alrededor<\/span><span style=\"font-family: Arial, sans-serif;\">&nbsp;&nbsp;<\/span><span style=\"font-family: Arial, sans-serif;\">de los a\u00f1os noventa aparece otro amigo (Sergio Francisco L\u00f3pez) que no tocaba guitarra pero si le gustaba cantar entonces me propuse ense\u00f1arle y de esta manera se integr\u00f3 al grupo convirti\u00e9ndonos en tr\u00edo nuevamente.<\/span><\/span><\/p>\n<\/div>\n\n\n\n<div style=\"text-align: justify;\">\n<p><span style=\"color: #003366; font-family: Arial, sans-serif;\"><b>Pero en alg\u00fan momento se convierten en cuarteto?<\/b><\/span><\/p>\n<\/div>\n<div style=\"text-align: justify;\">\n<p><span style=\"color: #003366; font-family: Arial, sans-serif;\">Como un a\u00f1o despu\u00e9s otro amigo se acerca a nosotros y nos cuenta que tiene varias canciones y nos propone cantar una de ellas, \u00e9l hab\u00eda sido alumno de Juan Carlos Garc\u00eda pues le ense\u00f1\u00f3 a tocar guitarra y entonces nos convertimos en cuarteto realizando un sin n\u00famero de presentaciones de esta forma, luego de unos a\u00f1os Juan Carlos decide emigrar a la capital y deja el grupo y as\u00ed nuevamente quedamos como tr\u00edo por varios a\u00f1os, para ese tiempo ya era el l\u00edder del grupo y me propuse que con lo que nos pagaban por nuestras presentaciones ahorr\u00e1ramos el&nbsp; 50% con el prop\u00f3sito de hacer una grabaci\u00f3n.<\/span><\/p>\n<\/div>\n<div style=\"text-align: justify;\">\n<p><span style=\"color: #003366; font-family: Arial, sans-serif;\"><b>En qu\u00e9 a\u00f1o hacen realidad la grabaci\u00f3n de su primer disco?<\/b><\/span><\/p>\n<\/div>\n<div style=\"text-align: justify;\">\n<p><span style=\"color: #003366; font-family: Arial, sans-serif;\">En el a\u00f1o 2001, esta producci\u00f3n musical fue titulada \u201cPara Recordad y vivir\u201d, producci\u00f3n que nos permiti\u00f3 darnos a conocer un poco m\u00e1s, por cierto que Juan Carlos ya hab\u00eda regresado a Cob\u00e1n y lo invit\u00e9 para que participara con nosotros en la grabaci\u00f3n y nos apoya con la canci\u00f3n \u201cBajo el cielo de Cob\u00e1n\u201d la cual nos la ense\u00f1aron en la escuela y que ning\u00fan grupo hab\u00eda grabado y esta canci\u00f3n se convierte en el himno del grupo porque en todos los escenarios en que nos presentamos la tenemos que cantar porque al p\u00fablico le gusta y la piden.<\/span><\/p>\n<\/div>\n<div style=\"text-align: justify;\">\n<p><span style=\"color: #003366; font-family: Arial, sans-serif;\"><b>Qu\u00e9 canciones se recopilan en este disco?<\/b><\/span><\/p>\n<\/div>\n<div style=\"text-align: justify;\">\n<p><span style=\"color: #003366; font-family: Arial, sans-serif;\">Pues esta primera producci\u00f3n incluye canciones como: Bajo el Cielo de Cob\u00e1n, un poupurri de Los Panchos con canciones como Sin Ti, B\u00e9same mucho, Cuatro vidas, Cuando se quiere de veras, Eternamente, un poupurri de \u00e9xitos de Leo Dan, como el disco se grab\u00f3 en diciembre tambi\u00e9n incluimos la canci\u00f3n Blanca Navidad.<\/span><\/p>\n<\/div>\n<div style=\"text-align: justify;\">\n<p><span style=\"color: #003366; font-family: Arial, sans-serif;\"><b>Pero en este grupo en el a\u00f1o 2006 algunos integrantes se retiran?<\/b><\/span><\/p>\n<\/div>\n<div style=\"text-align: justify;\">\n<p><span style=\"color: #003366; font-family: Arial, sans-serif;\">En ese a\u00f1o se me ocurre invitar a Juan Carlos para reintegrarse formalmente al grupo pues \u00e9l ya tocaba y cantaba con otro grupo pero con la idea de mantener al grupo original hago la invitaci\u00f3n y acepta pero Sergio decide retirarse sin que hasta la fecha conozcamos los verdaderos motivos que lo llevaron a tomar esa decisi\u00f3n.&nbsp; Como a los tres meses Juan Carlos Garc\u00eda y Erick Roberto C\u00fa , renuncian al grupo aduciendo problemas personales, es entonces que se da la llegada de los hermanos Cesar Oswaldo y F\u00e9lix Benedicto Bol, con quienes se inicia una nueva aventura musical que personalmente y grupalmente nos ha llenado de satisfacciones pues al poco tiempo de integrados fuimos seleccionados para participar en el promocional televisivo de cervezas gallo y tambi\u00e9n un sin n\u00famero de presentaciones tanto en el Conservatorio Nacional como en diversos escenario de la rep\u00fablica.<\/span><\/p>\n<\/div>\n<div style=\"text-align: justify;\">\n<p><span style=\"color: #003366;\"><b><span style=\"font-family: Arial, sans-serif;\">\u201cLos Inseparables de Cob\u00e1n\u201d es un tr\u00edo o un quinteto?<\/span><\/b><\/span><\/p>\n<\/div>\n<div style=\"text-align: justify;\">\n<p><span style=\"color: #003366; font-family: Arial, sans-serif;\">Esta es una pregunta nos la han hecho varias veces e incluso algunos bromean diciendo que somos un tr\u00edo de cinco pero quiero contarle que realmente el grupo base es el tr\u00edo sin embargo, la misma necesidad de brindar al p\u00fablico variedad musical nos ha llevado a incorporar otros instrumentos como el bajo y las maracas adem\u00e1s, que siempre he considerado que no hay nada mejor como el sonido de instrumentos en vivo pues eso nos permite manejar nuestro repertorio con mayor libertad pues siempre he tenido el defecto o cualidad no s\u00e9 como llamarle que no soy partidario de preparar un listado o una programaci\u00f3n pues a m\u00ed me gusta interpretar lo que el p\u00fablico me pide y las pocas veces que he hecho un programa siempre resulta que no lo uso.<\/span><\/p>\n<\/div>\n<div style=\"text-align: justify;\">\n<p><span style=\"color: #003366;\"><b><span style=\"font-family: Arial, sans-serif;\">Cu\u00e1l es a su criterio las canciones que m\u00e1s solicitan sus seguidores?<\/span><\/b><\/span><\/p>\n<\/div>\n<div style=\"text-align: justify;\">\n<p><span style=\"color: #003366; font-family: Arial, sans-serif;\">La canci\u00f3n m\u00e1s solicitada es \u201cGema\u201d y ahora tambi\u00e9n \u201cBajo el cielo de Cob\u00e1n\u201d.<\/span><\/p>\n<\/div>\n<div style=\"text-align: justify;\">\n<p><span style=\"color: #003366;\"><b><span style=\"font-family: Arial, sans-serif;\">En el 2003 viaja a Europa solo Gerardo Caal porqu\u00e9 ese continente?<\/span><\/b><\/span><\/p>\n<\/div>\n<div style=\"text-align: justify;\">\n<p><span style=\"color: #003366; font-family: Arial, sans-serif;\">Una invitaci\u00f3n que se dio debido a que le regal\u00e9 un disco a un amigo en Cob\u00e1n y \u00e9l lo envi\u00f3 a su hermano que viv\u00eda por all\u00e1 en ese tiempo a esta persona le gust\u00f3 mi forma de ejecutar la guitarra y quer\u00eda que le fuera a dar clases de requinto a su hijo adem\u00e1s, ellos cuentan con un hotel a las orillas de un lago y un restaurante donde me presentaba de martes a s\u00e1bado Iba preparado para cantar con pistas o con guitarra pero al p\u00fablico le gustaba m\u00e1s la m\u00fasica que cantaba acompa\u00f1ado de mi guitarra.<\/span><\/p>\n<\/div>\n<div style=\"text-align: justify;\">\n<p><span style=\"color: #003366; font-family: Arial, sans-serif;\">Sinceramente fue una experiencia especial e inolvidable que me dio la oportunidad de descubrir entre otras cosas que al p\u00fablico le gustaban mis canciones, pues he escrito entre una 30 canciones o m\u00e1s pero muy pocas veces las hab\u00eda cantado hasta que una persona que me escuch\u00f3 en el restaurante me dijo que le gustaba como cantaba pero que quer\u00eda escuchar alguna canci\u00f3n original y fue entonces que les empec\u00e9 a cantar mis canciones y recuerdo que pas\u00e9 casi dos horas cantando canciones solo de las que hab\u00eda escrito, les gust\u00f3 tanto que casi todos los d\u00edas me iban a escuchar y adem\u00e1s le contaba la historia de cada canci\u00f3n y como que eso hac\u00eda que les interesaran m\u00e1s.<\/span><\/p>\n<\/div>\n<div style=\"text-align: justify;\">\n<p><span style=\"color: #003366;\"><b><span style=\"font-family: Arial, sans-serif;\">Si le digo \u201cRecordar es volver a vivir\u201d, qu\u00e9 le viene a la mente?<\/span><\/b><\/span><\/p>\n<\/div>\n<div style=\"text-align: justify;\">\n<p><span style=\"color: #003366; font-family: Arial, sans-serif;\">Inicialmente vienen a mi mente las dos producciones musicales que hemos hecho y tambi\u00e9n nuestra esencia pues el interpretar m\u00fasica del recuerdo nos ha llevado a llegar al coraz\u00f3n del p\u00fablico que con una canci\u00f3n les llevamos a recordar momentos especiales que han vivido y eso nos llena de mucha emoci\u00f3n.<\/span><\/p>\n<\/div>\n<div style=\"text-align: justify;\">\n<p><span style=\"color: #003366;\"><b><span style=\"font-family: Arial, sans-serif;\">Actualmente qui\u00e9nes integran \u201cLos Inseparables de Cob\u00e1n\u201d?<\/span><\/b><\/span><\/p>\n<\/div>\n<div style=\"text-align: justify;\">\n<p><span style=\"color: #003366; font-family: Arial, sans-serif;\">El tr\u00edo est\u00e1 integrado por Cesar Oswaldo Bol Cu, primera voz y primera guitarra, F\u00e9lix Benedicto Bol Cu, segunda voz y b\u00f3ngos y su servidor Gerardo Amilcar Caal Choc\u00f3, tercera voz y requinto, adem\u00e1s nos apoyan Edgar Efra\u00edn Bol C\u00fa, Bajo y Byron Estuardo Bol C\u00fa, Maracas.<\/span><\/p>\n<\/div>\n<div style=\"text-align: justify;\">\n<p><span style=\"color: #003366;\"><b><span style=\"font-family: Arial, sans-serif;\">En Guatemala en qu\u00e9 festivales han participado?<\/span><\/b><\/span><\/p>\n<\/div>\n<div style=\"text-align: justify;\">\n<p><span style=\"color: #003366; font-family: Arial, sans-serif;\">Pues sinceramente hemos participado en un sin n\u00famero de festivales en el Conservatorio Nacional, Teatro Nacional y tambi\u00e9n hemos realizado presentaciones en radio, televisi\u00f3n y eventos particulares.<\/span><\/p>\n<\/div>\n<div style=\"text-align: justify;\">\n<p><span style=\"color: #003366;\"><b><span style=\"font-family: Arial, sans-serif;\">Qu\u00e9 significa para ustedes la canci\u00f3n \u201cBajo el cielo de Cob\u00e1n\u201d?<\/span><\/b><\/span><\/p>\n<\/div>\n<div style=\"text-align: justify;\">\n<p><span style=\"color: #003366; font-family: Arial, sans-serif;\">Para nosotros esta canci\u00f3n es nuestro himno de batalla y es un homenaje a nuestros paisanos y a todos aquellos que llevan en su coraz\u00f3n un pedacito de nuestra Guatemala la cual nos sentimos orgullosos de representar.<\/span><\/p>\n<\/div>\n<div style=\"text-align: justify;\">\n<p><span style=\"color: #003366;\"><b><span style=\"font-family: Arial, sans-serif;\">C\u00f3mo ha logrado mantener durante m\u00e1s de 30 a\u00f1os a \u201cLos Inseparables de Cob\u00e1n?<\/span><\/b><\/span><\/p>\n<\/div>\n<div style=\"text-align: justify;\">\n<p><span style=\"color: #003366; font-family: Arial, sans-serif;\">Pues la verdad he tratado de que mis compa\u00f1eros se identifiquen con la agrupaci\u00f3n que se sientan due\u00f1os del grupo, que no somos un grupos m\u00e1s sino que marquemos la diferencia con nuestra dedicaci\u00f3n, responsabilidad, respeto al p\u00fablico a quien nos debemos, cuando ya no le guste lo que hacemos pues creo que hasta all\u00ed llegar\u00e1n Los Inseparables, y sobre todo siempre he dicho que Dios puso su mano en nuestro grupo y por esa raz\u00f3n seguimos vigentes porque somos de las pocas agrupaciones donde no discutimos para ponernos de acuerdo porque aqu\u00ed todas las opiniones de los integrantes son importantes e incluso tomamos en cuenta lo que el publico nos sugiere porque todo lo que sea de beneficio para el grupo siempre ser\u00e1 bien recibido.&nbsp;<\/span><\/p>\n<\/div>\n<div style=\"text-align: justify;\">\n<p><span style=\"color: #003366;\"><b><span style=\"font-family: Arial, sans-serif;\">Qu\u00e9 proyectos tienen para un futuro cercano?<\/span><\/b><\/span><\/p>\n<\/div>\n<div style=\"text-align: justify;\">\n<p><span style=\"color: #003366; font-family: Arial, sans-serif;\">Pues desde el a\u00f1o 2012 empezamos a grabar nuestra tercera producci\u00f3n por alguna raz\u00f3n no la hemos finalizado pero estamos trabajando en eso y esperemos que en pocos d\u00edas estemos d\u00e1ndoles la noticia que ya est\u00e1 a la venta este nuevo trabajo que le puedo adelantar que tendr\u00e1 como t\u00edtulo \u201cLos Inseparable 3\u201d y que contiene canciones del recuerdo, algunos covers con arreglos especiales que distinguen nuestra m\u00fasica y un par de canciones originales como lo hemos hecho en nuestras producciones anteriores.<\/span><\/p>\n<\/div>\n<div style=\"text-align: justify;\">\n<p><span style=\"color: #003366; font-family: Arial, sans-serif;\">Quiero contarle tambi\u00e9n que el a\u00f1o 2013 tiene un significado especial para nosotros porque conmemoramos los 30 a\u00f1os de iniciado el grupo.<\/span><\/p>\n<\/div>\n<div style=\"text-align: justify;\">\n<p><span style=\"color: #003366;\"><b><span style=\"font-family: Arial, sans-serif;\">Qu\u00e9 presentaciones tienen para el mes de diciembre?<\/span><\/b><\/span><\/p>\n<\/div>\n<div style=\"text-align: justify;\">\n<p><span style=\"color: #003366; font-family: Arial, sans-serif;\">Pues gracias a Dios tenemos en agenda varias presentaciones en distintos lugares de la rep\u00fablica y celebraciones particulares.&nbsp; Aprovecho a enviar un saludo especial a los amigos de Quetzaltenango con quienes compartimos en el mes de octubre y tambi\u00e9n de Tejutla San Marcos con quienes estaremos el pr\u00f3ximo 20 de diciembre.<\/span><\/p>\n<\/div>\n<div style=\"text-align: justify;\">\n<p><span style=\"color: #003366;\"><b><span style=\"font-family: Arial, sans-serif;\">D\u00f3nde se les puede localizar para contrataciones?<\/span><\/b><\/span><\/p>\n<\/div>\n<div style=\"text-align: justify;\">\n<p><span style=\"color: #003366; font-family: Arial, sans-serif;\">Nuestros tel\u00e9fonos son 50557036 \u2013 55694576 y 79521674.<\/span><\/p>\n<\/div>\n<div style=\"text-align: justify;\">\n<p><span style=\"color: #003366;\"><b><span style=\"font-family: Arial, sans-serif;\">Tienen alguna direcci\u00f3n electr\u00f3nica para que les visiten?<\/span><\/b><\/span><\/p>\n<\/div>\n<div style=\"text-align: justify;\">\n<p><span style=\"color: #003366; font-family: Arial, sans-serif;\">Pueden contactarnos en Facebook nos encuentran como Tr\u00edos Los Inseparable donde pueden encontrar fotograf\u00edas de varios lugares donde nos hemos presentado.<\/span><\/p>\n<\/div>\n<div style=\"text-align: justify;\">\n<p><span style=\"color: #003366; font-family: Arial, sans-serif;\">Si me lo permite quisiera aprovechar para agradecer por la oportunidad que me da de poder contarles parte de nuestra historia musical y agradecer la oportunidad que nos ha brindado de presentarnos en varias oportunidades en \u201cLa Gala de la Canci\u00f3n Guatemalteca\u201d.<\/span><\/p>\n<\/div>\n<div style=\"text-align: justify;\">\n<p><span style=\"color: #003366;\"><span style=\"font-family: Arial, sans-serif;\">Agradezco a Gerardo la oportunidad que \nme brind\u00f3 para conocer m\u00e1s de \u201cLos Inseparables \nde Cob\u00e1n\u201d y compartir con los cibernautas esta \nentrevista.<\/span><\/span><\/p>\n\n<iframe loading=\"lazy\" width=\"560\" height=\"315\" src=\"https:\/\/www.youtube.com\/embed\/tJaIhrS5fJE\" frameborder=\"0\" allow=\"accelerometer; autoplay; encrypted-media; gyroscope; picture-in-picture\" allowfullscreen=\"\"><\/iframe>\n\n<iframe loading=\"lazy\" width=\"560\" height=\"315\" src=\"https:\/\/www.youtube.com\/embed\/KmnnFvBUnZE\" frameborder=\"0\" allow=\"accelerometer; autoplay; encrypted-media; gyroscope; picture-in-picture\" allowfullscreen=\"\"><\/iframe>\n\n<iframe loading=\"lazy\" width=\"560\" height=\"315\" src=\"https:\/\/www.youtube.com\/embed\/Jr_aWQ6ZuI0\" frameborder=\"0\" allow=\"accelerometer; autoplay; encrypted-media; gyroscope; picture-in-picture\" allowfullscreen=\"\"><\/iframe>\n\n<iframe loading=\"lazy\" width=\"560\" height=\"315\" src=\"https:\/\/www.youtube.com\/embed\/BvEmzi8E_fY\" frameborder=\"0\" allow=\"accelerometer; autoplay; encrypted-media; gyroscope; picture-in-picture\" allowfullscreen=\"\"><\/iframe>\n<\/div>\n<p>&nbsp;<\/p>\n<div>\n<p style=\"text-align: justify;\"><span style=\"color: #003366;\">Entrevista realizada por Heidy Sandoval Ruiz<\/span><\/p>\n<\/div>\n\n\n\n\n<p><\/p>\n\n\n\n<figure class=\"wp-block-image\"><img loading=\"lazy\" decoding=\"async\" width=\"960\" height=\"720\" src=\"https:\/\/heidysandovalruiz.com\/wp-content\/uploads\/2019\/11\/1375915_592470380812177_1406274787_n.jpg\" alt=\"\" class=\"wp-image-6450\" srcset=\"https:\/\/heidysandovalruiz.com\/wp-content\/uploads\/2019\/11\/1375915_592470380812177_1406274787_n.jpg 960w, https:\/\/heidysandovalruiz.com\/wp-content\/uploads\/2019\/11\/1375915_592470380812177_1406274787_n-300x225.jpg 300w, https:\/\/heidysandovalruiz.com\/wp-content\/uploads\/2019\/11\/1375915_592470380812177_1406274787_n-768x576.jpg 768w, https:\/\/heidysandovalruiz.com\/wp-content\/uploads\/2019\/11\/1375915_592470380812177_1406274787_n-678x509.jpg 678w, https:\/\/heidysandovalruiz.com\/wp-content\/uploads\/2019\/11\/1375915_592470380812177_1406274787_n-326x245.jpg 326w, https:\/\/heidysandovalruiz.com\/wp-content\/uploads\/2019\/11\/1375915_592470380812177_1406274787_n-80x60.jpg 80w\" sizes=\"auto, (max-width: 960px) 100vw, 960px\" \/><\/figure>\n\n\n\n<figure class=\"wp-block-image\"><img loading=\"lazy\" decoding=\"async\" width=\"720\" height=\"438\" src=\"https:\/\/heidysandovalruiz.com\/wp-content\/uploads\/2019\/11\/1239575_571615092897706_1802657669_n.jpg\" alt=\"\" class=\"wp-image-6448\" srcset=\"https:\/\/heidysandovalruiz.com\/wp-content\/uploads\/2019\/11\/1239575_571615092897706_1802657669_n.jpg 720w, https:\/\/heidysandovalruiz.com\/wp-content\/uploads\/2019\/11\/1239575_571615092897706_1802657669_n-300x183.jpg 300w\" sizes=\"auto, (max-width: 720px) 100vw, 720px\" \/><\/figure>\n\n\n\n<div class=\"wp-block-image\"><figure class=\"aligncenter\"><img loading=\"lazy\" decoding=\"async\" width=\"900\" height=\"600\" src=\"https:\/\/heidysandovalruiz.com\/wp-content\/uploads\/2019\/11\/Gerardo-trio-los-inseparables.jpg\" alt=\"\" class=\"wp-image-6447\" srcset=\"https:\/\/heidysandovalruiz.com\/wp-content\/uploads\/2019\/11\/Gerardo-trio-los-inseparables.jpg 900w, https:\/\/heidysandovalruiz.com\/wp-content\/uploads\/2019\/11\/Gerardo-trio-los-inseparables-300x200.jpg 300w, https:\/\/heidysandovalruiz.com\/wp-content\/uploads\/2019\/11\/Gerardo-trio-los-inseparables-768x512.jpg 768w\" sizes=\"auto, (max-width: 900px) 100vw, 900px\" \/><\/figure><\/div>\n\n\n\n<p><\/p>\n\n\n\n\n\n\n\n\n\n\n\n\n\n<ul class=\"wp-block-list\"><li><\/li><\/ul>\n\n\n\n<p><\/p>\n\n\n\n<pre class=\"wp-block-code\"><code><\/code><\/pre>\n\n\n","protected":false},"excerpt":{"rendered":"<div class=\"mh-excerpt\"><p>Hoy en \u201cLa cara amiga de nuestros invitados\u201d, conversaremos con el director de un tr\u00edo que sin duda alguna es el orgullo art\u00edstico altaverapacense, \u201cLos <a class=\"mh-excerpt-more\" href=\"https:\/\/heidysandovalruiz.com\/?p=702\" title=\"La cara amiga de \u00abLos Inseparables\u00bb\">[&#8230;]<\/a><\/p>\n<\/div>","protected":false},"author":4,"featured_media":703,"comment_status":"closed","ping_status":"closed","sticky":false,"template":"","format":"standard","meta":{"footnotes":""},"categories":[16],"tags":[64],"class_list":["post-702","post","type-post","status-publish","format-standard","has-post-thumbnail","hentry","category-la-cara-amiga","tag-la-cara-amiga-de-trio-los-inseparables"],"_links":{"self":[{"href":"https:\/\/heidysandovalruiz.com\/index.php?rest_route=\/wp\/v2\/posts\/702","targetHints":{"allow":["GET"]}}],"collection":[{"href":"https:\/\/heidysandovalruiz.com\/index.php?rest_route=\/wp\/v2\/posts"}],"about":[{"href":"https:\/\/heidysandovalruiz.com\/index.php?rest_route=\/wp\/v2\/types\/post"}],"author":[{"embeddable":true,"href":"https:\/\/heidysandovalruiz.com\/index.php?rest_route=\/wp\/v2\/users\/4"}],"replies":[{"embeddable":true,"href":"https:\/\/heidysandovalruiz.com\/index.php?rest_route=%2Fwp%2Fv2%2Fcomments&post=702"}],"version-history":[{"count":7,"href":"https:\/\/heidysandovalruiz.com\/index.php?rest_route=\/wp\/v2\/posts\/702\/revisions"}],"predecessor-version":[{"id":6451,"href":"https:\/\/heidysandovalruiz.com\/index.php?rest_route=\/wp\/v2\/posts\/702\/revisions\/6451"}],"wp:featuredmedia":[{"embeddable":true,"href":"https:\/\/heidysandovalruiz.com\/index.php?rest_route=\/wp\/v2\/media\/703"}],"wp:attachment":[{"href":"https:\/\/heidysandovalruiz.com\/index.php?rest_route=%2Fwp%2Fv2%2Fmedia&parent=702"}],"wp:term":[{"taxonomy":"category","embeddable":true,"href":"https:\/\/heidysandovalruiz.com\/index.php?rest_route=%2Fwp%2Fv2%2Fcategories&post=702"},{"taxonomy":"post_tag","embeddable":true,"href":"https:\/\/heidysandovalruiz.com\/index.php?rest_route=%2Fwp%2Fv2%2Ftags&post=702"}],"curies":[{"name":"wp","href":"https:\/\/api.w.org\/{rel}","templated":true}]}}