{"id":705,"date":"2013-12-25T21:04:36","date_gmt":"2013-12-25T21:04:36","guid":{"rendered":"http:\/\/heidysandovalruiz.com\/?p=705"},"modified":"2014-01-16T22:45:15","modified_gmt":"2014-01-16T22:45:15","slug":"la-cara-amiga-de-pedro-boche","status":"publish","type":"post","link":"https:\/\/heidysandovalruiz.com\/?p=705","title":{"rendered":"La cara amiga de \u00abPedro Boche\u00bb"},"content":{"rendered":"<div>\n<p style=\"text-align: justify;\"><span lang=\"ES-GT\"><span style=\"color: #351c75; font-family: 'Helvetica Neue', Arial, Helvetica, sans-serif;\">Hoy en \u201c<b>La cara amiga de nuestros invitados<\/b>\u201d, comparto con ustedes la entrevista realizada a un cantautor antig\u00fce\u00f1o que se ha presentado en diversos escenarios del pa\u00eds en conciertos exclusivamente de canciones propias.\u00a0 Un joven que a los 17 a\u00f1os escribi\u00f3 su primera canci\u00f3n y que ha continuado creciendo art\u00edsticamente para orgullo de los antig\u00fce\u00f1os y de Guatemala.\u00a0 El es\u00a0<b>Pedro Boche\u00a0<\/b>quien acept\u00f3 conversar con nosotros en este espacio, donde se puede decir lo que se quiere y lo que en otros medios no se puede.<\/span><\/span><\/p>\n<\/div>\n<div style=\"text-align: justify;\">\n<p><span lang=\"ES-GT\"><span style=\"color: #351c75; font-family: 'Helvetica Neue', Arial, Helvetica, sans-serif;\">Bienvenido a este espacio y gracias por aceptar esta entrevista, en donde nos contar\u00e1s muchas cosas que aun no sabemos sobre tu persona.<\/span><\/span><\/p>\n<\/div>\n<div style=\"text-align: justify;\">\n<p><span lang=\"ES-GT\"><span style=\"color: #351c75; font-family: 'Helvetica Neue', Arial, Helvetica, sans-serif;\"><b>\u00bfC\u00f3mo se define Pedro antes y despu\u00e9s del a\u00f1o 2005?<\/b>\u00a0Hola, Heidy, gracias por la entrevista. Bueno, yo me definir\u00eda como un hombre t\u00edmido, mucho m\u00e1s de lo que soy ahora. En esa \u00e9poca yo prefer\u00eda estar durante horas y horas cantando bajito para que no me escuchara mi familia, escribiendo historias que cre\u00eda que s\u00f3lo me interesaban a m\u00ed. Luego me percat\u00e9 que lo que escrib\u00eda en ese encierro tambi\u00e9n gustaba a mis amigos del colegio y otros que no conoc\u00eda. Observ\u00e9 que la timidez, donde lograba escuchar la voz de mi imaginaci\u00f3n, generaba una conexi\u00f3n humana que me gust\u00f3, porque me permit\u00eda conocer otros universos, otras personas. Despu\u00e9s del a\u00f1o 2005, me definir\u00eda como un hombre que le gusta descubrir, afuera, en el mundo cotidiano.<\/span><\/span><\/p>\n<\/div>\n<div style=\"text-align: justify;\">\n<p><span lang=\"ES-GT\"><span style=\"color: #351c75; font-family: 'Helvetica Neue', Arial, Helvetica, sans-serif;\"><b>\u00bfQu\u00e9 significado tiene para ti \u201cTalent Tour\u201d? \u00a0<\/b><\/span><\/span><span style=\"color: #351c75; font-family: 'Helvetica Neue', Arial, Helvetica, sans-serif;\">Una puerta, un experimento y un reto. Fue un reto porque fue la primera vez que cant\u00e9 en un escenario ante un p\u00fablico de la capital y Antigua Guatemala, compitiendo contra varios cantantes de ambas ciudades. Por eso mismo creo que fue un experimento que s\u00ed funcion\u00f3 porque yo quer\u00eda participar con una canci\u00f3n m\u00eda y al final as\u00ed fue, particip\u00e9 con una canci\u00f3n que se llama \u201cLa banca\u201d y gan\u00e9. Creo que sobre todo, el Talent Tour fue una puerta por donde entr\u00f3 la confianza. Empec\u00e9 a creer que mis canciones pod\u00edan aportar algo, formar parte de otras vidas.<\/span><\/p>\n<\/div>\n<div style=\"text-align: justify;\">\n<p><span lang=\"ES-GT\"><span style=\"color: #351c75; font-family: 'Helvetica Neue', Arial, Helvetica, sans-serif;\"><b>\u00bfSigues esperando a la mujer de la banca?\u00a0<\/b>\u00a0Me gustar\u00eda que le cuentes a los lectores porque te hago esta pregunta. S\u00ed, creo que todav\u00eda sigo esperando que regrese y sea ella quien nos explique qu\u00e9 pas\u00f3 (jajaja). La canci\u00f3n \u201cLa banca\u201d es un relato en primera persona sobre una historia ver\u00eddica. Estaba sentado en el Parque Central de Antigua junto a una chica que me gustaba, est\u00e1bamos platicando y de repente se puso de pie, me dio un beso en la mejilla, se ri\u00f3 en mi o\u00eddo y se fue.<\/span><\/span><\/p>\n<\/div>\n<div style=\"text-align: justify;\">\n<p><span lang=\"ES-GT\"><span style=\"color: #351c75; font-family: 'Helvetica Neue', Arial, Helvetica, sans-serif;\">Hasta ahora no he entendido que fue lo que pas\u00f3, aunque tengo varias hip\u00f3tesis\u2026 (jajaja) lo bueno que me dej\u00f3 esta canci\u00f3n y eso siempre se agradece.<\/span><\/span><\/p>\n<\/div>\n<div style=\"text-align: justify;\">\n<p><span lang=\"ES-GT\"><span style=\"color: #351c75; font-family: 'Helvetica Neue', Arial, Helvetica, sans-serif;\"><b>\u00bfEn qu\u00e9 lugares de la capital has actuado?\u00a0<\/b><\/span><\/span><span style=\"color: #351c75; font-family: 'Helvetica Neue', Arial, Helvetica, sans-serif;\">En Casa del \u00c1guila, en el Expocenter del Tikal Futura Hotel, en varios Auditorios de la USAC y recientemente en Solo Teatro Avenida Las Am\u00e9ricas, donde gan\u00e9 una beca en Staccato Singers Academy. Empiezo a estudiar el pr\u00f3ximo a\u00f1o aqu\u00ed en la capital. Seguramente tendr\u00e9 m\u00e1s toques aqu\u00ed.<\/span><\/p>\n<\/div>\n<div style=\"text-align: justify;\">\n<p><span lang=\"ES-GT\"><span style=\"color: #351c75; font-family: 'Helvetica Neue', Arial, Helvetica, sans-serif;\"><b>\u00bfQu\u00e9 tipo de covers te gusta interpretar?\u00a0<\/b><\/span><\/span><span style=\"color: #351c75; font-family: 'Helvetica Neue', Arial, Helvetica, sans-serif;\">De Luis Alberto Spinetta sobretodo, me parece que son covers que cada vez puedes encontrarles algo nuevo que interpretarle a la letra o una nueva armon\u00eda. Tambi\u00e9n me gusta mucho hacer covers de Jorge Drexler, Zo\u00e9, Bohemia Suburbana, The Beatles y Radiohead. Casi siempre el repertorio depende del momento, pero ese es el tipo de covers que me hacen sentir m\u00e1s feliz.<\/span><\/p>\n<\/div>\n<div style=\"text-align: justify;\">\n<p><span lang=\"ES-GT\"><span style=\"color: #351c75; font-family: 'Helvetica Neue', Arial, Helvetica, sans-serif;\"><b>H\u00e1blanos de Baisound Studios?\u00a0<\/b><\/span><\/span><span style=\"color: #351c75; font-family: 'Helvetica Neue', Arial, Helvetica, sans-serif;\">Baisound Studios es la productora de mi primer sencillo. Tengo un amor que est\u00e1 lejos, que nos ha dado grandes satisfacciones. Es dirigida por un gran amigo y m\u00fasico colega, Joaqu\u00edn Baiza, con quien venimos trabajando desde hace tiempo en diversos eventos, no s\u00f3lo a nivel de grabaci\u00f3n sino tambi\u00e9n en amplificaci\u00f3n de sonido.<\/span><\/p>\n<\/div>\n<div style=\"text-align: justify;\">\n<p><span lang=\"ES-GT\"><span style=\"color: #351c75; font-family: 'Helvetica Neue', Arial, Helvetica, sans-serif;\"><b>\u00bfQu\u00e9 crees que tu personalidad absorba m\u00e1s, la de periodista, int\u00e9rprete o compositor?<\/b>\u00a0Pienso que las tres personalidades se entrelazan. Por ejemplo, al momento de componer una canci\u00f3n puedo tomar informaci\u00f3n de alg\u00fan reportaje period\u00edstico y hacer una cr\u00edtica hacia los problemas nacionales.<\/span><\/span><\/p>\n<\/div>\n<div style=\"text-align: justify;\">\n<p><span lang=\"ES-GT\"><span style=\"color: #351c75; font-family: 'Helvetica Neue', Arial, Helvetica, sans-serif;\">Por ejemplo, en la canci\u00f3n \u201cA siete pisos de la tierra\u201d, hablo acerca del suicidio de una chica que est\u00e1 parada de pie en la terraza de un edificio de siete pisos de altura. O por ejemplo, en la canci\u00f3n \u201cMartes en el autob\u00fas\u201d, hablo acerca de la zozobra que se vive en los buses de la ciudad por un asalto o un asesinato.<\/span><\/span><\/p>\n<\/div>\n<div style=\"text-align: justify;\">\n<p><span lang=\"ES-GT\"><span style=\"color: #351c75; font-family: 'Helvetica Neue', Arial, Helvetica, sans-serif;\">Entonces creo que cuando canto estas canciones, en ese momento preciso confluye el compositor, el periodista y el int\u00e9rprete hasta que se hace dif\u00edcil desligarlos y se convierten en una sola cosa.<\/span><\/span><\/p>\n<\/div>\n<div style=\"text-align: justify;\">\n<p><span lang=\"ES-GT\"><span style=\"color: #351c75; font-family: 'Helvetica Neue', Arial, Helvetica, sans-serif;\"><b>\u00bfC\u00f3mo logras que las personas se conecten con tu m\u00fasica?\u00a0<\/b><\/span><\/span><span style=\"color: #351c75; font-family: 'Helvetica Neue', Arial, Helvetica, sans-serif;\">Creo que lo que hago es conectarme conmigo mismo. Canto una canci\u00f3n y saboreo cada palabra, enton\u00e1ndola con la fuerza que demande la palabra misma, vuelvo a ver en mi cabeza fragmentos de una historia relacionada al tema, disfrutando de cada nota por peque\u00f1a que sea hasta sumergirme. En ese momento la canci\u00f3n me rebalsa y creo que eso es lo que genera la conexi\u00f3n, todo depende de conectarse con uno mismo.<\/span><\/p>\n<\/div>\n<div style=\"text-align: justify;\">\n<p><span lang=\"ES-GT\"><span style=\"color: #351c75; font-family: 'Helvetica Neue', Arial, Helvetica, sans-serif;\"><b>\u00bfD\u00f3nde se pueden escuchar tus canciones? \u00a0<\/b><\/span><\/span><span style=\"color: #351c75; font-family: 'Helvetica Neue', Arial, Helvetica, sans-serif;\">En los sitios webBandcamp, Reverbnation y Soundcloud todos con el nombre \/pedroboche. Pueden escucharlas y descargarlas si les gustan.<\/span><\/p>\n<\/div>\n<div style=\"text-align: justify;\">\n<p><span lang=\"ES-GT\"><span style=\"color: #351c75; font-family: 'Helvetica Neue', Arial, Helvetica, sans-serif;\"><b>\u00bfLas radios de Antigua o Guatemala las colocan en su programaci\u00f3n?<\/b>\u00a0S\u00ed hemos recibido apoyo de la prensa, por ejemplo Los 40 Principales y Radio Antigua FM la colocan en su programaci\u00f3n habitual.<\/span><\/span><\/p>\n<\/div>\n<div style=\"text-align: justify;\">\n<p><span lang=\"ES-GT\"><span style=\"color: #351c75; font-family: 'Helvetica Neue', Arial, Helvetica, sans-serif;\"><b>Qu\u00e9 apoyo has recibido de los medios de comunicaci\u00f3n?\u00a0<\/b><\/span><\/span><span style=\"color: #351c75; font-family: 'Helvetica Neue', Arial, Helvetica, sans-serif;\">La prensa escrita nivel nacional me ha apoyado mucho. Por ejemplo el Suplemento Cultural de La Hora ha dedicado varias notas informativas sobre mi trabajo y Prensa Libre mediante Revista D profundiz\u00f3 en mi vida de autor en junio de este a\u00f1o. Radio Nuevo Mundo ha apoyado en varias ocasiones y he estado con ellos en sus programas. Creo que en la medida en que vaya trabajando m\u00e1s y m\u00e1s, los medios de comunicaci\u00f3n tendr\u00e1n m\u00e1s noticias que dar sobre el trabajo que estoy realizando.<\/span><\/p>\n<\/div>\n<div style=\"text-align: justify;\">\n<p><span lang=\"ES-GT\"><span style=\"color: #351c75; font-family: 'Helvetica Neue', Arial, Helvetica, sans-serif;\"><b>\u00bfTe gustan los animales? \u00bfQu\u00e9 opinas de la labor que realiza AMA? \u00a0<\/b><\/span><\/span><span style=\"color: #351c75; font-family: 'Helvetica Neue', Arial, Helvetica, sans-serif;\">Me gustan mucho los animales, tengo una tortuga que se llama Whisky y siete peces dorados que se llaman como los d\u00edas de la semana (Lunes, Martes, Mi\u00e9rcoles\u2026 jajaja)<\/span><\/p>\n<\/div>\n<div style=\"text-align: justify;\">\n<p><span lang=\"ES-GT\"><span style=\"color: #351c75; font-family: 'Helvetica Neue', Arial, Helvetica, sans-serif;\">La labor del activismo social en general me parece una labor compleja por los retos que plantea. Por ejemplo, en el Colectivo Los Patojos, realizamos varios eventos para generar conciencia en la poblaci\u00f3n y eso demanda que est\u00e9s informado de las leyes, de estad\u00edsticas y sobretodo sepas debatir y defender tu punto. En el caso espec\u00edfico de la protecci\u00f3n animal, la labor es complicada no s\u00f3lo por la escasa cultura de protecci\u00f3n de la vida en todo sentido, sino por lo peligrosos que pueden llegar a ser los que cometen los abusos. Por eso yo admiro much\u00edsimo la persistencia de los activistas sociales de AMA, porque son ejemplo de que la vida siempre persiste a pesar de la cultura de muerte en que vivimos.<\/span><\/span><\/p>\n<\/div>\n<div style=\"text-align: justify;\">\n<p><span lang=\"ES-GT\"><span style=\"color: #351c75; font-family: 'Helvetica Neue', Arial, Helvetica, sans-serif;\"><b>\u00bfSi hubiera un concierto a beneficio de alguna entidad y piden tu apoyo aceptar\u00edas?\u00a0<\/b>Por supuesto, de hecho acabo de regresar de Xela donde estuve colaborando con mis amigos de la Asociaci\u00f3n Amigo Fiel, donde lo que se busca es fomentar la adopci\u00f3n de animales en vez de su compra. Con esa acci\u00f3n pod\u00e9s cambiarle la vida a un animal y tambi\u00e9n ayudar a que la ciudad tenga menos animales callejeros.<\/span><\/span><\/p>\n<\/div>\n<div style=\"text-align: justify;\">\n<p><span lang=\"ES-GT\"><span style=\"color: #351c75; font-family: 'Helvetica Neue', Arial, Helvetica, sans-serif;\"><b>\u201cEstamos lejanos\u201d un disco cuyas canciones giran al tema de la distancia \u00bfpor qu\u00e9?<\/b>\u00a0Porque me di cuenta que he estado escribiendo mucho acerca de la distancia y necesito hablar sobre eso. Pero no de cualquier distancia com\u00fan y corriente que nos toca por alg\u00fan viaje, sino de la distancia m\u00e1s tr\u00e1gica que puede existir en la vida. Digamos que no es una distancia f\u00edsica que puede ser solucionada con un acercamiento entre dos seres sino un trecho espiritual en el cual no existe soluci\u00f3n. Todas las canciones van a dar fragmentos de una sola historia y estar\u00e1n hilvanadas por fragmentos de poes\u00eda y un breve relato que genere una historia afuera de las canciones mismas.<\/span><\/span><\/p>\n<\/div>\n<div style=\"text-align: justify;\">\n<p><span lang=\"ES-GT\"><span style=\"color: #351c75; font-family: 'Helvetica Neue', Arial, Helvetica, sans-serif;\"><b>Si llevaras una serenata para conquistar a la mujer de tus sue\u00f1os, \u00bfqu\u00e9 canci\u00f3n le dedicar\u00edas que no fuera de tu autor\u00eda? \u00a0<\/b><\/span><\/span><span style=\"color: #351c75; font-family: 'Helvetica Neue', Arial, Helvetica, sans-serif;\">Mi Elemento, del disco Un ma\u00f1ana de \u201cEl Flaco\u201d Spinetta. Me encanta esa canci\u00f3n y el estar seguro de lo que estoy cantando me pondr\u00eda menos nervioso. La letra es muy tierna y el mensaje muy claro: t\u00fa eres mi elemento.<\/span><\/p>\n<\/div>\n<div style=\"text-align: justify;\">\n<p><span lang=\"ES-GT\"><span style=\"color: #351c75; font-family: 'Helvetica Neue', Arial, Helvetica, sans-serif;\"><b>\u00bfTe gustan los boleros?\u00a0 \u00bfLos interpretas? \u00a0<\/b><\/span><\/span><span style=\"color: #351c75; font-family: 'Helvetica Neue', Arial, Helvetica, sans-serif;\">Me gustan mucho, son muy dulces y al mismo tiempo varoniles. Interpreto algunos, creo que las mejores versiones que tengo son de<\/span><span style=\"color: #351c75; font-family: 'Helvetica Neue', Arial, Helvetica, sans-serif;\">\u00a0\u00a0<\/span><span style=\"color: #351c75; font-family: 'Helvetica Neue', Arial, Helvetica, sans-serif;\">Piel Canela y Reloj, que es mi favorita.<\/span><\/p>\n<\/div>\n<div style=\"text-align: justify;\">\n<p><span lang=\"ES-GT\"><span style=\"color: #351c75; font-family: 'Helvetica Neue', Arial, Helvetica, sans-serif;\"><b>\u00bfC\u00f3mo celebras las fiestas de Navidad? \u00a0<\/b><\/span><\/span><span style=\"color: #351c75; font-family: 'Helvetica Neue', Arial, Helvetica, sans-serif;\">Comprando pocas cosas, como una forma de rechazar el consumismo de estas fechas y de empezar sin deudas enero. (jajaja) No suelo regalarme ni regalar cosas materiales demasiado caras, m\u00e1s bien creo que haber tenido una buena convivencia todos los d\u00edas con los dem\u00e1s, y haber trabajado con fuerza durante todo el a\u00f1o es suficiente para enfrentar con energ\u00eda el a\u00f1o siguiente.<\/span><\/p>\n<\/div>\n<div style=\"text-align: justify;\">\n<p><span lang=\"ES-GT\"><span style=\"color: #351c75; font-family: 'Helvetica Neue', Arial, Helvetica, sans-serif;\"><b>\u00bfQu\u00e9 proyectos hay para el pr\u00f3ximo a\u00f1o? \u00a0<\/b><\/span><\/span><span style=\"color: #351c75; font-family: 'Helvetica Neue', Arial, Helvetica, sans-serif;\">Sobre todo aprovechar al m\u00e1ximo el aprendizaje de los profesores de la beca en Staccato Singers Academy, eso es lo que quiero hacer ahora, aprender m\u00e1s. Este a\u00f1o voy a terminar de producir mi disco debut \u201cEstamos lejanos\u201d, voy a difundir mis canciones a m\u00e1s personas, voy a seguir cantando mis canciones y voy a disfrutar del viaje.<\/span><\/p>\n<\/div>\n<div style=\"text-align: justify;\">\n<p><span lang=\"ES-GT\"><span style=\"color: #351c75; font-family: 'Helvetica Neue', Arial, Helvetica, sans-serif;\">Gracias por haber aceptado compartir con \u201c<b>Los invitados de Heidy<\/b>\u201d tus inquietudes y proyectos.<\/span><\/span><\/p>\n<\/div>\n<div>\n<p>&nbsp;<\/p>\n<\/div>\n<div>\n<p><span lang=\"ES-GT\"><span style=\"color: #351c75; font-family: 'Helvetica Neue', Arial, Helvetica, sans-serif;\">Muchas gracias a ti, Heidy.<\/span><\/span><\/p>\n<\/div>\n<div>\n<p>&nbsp;<\/p>\n<\/div>\n<div>\n<p><b><span lang=\"ES-GT\"><span style=\"color: #351c75; font-family: 'Helvetica Neue', Arial, Helvetica, sans-serif; font-size: small;\"><i>Entrevista realizada por Heidy Sandoval Ruiz<\/i><\/span><\/span><\/b><\/p>\n<\/div>\n<div>\n<p>&nbsp;<\/p>\n<\/div>\n<div>\n<p>&nbsp;<\/p>\n<\/div>\n<div>\n<p>&nbsp;<\/p>\n<\/div>\n<div>\n<p>&nbsp;<\/p>\n<\/div>\n<p>&nbsp;<\/p>\n<div><\/div>\n","protected":false},"excerpt":{"rendered":"<div class=\"mh-excerpt\"><p>Hoy en \u201cLa cara amiga de nuestros invitados\u201d, comparto con ustedes la entrevista realizada a un cantautor antig\u00fce\u00f1o que se ha presentado en diversos escenarios <a class=\"mh-excerpt-more\" href=\"https:\/\/heidysandovalruiz.com\/?p=705\" title=\"La cara amiga de \u00abPedro Boche\u00bb\">[&#8230;]<\/a><\/p>\n<\/div>","protected":false},"author":4,"featured_media":706,"comment_status":"closed","ping_status":"closed","sticky":false,"template":"","format":"standard","meta":{"footnotes":""},"categories":[16],"tags":[65],"class_list":["post-705","post","type-post","status-publish","format-standard","has-post-thumbnail","hentry","category-la-cara-amiga","tag-la-cara-amiga-de-pedro-boche"],"_links":{"self":[{"href":"https:\/\/heidysandovalruiz.com\/index.php?rest_route=\/wp\/v2\/posts\/705","targetHints":{"allow":["GET"]}}],"collection":[{"href":"https:\/\/heidysandovalruiz.com\/index.php?rest_route=\/wp\/v2\/posts"}],"about":[{"href":"https:\/\/heidysandovalruiz.com\/index.php?rest_route=\/wp\/v2\/types\/post"}],"author":[{"embeddable":true,"href":"https:\/\/heidysandovalruiz.com\/index.php?rest_route=\/wp\/v2\/users\/4"}],"replies":[{"embeddable":true,"href":"https:\/\/heidysandovalruiz.com\/index.php?rest_route=%2Fwp%2Fv2%2Fcomments&post=705"}],"version-history":[{"count":1,"href":"https:\/\/heidysandovalruiz.com\/index.php?rest_route=\/wp\/v2\/posts\/705\/revisions"}],"predecessor-version":[{"id":707,"href":"https:\/\/heidysandovalruiz.com\/index.php?rest_route=\/wp\/v2\/posts\/705\/revisions\/707"}],"wp:featuredmedia":[{"embeddable":true,"href":"https:\/\/heidysandovalruiz.com\/index.php?rest_route=\/wp\/v2\/media\/706"}],"wp:attachment":[{"href":"https:\/\/heidysandovalruiz.com\/index.php?rest_route=%2Fwp%2Fv2%2Fmedia&parent=705"}],"wp:term":[{"taxonomy":"category","embeddable":true,"href":"https:\/\/heidysandovalruiz.com\/index.php?rest_route=%2Fwp%2Fv2%2Fcategories&post=705"},{"taxonomy":"post_tag","embeddable":true,"href":"https:\/\/heidysandovalruiz.com\/index.php?rest_route=%2Fwp%2Fv2%2Ftags&post=705"}],"curies":[{"name":"wp","href":"https:\/\/api.w.org\/{rel}","templated":true}]}}