{"id":7364,"date":"2021-09-01T18:26:58","date_gmt":"2021-09-01T18:26:58","guid":{"rendered":"http:\/\/heidysandovalruiz.com\/?p=7364"},"modified":"2021-09-04T20:12:55","modified_gmt":"2021-09-04T20:12:55","slug":"gala-de-la-cancion-bicentenario-de-guatemala","status":"publish","type":"post","link":"https:\/\/heidysandovalruiz.com\/?p=7364","title":{"rendered":"Gala de la Canci\u00f3n \u00abBicentenario de Guatemala\u00bb"},"content":{"rendered":"\n<p>Con el prop\u00f3sito de dar a\nconocer el repertorio musical con el que contamos los guatemaltecos, se cre\u00f3\nuno de los espect\u00e1culos que durante 28 a\u00f1os se ha presentado consecutivamente,\nla \u201cGala de la Canci\u00f3n Guatemalteca\u201d, el cual surgi\u00f3 a inquietud de Heidy Sandoval\nRuiz y en 1994 se present\u00f3 como un proyecto al Comit\u00e9 Permanente Pro-festejos\nde la Independencia Nacional siendo aprobado por la Licenciada Silvia Tejeda de\nJim\u00e9nez, Gobernadora Departamental y Presidenta del Comit\u00e9 en ese entonces.<\/p>\n\n\n\n<p>Es un espect\u00e1culo \u00fanico de\nsu g\u00e9nero en nuestro pa\u00eds, pues en este programa musical se pueden escuchar\ncanciones nacionales con diversidad de g\u00e9neros como el rom\u00e1ntico, la balada, el\nmerengue, marimba, la salsa entre otros, que se han presentado con gran \u00e9xito\nen la Gran Sala del Teatro Nacional. &nbsp;<\/p>\n\n\n\n<p>Sin embargo, en el 2020 no\nse llev\u00f3 a cabo presencialmente por la pandemia que limit\u00f3 muchas actividades,\npero se ofreci\u00f3 una transmisi\u00f3n donde se seleccionaron varios videos de\ndiferentes galas.&nbsp; Este a\u00f1o hemos querido\npresentar la \u201cGala de la Canci\u00f3n Bicentenario de Guatemala\u201d para que nuevamente\nnos acompa\u00f1en en la edici\u00f3n 28 de este evento, que tendr\u00e1 lugar el s\u00e1bado 18 de\nseptiembre a las 19:30 horas a trav\u00e9s de Youtube \u201cGala de la Canci\u00f3n\nGuatemalteca\u201d o en <a href=\"https:\/\/www.facebook.com\/galadelacancionguatemalteca\">https:\/\/www.facebook.com\/galadelacancionguatemalteca<\/a><\/p>\n\n\n\n<p>En esta oportunidad y para festejar el \u201cBicentenario de Guatemala\u201d se tiene contemplado brindar virtualmente un evento que reunir\u00e1 a varios artistas que han preparado una exquisita velada para que disfruten en la comodidad de su hogar junto a su familia. El elenco est\u00e1 integrado por: Arturo Xicay, Grupo Frakmentos, Rebeca Morales \u201cRebesalsa\u201d, Herman May, \u00c9poca El Grupo, Mario Vallar y su banda, Cynthia Arana, David Avalos, Carlos Cu\u00e9llar, Javier Garist\u00fa y Duarte Band.   La conducci\u00f3n del evento estar\u00e1 a cargo de Carlos de Triana, Luis Pellecer, Heidy Sandoval Ruiz, Luis Garist\u00fa y Dabner Ort\u00edz. <\/p>\n\n\n\n<ul class=\"wp-block-gallery columns-1 is-cropped wp-block-gallery-1 is-layout-flex wp-block-gallery-is-layout-flex\"><li class=\"blocks-gallery-item\"><figure><img loading=\"lazy\" decoding=\"async\" width=\"363\" height=\"808\" src=\"https:\/\/heidysandovalruiz.com\/wp-content\/uploads\/2021\/09\/1.jpg\" alt=\"\" data-id=\"7366\" data-link=\"https:\/\/heidysandovalruiz.com\/?attachment_id=7366\" class=\"wp-image-7366\" srcset=\"https:\/\/heidysandovalruiz.com\/wp-content\/uploads\/2021\/09\/1.jpg 363w, https:\/\/heidysandovalruiz.com\/wp-content\/uploads\/2021\/09\/1-135x300.jpg 135w\" sizes=\"auto, (max-width: 363px) 100vw, 363px\" \/><figcaption>Cynthia Arana<\/figcaption><\/figure><\/li><li class=\"blocks-gallery-item\"><figure><img loading=\"lazy\" decoding=\"async\" width=\"288\" height=\"289\" src=\"https:\/\/heidysandovalruiz.com\/wp-content\/uploads\/2021\/09\/2.jpg\" alt=\"\" data-id=\"7367\" data-link=\"https:\/\/heidysandovalruiz.com\/?attachment_id=7367\" class=\"wp-image-7367\" srcset=\"https:\/\/heidysandovalruiz.com\/wp-content\/uploads\/2021\/09\/2.jpg 288w, https:\/\/heidysandovalruiz.com\/wp-content\/uploads\/2021\/09\/2-150x150.jpg 150w\" sizes=\"auto, (max-width: 288px) 100vw, 288px\" \/><figcaption>Carlos Cu\u00e9llar<\/figcaption><\/figure><\/li><li class=\"blocks-gallery-item\"><figure><img loading=\"lazy\" decoding=\"async\" width=\"362\" height=\"466\" src=\"https:\/\/heidysandovalruiz.com\/wp-content\/uploads\/2021\/09\/3.jpg\" alt=\"\" data-id=\"7368\" data-link=\"https:\/\/heidysandovalruiz.com\/?attachment_id=7368\" class=\"wp-image-7368\" srcset=\"https:\/\/heidysandovalruiz.com\/wp-content\/uploads\/2021\/09\/3.jpg 362w, https:\/\/heidysandovalruiz.com\/wp-content\/uploads\/2021\/09\/3-233x300.jpg 233w\" sizes=\"auto, (max-width: 362px) 100vw, 362px\" \/><figcaption>Duarte Band<\/figcaption><\/figure><\/li><li class=\"blocks-gallery-item\"><figure><img loading=\"lazy\" decoding=\"async\" width=\"270\" height=\"270\" src=\"https:\/\/heidysandovalruiz.com\/wp-content\/uploads\/2021\/09\/4.jpg\" alt=\"\" data-id=\"7369\" data-link=\"https:\/\/heidysandovalruiz.com\/?attachment_id=7369\" class=\"wp-image-7369\" srcset=\"https:\/\/heidysandovalruiz.com\/wp-content\/uploads\/2021\/09\/4.jpg 270w, https:\/\/heidysandovalruiz.com\/wp-content\/uploads\/2021\/09\/4-150x150.jpg 150w\" sizes=\"auto, (max-width: 270px) 100vw, 270px\" \/><figcaption>Frakmentos<\/figcaption><\/figure><\/li><li class=\"blocks-gallery-item\"><figure><img loading=\"lazy\" decoding=\"async\" width=\"216\" height=\"186\" src=\"https:\/\/heidysandovalruiz.com\/wp-content\/uploads\/2021\/09\/5.jpg\" alt=\"\" data-id=\"7370\" data-link=\"https:\/\/heidysandovalruiz.com\/?attachment_id=7370\" class=\"wp-image-7370\"\/><figcaption>David Avalos<\/figcaption><\/figure><\/li><li class=\"blocks-gallery-item\"><figure><img loading=\"lazy\" decoding=\"async\" width=\"389\" height=\"519\" src=\"https:\/\/heidysandovalruiz.com\/wp-content\/uploads\/2021\/09\/6.jpg\" alt=\"\" data-id=\"7371\" data-link=\"https:\/\/heidysandovalruiz.com\/?attachment_id=7371\" class=\"wp-image-7371\" srcset=\"https:\/\/heidysandovalruiz.com\/wp-content\/uploads\/2021\/09\/6.jpg 389w, https:\/\/heidysandovalruiz.com\/wp-content\/uploads\/2021\/09\/6-225x300.jpg 225w\" sizes=\"auto, (max-width: 389px) 100vw, 389px\" \/><figcaption><em>Herman May<\/em><\/figcaption><\/figure><\/li><li class=\"blocks-gallery-item\"><figure><img loading=\"lazy\" decoding=\"async\" width=\"342\" height=\"290\" src=\"https:\/\/heidysandovalruiz.com\/wp-content\/uploads\/2021\/09\/8.jpg\" alt=\"\" data-id=\"7372\" data-link=\"https:\/\/heidysandovalruiz.com\/?attachment_id=7372\" class=\"wp-image-7372\" srcset=\"https:\/\/heidysandovalruiz.com\/wp-content\/uploads\/2021\/09\/8.jpg 342w, https:\/\/heidysandovalruiz.com\/wp-content\/uploads\/2021\/09\/8-300x254.jpg 300w\" sizes=\"auto, (max-width: 342px) 100vw, 342px\" \/><figcaption>Arturo Xicay<\/figcaption><\/figure><\/li><li class=\"blocks-gallery-item\"><figure><img loading=\"lazy\" decoding=\"async\" width=\"268\" height=\"404\" src=\"https:\/\/heidysandovalruiz.com\/wp-content\/uploads\/2021\/09\/9.jpg\" alt=\"\" data-id=\"7373\" data-link=\"https:\/\/heidysandovalruiz.com\/?attachment_id=7373\" class=\"wp-image-7373\" srcset=\"https:\/\/heidysandovalruiz.com\/wp-content\/uploads\/2021\/09\/9.jpg 268w, https:\/\/heidysandovalruiz.com\/wp-content\/uploads\/2021\/09\/9-199x300.jpg 199w\" sizes=\"auto, (max-width: 268px) 100vw, 268px\" \/><figcaption>Mario Vallar<\/figcaption><\/figure><\/li><li class=\"blocks-gallery-item\"><figure><img loading=\"lazy\" decoding=\"async\" width=\"158\" height=\"240\" src=\"https:\/\/heidysandovalruiz.com\/wp-content\/uploads\/2021\/09\/10.jpg\" alt=\"\" data-id=\"7374\" data-link=\"https:\/\/heidysandovalruiz.com\/?attachment_id=7374\" class=\"wp-image-7374\"\/><figcaption>Javier Garist\u00fa<\/figcaption><\/figure><\/li><li class=\"blocks-gallery-item\"><figure><img loading=\"lazy\" decoding=\"async\" width=\"579\" height=\"480\" src=\"https:\/\/heidysandovalruiz.com\/wp-content\/uploads\/2021\/09\/240422280_944197249462473_827906444794543871_n.jpg\" alt=\"\" data-id=\"7386\" data-link=\"https:\/\/heidysandovalruiz.com\/?attachment_id=7386\" class=\"wp-image-7386\" srcset=\"https:\/\/heidysandovalruiz.com\/wp-content\/uploads\/2021\/09\/240422280_944197249462473_827906444794543871_n.jpg 579w, https:\/\/heidysandovalruiz.com\/wp-content\/uploads\/2021\/09\/240422280_944197249462473_827906444794543871_n-300x249.jpg 300w\" sizes=\"auto, (max-width: 579px) 100vw, 579px\" \/><figcaption>Rebesalsa<\/figcaption><\/figure><\/li><li class=\"blocks-gallery-item\"><figure><img loading=\"lazy\" decoding=\"async\" width=\"384\" height=\"256\" src=\"https:\/\/heidysandovalruiz.com\/wp-content\/uploads\/2021\/09\/13-2.jpg\" alt=\"\" data-id=\"7388\" data-link=\"https:\/\/heidysandovalruiz.com\/?attachment_id=7388\" class=\"wp-image-7388\" srcset=\"https:\/\/heidysandovalruiz.com\/wp-content\/uploads\/2021\/09\/13-2.jpg 384w, https:\/\/heidysandovalruiz.com\/wp-content\/uploads\/2021\/09\/13-2-300x200.jpg 300w\" sizes=\"auto, (max-width: 384px) 100vw, 384px\" \/><figcaption>Dabner Ort\u00edz<\/figcaption><\/figure><\/li><li class=\"blocks-gallery-item\"><figure><img loading=\"lazy\" decoding=\"async\" width=\"687\" height=\"1024\" src=\"https:\/\/heidysandovalruiz.com\/wp-content\/uploads\/2021\/09\/received_1143804262689930-687x1024.jpeg\" alt=\"\" data-id=\"7392\" data-link=\"https:\/\/heidysandovalruiz.com\/?attachment_id=7392\" class=\"wp-image-7392\" srcset=\"https:\/\/heidysandovalruiz.com\/wp-content\/uploads\/2021\/09\/received_1143804262689930-687x1024.jpeg 687w, https:\/\/heidysandovalruiz.com\/wp-content\/uploads\/2021\/09\/received_1143804262689930-201x300.jpeg 201w, https:\/\/heidysandovalruiz.com\/wp-content\/uploads\/2021\/09\/received_1143804262689930.jpeg 751w\" sizes=\"auto, (max-width: 687px) 100vw, 687px\" \/><\/figure><\/li><li class=\"blocks-gallery-item\"><figure><img loading=\"lazy\" decoding=\"async\" width=\"864\" height=\"434\" src=\"https:\/\/heidysandovalruiz.com\/wp-content\/uploads\/2021\/09\/FB_IMG_1630711127581.jpg\" alt=\"\" data-id=\"7394\" data-link=\"https:\/\/heidysandovalruiz.com\/?attachment_id=7394\" class=\"wp-image-7394\" srcset=\"https:\/\/heidysandovalruiz.com\/wp-content\/uploads\/2021\/09\/FB_IMG_1630711127581.jpg 864w, https:\/\/heidysandovalruiz.com\/wp-content\/uploads\/2021\/09\/FB_IMG_1630711127581-300x151.jpg 300w, https:\/\/heidysandovalruiz.com\/wp-content\/uploads\/2021\/09\/FB_IMG_1630711127581-768x386.jpg 768w\" sizes=\"auto, (max-width: 864px) 100vw, 864px\" \/><figcaption>Luis Garist\u00fa Heidy Sandoval Carlos de Triana y Luis Pellecer<\/figcaption><\/figure><\/li><\/ul>\n\n\n\n<p>.<\/p>\n","protected":false},"excerpt":{"rendered":"<div class=\"mh-excerpt\"><p>Con el prop\u00f3sito de dar a conocer el repertorio musical con el que contamos los guatemaltecos, se cre\u00f3 uno de los espect\u00e1culos que durante 28 <a class=\"mh-excerpt-more\" href=\"https:\/\/heidysandovalruiz.com\/?p=7364\" title=\"Gala de la Canci\u00f3n \u00abBicentenario de Guatemala\u00bb\">[&#8230;]<\/a><\/p>\n<\/div>","protected":false},"author":4,"featured_media":7379,"comment_status":"closed","ping_status":"closed","sticky":false,"template":"","format":"standard","meta":{"footnotes":""},"categories":[5],"tags":[],"class_list":["post-7364","post","type-post","status-publish","format-standard","has-post-thumbnail","hentry","category-entrevistas"],"_links":{"self":[{"href":"https:\/\/heidysandovalruiz.com\/index.php?rest_route=\/wp\/v2\/posts\/7364","targetHints":{"allow":["GET"]}}],"collection":[{"href":"https:\/\/heidysandovalruiz.com\/index.php?rest_route=\/wp\/v2\/posts"}],"about":[{"href":"https:\/\/heidysandovalruiz.com\/index.php?rest_route=\/wp\/v2\/types\/post"}],"author":[{"embeddable":true,"href":"https:\/\/heidysandovalruiz.com\/index.php?rest_route=\/wp\/v2\/users\/4"}],"replies":[{"embeddable":true,"href":"https:\/\/heidysandovalruiz.com\/index.php?rest_route=%2Fwp%2Fv2%2Fcomments&post=7364"}],"version-history":[{"count":6,"href":"https:\/\/heidysandovalruiz.com\/index.php?rest_route=\/wp\/v2\/posts\/7364\/revisions"}],"predecessor-version":[{"id":7395,"href":"https:\/\/heidysandovalruiz.com\/index.php?rest_route=\/wp\/v2\/posts\/7364\/revisions\/7395"}],"wp:featuredmedia":[{"embeddable":true,"href":"https:\/\/heidysandovalruiz.com\/index.php?rest_route=\/wp\/v2\/media\/7379"}],"wp:attachment":[{"href":"https:\/\/heidysandovalruiz.com\/index.php?rest_route=%2Fwp%2Fv2%2Fmedia&parent=7364"}],"wp:term":[{"taxonomy":"category","embeddable":true,"href":"https:\/\/heidysandovalruiz.com\/index.php?rest_route=%2Fwp%2Fv2%2Fcategories&post=7364"},{"taxonomy":"post_tag","embeddable":true,"href":"https:\/\/heidysandovalruiz.com\/index.php?rest_route=%2Fwp%2Fv2%2Ftags&post=7364"}],"curies":[{"name":"wp","href":"https:\/\/api.w.org\/{rel}","templated":true}]}}