{"id":7596,"date":"2022-05-01T04:12:38","date_gmt":"2022-05-01T04:12:38","guid":{"rendered":"http:\/\/heidysandovalruiz.com\/?p=7596"},"modified":"2022-05-01T04:19:57","modified_gmt":"2022-05-01T04:19:57","slug":"irina-crespo-en-las-entrevistas-de-heidy","status":"publish","type":"post","link":"https:\/\/heidysandovalruiz.com\/?p=7596","title":{"rendered":"Irina Crespo en \u00abLas entrevistas de Heidy\u00bb"},"content":{"rendered":"\n<p>En \u201c<strong>Las entrevistas de Heidy\u201d<\/strong> tenemos como prop\u00f3sito contar historias, esas historias que sirven de ejemplo de constancia y de pasi\u00f3n por lo que se realiza.&nbsp; Profesionales, artistas, amas de casa, deportistas, etc., pueden contarnos su historia para que sea compartida y conocida.<\/p>\n\n\n\n<p>En esta oportunidad conoceremos la historia de <strong>Irina Crespo de Corzantes <\/strong>una guatemalteca que contar\u00e1 aspectos de su ni\u00f1ez, de su vida en Jap\u00f3n y de otros aspectos que por primera vez cuenta esta mujer de ojos verdes muy expresivos.<\/p>\n\n\n\n<p><strong>Gracias Irina por aceptar contar parte de tu vida y de momentos que a lo largo de la misma has tenido que experimentar. Empiezo la entrevista pregunt\u00e1ndote \u00bfC\u00f3mo recuerdas tu ni\u00f1ez?<\/strong> Ahhh has removido esos recuerdos de una ni\u00f1ez que se vio rodeada de muchos artistas ya que como t\u00fa sabes mi pap\u00e1 Antonio Crespo en ese entonces era el Director del Ballet Guatemala. Recuerdo que luego del colegio nos llevaban al Cine Capitol a ver la funci\u00f3n del Ballet Guatemala y mi sue\u00f1o y el de mis compa\u00f1eras era reunir aut\u00f3grafos de los bailarines y artistas invitados pues ven\u00edan del extranjero a presentarse al pa\u00eds.&nbsp; Y la casa siempre estuvo llena de artistas y m\u00fasicos bohemios amigos de mi pap\u00e1.&nbsp; Recuerdo que por donde viv\u00edamos por la 15 avenida A de la zona 1, en ese entonces solo nosotros ten\u00edamos televisi\u00f3n e invitaba a amiguitos del sector&nbsp; a ver la tele y se juntaban unos 30 que fregaban y que sobretodo lo pasaban super bien.<\/p>\n\n\n\n<p><strong>\u00bfQu\u00e9 recuerdos tienes de tu adolescencia? <\/strong>Recuerdo que al salir de esta etapa y cumplir los 18 a\u00f1os agarr\u00e9 mi mochila anaranjada de arn\u00e9s y me fui sin rumbo, pues iba detr\u00e1s del sue\u00f1o americano.&nbsp; Result\u00e9 en California donde conoc\u00ed al japon\u00e9s pap\u00e1 de mi \u00fanico hijo, Luego me cas\u00e9 con \u00e9l y nos fuimos a vivir a Jap\u00f3n.<\/p>\n\n\n\n<p><strong>Hablando de adolescencia \u00bfYa ten\u00edas idea de lo que quer\u00edas ser de adulta? <\/strong>Pues yo quer\u00eda ser una bailarina pero mi pap\u00e1 me baj\u00f3 de la nube ya que en ese entonces tomaba unas pastillas que se llamaban Celestone que ten\u00edan cortisona y eso me hizo subir de peso y las bailarinas eran muy delgadas y mi estructura es de huesos anchos y mi pap\u00e1 me dijo que no ser\u00eda una buena bailarina.&nbsp; Estuve en teatro que me fascinaba pero igual me qued\u00e9 frustrada porque se iba a montar la \u201cDivina Comedia\u201d de Dante Alleguiari y en una de las escenas yo ten\u00eda que aparecer desnuda, a lo que mi pap\u00e1 se opuso rotundamente.&nbsp; Para que veas se me trunc\u00f3 mi sue\u00f1o de ser parte del medio art\u00edstico ni bailarina, ni actriz.<\/p>\n\n\n\n<p><strong>Volviendo al tema de Jap\u00f3n \u00bfC\u00f3mo recuerdas tu experiencia laboral en ese pa\u00eds?<\/strong> Pues la vida ah\u00ed es muy diferente a la nuestra, en cultura, tradiciones y muchos aspectos m\u00e1s.&nbsp; Trabajaba 19 horas diarias y descansaba una sola vez al mes. Como an\u00e9cdota te comento que cuando tuve a mi hijo que naci\u00f3 por esas tierras y que pes\u00f3 11 libras a la semana ya estaba present\u00e1ndome a laborar.<\/p>\n\n\n\n<p><strong>En el amor has tenido una relaci\u00f3n duradera con Luis \u00bfCu\u00e9ntanos como se conocieron?<\/strong> A Luis lo conoc\u00ed hace 29 a\u00f1os en el Hotel Guatemala Fiesta que actualmente es el Holiday Inn.&nbsp; Pues las cosas de la vida, yo viv\u00eda en Estados Unidos y ven\u00eda de vacaciones a ver que perspectivas hab\u00edan para poder regresarme porque ya me hab\u00eda aburrido de estar por aquellas tierras. Entonces me contrataron como Gerente de Recepci\u00f3n en este hotel y el destino me ten\u00eda deparado conocer a Luis Corzantes en una fiesta que se realiz\u00f3 en el pent-house de esas instalaciones y desde entonces estamos juntos.<\/p>\n\n\n\n<p><strong>\u00bfY c\u00f3mo es estar casada con tu jefe?<\/strong> Ha sido muy divertido desde un principio porque el siempre us\u00f3 el cabello muy largo y yo muy corto y siempre nos confund\u00edan.&nbsp; Nos casamos y hemos mantenido un matrimonio muy estable, pues adem\u00e1s de ser mi esposo es mi jefe y yo lo respeto en ambos papeles.&nbsp; Nunca hemos tenido problemas a pesar de trabajar juntos y logramos que siempre haya una comunicaci\u00f3n que nos mantenga como una pareja estable.<\/p>\n\n\n\n<p><strong>Eres una mujer muy elegante y guapa \u00bfQu\u00e9 nos cuentas de tu faceta como modelo?<\/strong> Pues desde muy peque\u00f1a empec\u00e9 con esta faceta, tuve una figura espigada, di clases de gimnasia y aer\u00f3bicos, hac\u00eda 8 horas de ejercicio. Mi peso oscilaba en las 100 libras y ya de adulta tambi\u00e9n he participado en algunos desfiles modelando vestidos adecuados a mi edad.<\/p>\n\n\n\n<p><strong>\u00bfC\u00f3mo es la relaci\u00f3n con tu madre?<\/strong> Ella en los \u00faltimos meses decidi\u00f3 radicarse con nosotros, hemos sido muy unidas y yo feliz por compartir con ella pasamos lindos momentos solos o con los amigos.&nbsp; A sus 87 a\u00f1os cocina delicioso le encanta hacerlo y goza de excelente salud.<\/p>\n\n\n\n<p><strong>S\u00e9 que te gusta dise\u00f1ar y que te apasiona estar al d\u00eda con lo que es la moda \u00bfPuedes contarnos al respecto?<\/strong> Desde peque\u00f1a me gust\u00f3 la moda, lamentablemente cuando tuve edad de elegir una carrera no exist\u00eda \u201cDise\u00f1o de Modas\u201d, esto es nato en m\u00ed, tengo la habilidad de poder combinar piezas o imaginarme prendas acumuladas que puedo reciclarlas y le doy nuevo estilo, me encanta adem\u00e1s que las clientes que asisten al sal\u00f3n me piden que las asesore para combinar sus prendas pues debe tomarse en cuenta que la moda es dise\u00f1ada teniendo en cuenta el contexto cultural, el tiempo y lugar donde sean utilizados, en resumen me convert\u00ed en una asesora de modas sin haber estudiado la profesi\u00f3n. En alg\u00fan momento cuando estuve en Estados Unidos tuve una boutique e igual mi madre tuvo una en el Cortijo Reforma.<\/p>\n\n\n\n<p><strong>A tus 66 a\u00f1os eres una mujer muy bien conservada, elegante, guap\u00edsima y con excelente actitud \u00bfQu\u00e9 haces para conservarte as\u00ed de estupenda?<\/strong> Pues creo que la coqueter\u00eda en nosotras ya se trae y efectivamente me cuido, por ejemplo, me aplic\u00f3 \u00e1cido alur\u00f3nico cada 8 meses y eso es lo que me dura, Y el plasma rico y el plasma gel me lo aplico cada 6 meses.<\/p>\n\n\n\n<p><strong>En 2021 inauguraste un espacio en el Paraninfo Universitario que lleva el nombre de tu padre \u00abAntonio Crespo\u00bb \u00bfQu\u00e9 sentimientos tuviste en ese momento?<\/strong> Sent\u00ed mucha alegr\u00eda, realmente me siento honrada de haber sido invitada a la inauguraci\u00f3n y develar la placa que identifica el sal\u00f3n que lleva el nombre de mi padre.<\/p>\n\n\n\n<p>Desde el a\u00f1o 2020 la vida cambi\u00f3, no ha vuelto a hacer la misma pues la pandemia provoc\u00f3 que muchos negocios cerraran y que muchas personas se quedaran si empleo, actualmente la vida se ha encarecido con los precios del combustible<strong> \u00bfC\u00f3mo les ha afectado a ti y a Luis laboralmente estos factores?&nbsp; <\/strong>Efectivamente cuando cerraron el pa\u00eds fue muy dif\u00edcil. Tuvimos momentos dif\u00edciles pero siempre ech\u00e1ndole ganas para salir adelante tomados de la mano de Dios.<\/p>\n\n\n\n<p><strong>Actualmente \u00bfQu\u00e9 haces adem\u00e1s de asistir al sal\u00f3n?<\/strong> Pues aunque no le parezca a muchos, estoy asistiendo a la iglesia Ministerio Adonai de Alabanzas y Misionera me he involucrado mucho y he encontrado mi refugio. No me gusta que me juzguen como yo no juzgo, vivo mi vida como que fuera el \u00faltimo d\u00eda. Trato de ser prudente, de llevarme bien con la mayor parte de las personas.&nbsp; Disfruto del silencio me encanta escuchar \u00f3pera, jazz y el rock. Me embeleso viendo las plantas, la naturaleza, me encanta caminar y observar todo al mi alrededor.&nbsp; Me encantan los gatos y tengo uno que se llama\u2026. Al cual tambi\u00e9n dedico mi tiempo.<\/p>\n\n\n\n<p><strong>\u00bfPuedes enviar un saludo a las madres que dentro de una semana festejan su d\u00eda y que por cierto hay que celebrarlas los 365 d\u00edas del a\u00f1o? <\/strong>Madres esforzadas y valientes les deseo un feliz d\u00eda de las madres. Porque lo valemos. Vaya si no!!!<\/p>\n\n\n\n<pre class=\"wp-block-code\"><code><\/code><\/pre>\n\n\n<p><iframe loading=\"lazy\" width=\"560\" height=\"315\" src=\"https:\/\/www.youtube.com\/embed\/kqsMF9h1Dts\" title=\"YouTube video player\" frameborder=\"0\" allow=\"accelerometer; autoplay; clipboard-write; encrypted-media; gyroscope; picture-in-picture\" allowfullscreen=\"\"><\/iframe><\/p>\n\n\n<figure class=\"wp-block-gallery has-nested-images columns-2 is-cropped wp-block-gallery-1 is-layout-flex wp-block-gallery-is-layout-flex\">\n<figure class=\"wp-block-image size-large\"><a href=\"https:\/\/heidysandovalruiz.com\/wp-content\/uploads\/2022\/05\/3.jpg\"><img loading=\"lazy\" decoding=\"async\" width=\"252\" height=\"189\" data-id=\"7599\" src=\"https:\/\/heidysandovalruiz.com\/wp-content\/uploads\/2022\/05\/3.jpg\" alt=\"\" class=\"wp-image-7599\"\/><\/a><\/figure>\n\n\n\n<figure class=\"wp-block-image size-large\"><a href=\"https:\/\/heidysandovalruiz.com\/wp-content\/uploads\/2022\/05\/2.jpg\"><img loading=\"lazy\" decoding=\"async\" width=\"216\" height=\"288\" data-id=\"7598\" src=\"https:\/\/heidysandovalruiz.com\/wp-content\/uploads\/2022\/05\/2.jpg\" alt=\"\" class=\"wp-image-7598\"\/><\/a><\/figure>\n\n\n\n<figure class=\"wp-block-image size-large\"><a href=\"https:\/\/heidysandovalruiz.com\/wp-content\/uploads\/2022\/05\/1.jpg\"><img loading=\"lazy\" decoding=\"async\" width=\"371\" height=\"254\" data-id=\"7597\" src=\"https:\/\/heidysandovalruiz.com\/wp-content\/uploads\/2022\/05\/1.jpg\" alt=\"\" class=\"wp-image-7597\" srcset=\"https:\/\/heidysandovalruiz.com\/wp-content\/uploads\/2022\/05\/1.jpg 371w, https:\/\/heidysandovalruiz.com\/wp-content\/uploads\/2022\/05\/1-300x205.jpg 300w\" sizes=\"auto, (max-width: 371px) 100vw, 371px\" \/><\/a><\/figure>\n\n\n\n<figure class=\"wp-block-image size-large\"><a href=\"https:\/\/heidysandovalruiz.com\/wp-content\/uploads\/2022\/05\/5.jpg\"><img loading=\"lazy\" decoding=\"async\" width=\"260\" height=\"259\" data-id=\"7601\" src=\"https:\/\/heidysandovalruiz.com\/wp-content\/uploads\/2022\/05\/5.jpg\" alt=\"\" class=\"wp-image-7601\" srcset=\"https:\/\/heidysandovalruiz.com\/wp-content\/uploads\/2022\/05\/5.jpg 260w, https:\/\/heidysandovalruiz.com\/wp-content\/uploads\/2022\/05\/5-150x150.jpg 150w\" sizes=\"auto, (max-width: 260px) 100vw, 260px\" \/><\/a><\/figure>\n\n\n\n<figure class=\"wp-block-image size-large\"><a href=\"https:\/\/heidysandovalruiz.com\/wp-content\/uploads\/2022\/05\/6.jpg\"><img loading=\"lazy\" decoding=\"async\" width=\"328\" height=\"328\" data-id=\"7602\" src=\"https:\/\/heidysandovalruiz.com\/wp-content\/uploads\/2022\/05\/6.jpg\" alt=\"\" class=\"wp-image-7602\" srcset=\"https:\/\/heidysandovalruiz.com\/wp-content\/uploads\/2022\/05\/6.jpg 328w, https:\/\/heidysandovalruiz.com\/wp-content\/uploads\/2022\/05\/6-300x300.jpg 300w, https:\/\/heidysandovalruiz.com\/wp-content\/uploads\/2022\/05\/6-150x150.jpg 150w\" sizes=\"auto, (max-width: 328px) 100vw, 328px\" \/><\/a><\/figure>\n\n\n\n<figure class=\"wp-block-image size-large\"><a href=\"https:\/\/heidysandovalruiz.com\/wp-content\/uploads\/2022\/05\/4.jpg\"><img loading=\"lazy\" decoding=\"async\" width=\"420\" height=\"417\" data-id=\"7600\" src=\"https:\/\/heidysandovalruiz.com\/wp-content\/uploads\/2022\/05\/4.jpg\" alt=\"\" class=\"wp-image-7600\" srcset=\"https:\/\/heidysandovalruiz.com\/wp-content\/uploads\/2022\/05\/4.jpg 420w, https:\/\/heidysandovalruiz.com\/wp-content\/uploads\/2022\/05\/4-300x298.jpg 300w, https:\/\/heidysandovalruiz.com\/wp-content\/uploads\/2022\/05\/4-150x150.jpg 150w\" sizes=\"auto, (max-width: 420px) 100vw, 420px\" \/><\/a><\/figure>\n<\/figure>\n","protected":false},"excerpt":{"rendered":"<div class=\"mh-excerpt\"><p>En \u201cLas entrevistas de Heidy\u201d tenemos como prop\u00f3sito contar historias, esas historias que sirven de ejemplo de constancia y de pasi\u00f3n por lo que se <a class=\"mh-excerpt-more\" href=\"https:\/\/heidysandovalruiz.com\/?p=7596\" title=\"Irina Crespo en \u00abLas entrevistas de Heidy\u00bb\">[&#8230;]<\/a><\/p>\n<\/div>","protected":false},"author":4,"featured_media":7603,"comment_status":"closed","ping_status":"closed","sticky":false,"template":"","format":"standard","meta":{"footnotes":""},"categories":[5],"tags":[],"class_list":["post-7596","post","type-post","status-publish","format-standard","has-post-thumbnail","hentry","category-entrevistas"],"_links":{"self":[{"href":"https:\/\/heidysandovalruiz.com\/index.php?rest_route=\/wp\/v2\/posts\/7596","targetHints":{"allow":["GET"]}}],"collection":[{"href":"https:\/\/heidysandovalruiz.com\/index.php?rest_route=\/wp\/v2\/posts"}],"about":[{"href":"https:\/\/heidysandovalruiz.com\/index.php?rest_route=\/wp\/v2\/types\/post"}],"author":[{"embeddable":true,"href":"https:\/\/heidysandovalruiz.com\/index.php?rest_route=\/wp\/v2\/users\/4"}],"replies":[{"embeddable":true,"href":"https:\/\/heidysandovalruiz.com\/index.php?rest_route=%2Fwp%2Fv2%2Fcomments&post=7596"}],"version-history":[{"count":3,"href":"https:\/\/heidysandovalruiz.com\/index.php?rest_route=\/wp\/v2\/posts\/7596\/revisions"}],"predecessor-version":[{"id":7608,"href":"https:\/\/heidysandovalruiz.com\/index.php?rest_route=\/wp\/v2\/posts\/7596\/revisions\/7608"}],"wp:featuredmedia":[{"embeddable":true,"href":"https:\/\/heidysandovalruiz.com\/index.php?rest_route=\/wp\/v2\/media\/7603"}],"wp:attachment":[{"href":"https:\/\/heidysandovalruiz.com\/index.php?rest_route=%2Fwp%2Fv2%2Fmedia&parent=7596"}],"wp:term":[{"taxonomy":"category","embeddable":true,"href":"https:\/\/heidysandovalruiz.com\/index.php?rest_route=%2Fwp%2Fv2%2Fcategories&post=7596"},{"taxonomy":"post_tag","embeddable":true,"href":"https:\/\/heidysandovalruiz.com\/index.php?rest_route=%2Fwp%2Fv2%2Ftags&post=7596"}],"curies":[{"name":"wp","href":"https:\/\/api.w.org\/{rel}","templated":true}]}}