{"id":7659,"date":"2022-05-23T16:22:20","date_gmt":"2022-05-23T16:22:20","guid":{"rendered":"http:\/\/heidysandovalruiz.com\/?p=7659"},"modified":"2022-05-23T18:43:01","modified_gmt":"2022-05-23T18:43:01","slug":"reyes-perez-en-las-entrevistas-de-heidy","status":"publish","type":"post","link":"https:\/\/heidysandovalruiz.com\/?p=7659","title":{"rendered":"Reyes P\u00e9rez en \u00abLas entrevistas de Heidy\u00bb"},"content":{"rendered":"\n<p>En las \u201c<strong>Entrevistas de Heidy<\/strong>\u201d, como ustedes saben su objetivo es contar historias, esas historias maravillosas que son contadas por quienes las viven, &nbsp;en algunos casos nos avocamos con familiares o amigos cercanos a esos guatemaltecos que tienen algo que contar, que transmitir y aqu\u00ed lo pueden hacer.&nbsp; Digamos que queda plasmado como un documento para que sea le\u00eddo por las pr\u00f3ximas generaciones<\/p>\n\n\n\n<p>En esta oportunidad presento a un director art\u00edstico, actor, director musical,  catedr\u00e1tico de expresi\u00f3n corporal  de la Academia de Teatro en la UP, docente  y ha participado en varias obras de teatro y adem\u00e1s ha sido modelo y locutor para anuncios de televisi\u00f3n.\u00a0 Presento a ustedes a <strong>Reyes P\u00e9rez<\/strong> quien hoy nos cuenta su historia.<\/p>\n\n\n\n<p>Me da mucho gusto presentar a un guatemalteco que ha realizado diversas actividades que conllevan entretenimiento a quienes han asistido a las diferentes salas donde se ponen en escena comedias y tragedias y es precisamente nuestro invitado a quien para iniciar nuestra charla le pregunto <strong>\u00bfDe d\u00f3nde es originario?<\/strong> Nac\u00ed aqu\u00ed en la ciudad de Guatemala, zona 1, en el a\u00f1o 1950, ah\u00ed crec\u00ed, por donde est\u00e1 ahora el edificio de Finanzas, luego nos trasladamos a la Reformita con mi mam\u00e1, en zona 12. Recuerdo haber disfrutado de la vegetaci\u00f3n y cuando construyeron el puente del tr\u00e9bol y asfaltando la avenida Bol\u00edvar.&nbsp;<\/p>\n\n\n\n<p><strong>\u00bfC\u00f3mo recuerda la etapa de su ni\u00f1ez? <\/strong>Jugando con mis amigos en la calle, que en ese tiempo si se pod\u00eda salir, recuerdo jugar en la naturaleza porque en ese tiempo todav\u00eda no se hab\u00edan asfaltado var\u00edas partes de la ciudad.Y trabaj\u00e9 de todos los oficios en una lecher\u00eda, panader\u00eda, carpinter\u00eda, sastrer\u00eda, vendiendo dulces, peri\u00f3dicos para ayudar a mi madre a salir adelante, \u00e9ramos 5 hermanos, yo era el mayor y hab\u00eda que apoyar en la casa.<\/p>\n\n\n\n<p><strong>Y hablando de lo que le apasiona cu\u00e9ntenos&nbsp; \u00bfC\u00f3mo nace ese gusanito y pasi\u00f3n por dedicarse al teatro? <\/strong>Todo comenz\u00f3 en el a\u00f1o 1969, donde yo estudiaba, lleg\u00f3 un maestro de t\u00edteres a darnos talleres. <strong>&nbsp;<\/strong>Al pasar los d\u00edas nos pregunt\u00f3 si quer\u00edamos participar en una obra de teatro que se iba a hacer para celebrar el d\u00eda de la madre, con miedo sin saber a que me met\u00eda levant\u00e9 la mano, me llam\u00f3 mucho la atenci\u00f3n. Comenzamos a ensayar un sketch llamando \u201cHospital para locos\u201d, durante los ensayos nos divert\u00edamos con las ocurrencias y chistes, cuando lleg\u00f3 el d\u00eda de la funci\u00f3n, estaba muy nervioso porque estaba toda mi familia y amigos en el p\u00fablico, el sketch fue un \u00e9xito y me sent\u00ed muy satisfecho al escuchar los aplausos de la gente y la admiraci\u00f3n. Luego hicimos el \u201cBrindis del bohemio\u201d y me piqu\u00e9.<\/p>\n\n\n\n<p>Luego aprend\u00ed a ejecutar la guitarra y a tocar con varios grupos de ese entonces, hasta 1973, mi hermana me dijo que nos inscribi\u00e9ramos en la Universidad Popular para el \u00e1rea de teatro.<\/p>\n\n\n\n<div class=\"wp-block-group\"><div class=\"wp-block-group__inner-container is-layout-flow wp-block-group-is-layout-flow\">\n<div class=\"wp-block-columns is-layout-flex wp-container-core-columns-is-layout-9d6595d7 wp-block-columns-is-layout-flex\">\n<div class=\"wp-block-column is-layout-flow wp-block-column-is-layout-flow\" style=\"flex-basis:100%\">\n<figure class=\"wp-block-gallery has-nested-images columns-default is-cropped wp-block-gallery-1 is-layout-flex wp-block-gallery-is-layout-flex\">\n<figure class=\"wp-block-image size-large\"><a href=\"https:\/\/heidysandovalruiz.com\/wp-content\/uploads\/2022\/05\/2-1.jpg\"><img loading=\"lazy\" decoding=\"async\" width=\"688\" height=\"273\" data-id=\"7661\" src=\"https:\/\/heidysandovalruiz.com\/wp-content\/uploads\/2022\/05\/2-1.jpg\" alt=\"\" class=\"wp-image-7661\" srcset=\"https:\/\/heidysandovalruiz.com\/wp-content\/uploads\/2022\/05\/2-1.jpg 688w, https:\/\/heidysandovalruiz.com\/wp-content\/uploads\/2022\/05\/2-1-300x119.jpg 300w\" sizes=\"auto, (max-width: 688px) 100vw, 688px\" \/><\/a><\/figure>\n<\/figure>\n<\/div>\n<\/div>\n<\/div><\/div>\n\n\n\n<p><strong>Hablando de teatro \u00bfCu\u00e1l fue la primera obra a la que asisti\u00f3 como espectador? <\/strong>La primera obra que vi fue \u201cUn loteriazo en plena crisis\u201d, en el a\u00f1o 1973, en el teatro de la Universidad Popular con Carmen Sol\u00eds Gallardo, Ariel Minera, Zully Withe, Josue Sotomayor, Jorge Rojas, entre otros. Que conoc\u00ed cuando ingres\u00e9 a la Universidad Popular.<\/p>\n\n\n\n<p>La fui a ver, porque ya me hab\u00eda inscrito como estudiante de la Academia de teatro de la UP, la noche del viernes el maestro Rub\u00e9n Morales en su clase nos dijo que est\u00e1bamos invitados los nuevos a ver la obra de teatro, no ten\u00eda todav\u00eda mi carnet y no ten\u00eda el dinero suficiente para pagar la entrada a precio normal, estaba muy nervioso para entrar porque nunca hab\u00eda estado en una sala de teatro antes, y sale a las gradas de la entrada el maestro y me le acerco todo nervioso para decirle que si pod\u00eda entrar que el hab\u00eda dicho que pod\u00edamos llegar y solo me mir\u00f3 y dijo \u201cpase adelante, ap\u00farese que ya va empezar\u201d<\/p>\n\n\n\n<p>Y me sorprend\u00ed bastante porque al ver la obra parec\u00eda una pel\u00edcula en vivo, qued\u00e9 maravillado y pens\u00e9 yo quiero hacer lo mismo.<\/p>\n\n\n\n<p><strong>\u00bfQu\u00e9 significa en su vida el maestro Rub\u00e9n Morales Monroy? \u00bfC\u00f3mo se conocen? <\/strong>Bueno el maestro Rub\u00e9n era como un padre, aunque ten\u00eda su car\u00e1cter, fue muy disciplinado y eso nos lo transmiti\u00f3 a varias generaciones que hoy en d\u00eda aun hacemos teatro, tomar esto con profesionalismo y dedicaci\u00f3n. El fue mi maestro de actuaci\u00f3n, luego de egresar de la Academia, trabaj\u00e9 en varias obras que el dirigi\u00f3 aprend\u00ed mucho de la direcci\u00f3n con \u00e9l. Recuerdo que me daba libros de teatro y dec\u00eda: \u201c\u00a1Lea, lea patojo!\u201d y no solo a m\u00ed sino a varios estudiantes de la promoci\u00f3n.<\/p>\n\n\n\n<p>Luego me dio la oportunidad de ser asistente de direcci\u00f3n y director musical en varios montajes en los 70\u2019s, la primera fue la obra de teatro \u201cLa Chalana\u201d que dirigi\u00f3 el maestro Rub\u00e9n la adaptaci\u00f3n de Hugo Carrillo, tuve la oportunidad de aprender de esos monstruos del teatro.<\/p>\n\n\n\n<p><strong>\u00bfC\u00f3mo puede definir el papel que desempe\u00f1a en su vida la Universidad Popular? <\/strong>La defino como mi casa, ya que all\u00ed me dieron la oportunidad y las herramientas para desarrollarme en el teatro por el resto de mi vida, me dieron la oportunidad de dirigir el grupo de teatro para ni\u00f1os \u201cUPecito\u201d durante 5 a\u00f1os gracias al maestro Rub\u00e9n, me abri\u00f3 el camino para poder vivir de esto.<\/p>\n\n\n\n<p>Tambi\u00e9n conoc\u00ed a mi esposa, Erika Ur\u00edzar, directora y productora de teatro, la conoc\u00ed en la UP. Por eso digo que la UP es muy importante para m\u00ed porque influy\u00f3 en mi vida.<\/p>\n\n\n\n<figure class=\"wp-block-gallery has-nested-images columns-default is-cropped wp-block-gallery-2 is-layout-flex wp-block-gallery-is-layout-flex\">\n<figure class=\"wp-block-image size-large\"><a href=\"https:\/\/heidysandovalruiz.com\/wp-content\/uploads\/2022\/05\/3-3.jpg\"><img loading=\"lazy\" decoding=\"async\" width=\"703\" height=\"276\" data-id=\"7662\" src=\"https:\/\/heidysandovalruiz.com\/wp-content\/uploads\/2022\/05\/3-3.jpg\" alt=\"\" class=\"wp-image-7662\" srcset=\"https:\/\/heidysandovalruiz.com\/wp-content\/uploads\/2022\/05\/3-3.jpg 703w, https:\/\/heidysandovalruiz.com\/wp-content\/uploads\/2022\/05\/3-3-300x118.jpg 300w\" sizes=\"auto, (max-width: 703px) 100vw, 703px\" \/><\/a><\/figure>\n<\/figure>\n\n\n\n<p><strong>A prop\u00f3sito \u00bfen cu\u00e1ntas obras de teatro particip\u00f3 usted que fueron dirigidas por el maestro Morales Monroy? <\/strong>Fueron bastantes porque estuve desde 1973 hasta 1989, m\u00e1s o menos como 40, entre obras de teatro para estudiantes, teatro de fin de semana, festivales de teatro guatemalteco, misiones ambulantes que eran en el interior del pa\u00eds.<\/p>\n\n\n\n<p><strong>Si le digo \u201cSociedad Teatral\u201d \u00bfQu\u00e9 traigo a su mente? <\/strong>Mi hogar, mi vida, porque la fundamos con mi esposa, en esta agrupaci\u00f3n de teatro que originalmente se llam\u00f3 \u201cSociedad Est\u00e9tica Teatral\u201d hemos hecho de todo, especialmente teatro para ni\u00f1os, ya son 24 a\u00f1os de hacer teatro para ni\u00f1os y estudiantes.<\/p>\n\n\n\n<p><strong>\u00bfCon qu\u00e9 otros directores trabaj\u00f3? <\/strong>Con Rodolfo Mej\u00eda Morales en la UP, fue con \u00e9l mi primera obra, con el maestro Hugo Carrillo, con Alfredo Porras Smith. Fuera de la UP, con Manuel Corleto, Salom\u00f3n G\u00f3mez, Jos\u00e9 Manuel de La Puente, Luis Garist\u00fa, Roberto Oliva, Miguel Cuevas, Zoel Vald\u00e9s en folklore, Manuel Lisandro Ch\u00e1vez, Julio Miranda, Erika Ur\u00edzar, etc.<\/p>\n\n\n\n<p><strong>\u00bfPuede mencionarnos algunas comedias y tragedias en las que particip\u00f3? <\/strong>Las m\u00e1s destacadas El Se\u00f1or Presidente en el \u201975, La Chalana, Torotumbo, Tupac Amaru, Pascual Abaj, Los \u00e1rboles mueren de pie, El pescado indigesto, Nuestra Natacha, El Benem\u00e9rito Pueblo de Villabuena, Pan para tu matate que fue una creaci\u00f3n colectiva donde fue un \u00e9xito en ese entonces. Afortunadamente fueron bastantes y de g\u00e9nero variado. &nbsp;<\/p>\n\n\n\n<p><strong>\u00bfA qu\u00e9 actores de la \u00e9poca de oro del teatro guatemalteco ha admirado? <\/strong>Tuve el gusto de ver a Consuelo Miranda, compart\u00ed con Mildred Ch\u00e1vez, tengo la an\u00e9cdota con ella como ayudante de direcci\u00f3n le record\u00e9 que un movimiento estaba malo y ella solo me vio y me dijo \u201ctenes raz\u00f3n patojo\u201d, compart\u00ed con Mario Abal, Frida Henry, Mar\u00eda Teresa Mart\u00ednez, Baudilio Ordo\u00f1ez, Manuel Flores, Juan Luis Donis, Haroldo Vallejo, Roberto Mendizabal, Julio D\u00edaz, entre muchos otros\u2026<\/p>\n\n\n\n<p><strong>Ahora bien \u00bfQu\u00e9 nos cuenta de su experiencia como director en obras de teatro?<\/strong> Despu\u00e9s de varios a\u00f1os observando al maestro, aprendiendo como asistente de direcci\u00f3n, la primera experiencia fue en 1984 con \u201cPan para tu matate\u201d que fue una creaci\u00f3n colectiva donde todos aportamos, esto me dio la seguridad para dar el paso hacia la direcci\u00f3n y mi primera obra como director fue \u201cBarquitos de Papel\u201d en 1985 para el grupo de teatro para ni\u00f1os de la UP\u2026\u201dUpecito\u201d, tuvimos la bendici\u00f3n de que fuera exitosa y estuviera en temporada durante 3 a\u00f1os, posteriormente dirig\u00ed otras obras en Upecito durante 5 a\u00f1os, y luego como docente de teatro en las escuelas p\u00fablicas, en Sociedad Teatral he dirigido y he apoyado en la musicalizaci\u00f3n de las obras. Tambi\u00e9n tuve la oportunidad de ser el director de teatro del Banco de Guatemala, donde realizamos diferentes comedias, desde 1986 hasta 1989.<\/p>\n\n\n\n<figure class=\"wp-block-gallery has-nested-images columns-default is-cropped wp-block-gallery-3 is-layout-flex wp-block-gallery-is-layout-flex\">\n<figure class=\"wp-block-image size-large\"><a href=\"https:\/\/heidysandovalruiz.com\/wp-content\/uploads\/2022\/05\/4-2.jpg\"><img loading=\"lazy\" decoding=\"async\" width=\"730\" height=\"282\" data-id=\"7663\" src=\"https:\/\/heidysandovalruiz.com\/wp-content\/uploads\/2022\/05\/4-2.jpg\" alt=\"\" class=\"wp-image-7663\" srcset=\"https:\/\/heidysandovalruiz.com\/wp-content\/uploads\/2022\/05\/4-2.jpg 730w, https:\/\/heidysandovalruiz.com\/wp-content\/uploads\/2022\/05\/4-2-300x116.jpg 300w\" sizes=\"auto, (max-width: 730px) 100vw, 730px\" \/><\/a><\/figure>\n<\/figure>\n\n\n\n<p>Fui director art\u00edstico del grupo de proyecci\u00f3n folkl\u00f3rica de Zoel Vald\u00e9s por 5 a\u00f1os donde recorrimos toda Guatemala, tambi\u00e9n fui director del grupo folkl\u00f3rico \u201cGuatemarimbas\u201d donde fuimos invitados para representar a Guatemala en Europa, espec\u00edficamente en Francia y Espa\u00f1a, fue una inolvidable experiencia que recuerdo con cari\u00f1o.&nbsp;<\/p>\n\n\n\n<p><strong>&nbsp;<\/strong><strong>Y \u00bfC\u00f3mo director musical? <\/strong>Mi primera oportunidad me la dio el maestro Rub\u00e9n y el maestro Carrillo en \u201cLa Chalana\u201d donde al elenco les ense\u00f1\u00e9 a cantar y a tocar guitarra, ya que paralelamente estuve por mucho tiempo en bandas y conjuntos musicales de la \u00e9poca, y afortunadamente gan\u00e9 el OPUS como Mejor Musicalizaci\u00f3n de una Obra de teatro, los OPUS eran otorgados por el Patronato de Bellas Artes, eran como los Premios Oscar del teatro guatemalteco.<\/p>\n\n\n\n<p>Tuve la bendici\u00f3n de ganarlo dos veces, la segunda vez fue en el \u201984 con el \u201cPan para tu matate\u201d donde compuse todas las canciones; a mis obras de teatro para ni\u00f1os siempre les compuse canciones.<\/p>\n\n\n\n<p>Actualmente mis canciones participan en un proyecto financiado por ADESCA para la obra de teatro \u201cViva la Aritm\u00e9tica\u201d y muy pronto mis canciones estar\u00e1n en la obra para ni\u00f1os \u201cCocay, la Luci\u00e9rnaga \u2013 Leyendas del Mayab\u201d que ser\u00e1 presentada en el marco de la iniciativa Espacios del Ministerio de Cultura y Deportes<\/p>\n\n\n\n<p><strong>Pero usted tambi\u00e9n tiene una amplia experiencia como docente \u00bfcu\u00e9ntenos al respecto? <\/strong>Si estuve 30 a\u00f1os trabajando como Maestro en Arte, especializado en Teatro, con Educaci\u00f3n Est\u00e9tica del Ministerio de Educaci\u00f3n en las escuelas de primaria, as\u00ed como en colegios y academias de arte en ONG\u2019s y municipalidades, tallerista en algunos cursos de Ciencias de la Comunicaci\u00f3n de la USAC.<\/p>\n\n\n\n<p>En las escuelas realice innumerables montajes en los festivales escolares de teatro, en la desaparecida Educaci\u00f3n Est\u00e9tica del Ministerio de Educaci\u00f3n.&nbsp; Siempre me base en la Educaci\u00f3n por el Arte, que es un concepto que no busca formar artistas sino el desarrollo integral de los ni\u00f1os para su futuro.<\/p>\n\n\n\n<p><strong>El modelaje, los anuncios y la locuci\u00f3n tambi\u00e9n han sido parte de carrera profesional \u00bfQu\u00e9 nos cuenta al respecto? <\/strong>Ha sido un aspecto muy lindo y lo he disfrutado, mi primera experiencia fue en la telenovela \u201cAzul\u201d en el \u201975 fue la primera telenovela guatemalteca con actores y equipo guatemalteco, dirigida por el maestro Rene Molina y escrita por el maestro Manuel Corleto. Desde ah\u00ed no he parado, he sido extra, principal, secundario, ha sido una experiencia muy agradable, recuerdo que protagonic\u00e9 un anuncio para Cementos Progreso y la gente cuando me miraba en la calle me ped\u00eda que le consiguiera cemento. Han sido a\u00f1os de experiencias y an\u00e9cdotas en cada grabaci\u00f3n muy lindas.<\/p>\n\n\n\n<p><strong>\u00bfC\u00f3mo ve el teatro del siglo pasado en comparaci\u00f3n con el actual? <\/strong>En el de antes hab\u00eda disciplina, compromiso, pasi\u00f3n, entrega y amor por lo que se hac\u00eda, exist\u00eda un respeto hac\u00eda los maestros y lo m\u00e1s importante es que exist\u00eda un tipo de misticismo para el teatro, no se antepon\u00eda el dinero antes que el arte, debido al contexto social de la \u00e9poca se hac\u00eda un teatro m\u00e1s comprometido y de denuncia y el p\u00fablico lo respaldaba. Los ensayos eran de m\u00e1s de 3 meses, tratando de perfeccionar cada aspecto de la creaci\u00f3n art\u00edstica.<\/p>\n\n\n\n<p>Ahora tengo la sensaci\u00f3n de que se perdi\u00f3 el misticismo para el teatro, eso de querer estar en las tablas, ahora en los ensayos y en las funciones veo que le dan m\u00e1s prioridad a tomarse fotos antes de repasar el libreto o ver que aportes se pueden realizar durante la creaci\u00f3n. Ensayar m\u00e1s de dos semanas, es demasiado ahora. Pero en fin puede ser que los tiempos cambian y hay que adaptarse.<\/p>\n\n\n\n<figure class=\"wp-block-gallery has-nested-images columns-default is-cropped wp-block-gallery-4 is-layout-flex wp-block-gallery-is-layout-flex\">\n<figure class=\"wp-block-image size-large\"><a href=\"https:\/\/heidysandovalruiz.com\/wp-content\/uploads\/2022\/05\/5-2.jpg\"><img loading=\"lazy\" decoding=\"async\" width=\"706\" height=\"288\" data-id=\"7664\" src=\"https:\/\/heidysandovalruiz.com\/wp-content\/uploads\/2022\/05\/5-2.jpg\" alt=\"\" class=\"wp-image-7664\" srcset=\"https:\/\/heidysandovalruiz.com\/wp-content\/uploads\/2022\/05\/5-2.jpg 706w, https:\/\/heidysandovalruiz.com\/wp-content\/uploads\/2022\/05\/5-2-300x122.jpg 300w\" sizes=\"auto, (max-width: 706px) 100vw, 706px\" \/><\/a><\/figure>\n<\/figure>\n\n\n\n<p><strong>Usted ha recibido reconocimientos \u00bfpuede mencionarnos algunos? <\/strong>Claro, recib\u00ed dos OPUS, ambos por mejor musicalizaci\u00f3n, uno para \u201cLa Chalana\u201d y el otro por \u201cPan para tu matate\u201d, adem\u00e1s del OPUS por mejor obra con \u201cPara para tu matate\u201d.<\/p>\n\n\n\n<p>En la docencia tengo el gusto de que tres promociones de 6to. primaria llevan mi nombre, eso para mi es de mucho orgullo porque significa que m\u00e1s de algo bueno hice.<\/p>\n\n\n\n<p>El grupo Comedia Camale\u00f3n me otorg\u00f3 un reconocimiento a mi trayectoria teatral. &nbsp;<\/p>\n\n\n\n<p><strong>\u00bfActualmente sigue vigente en los escenarios? <\/strong>Gracias a Dios, s\u00ed. Con Sociedad Teatral no hemos dejado de hacer teatro, mi esposa dirigiendo, mi hijo administrando la compa\u00f1\u00eda y yo actuando. Pr\u00f3ximamente estaremos con la obra de ni\u00f1os \u201cCocay\u201d que ya hab\u00eda mencionado, nos pueden seguir en las redes de la agrupaci\u00f3n para ver que fechas estaremos en cartelera.<\/p>\n\n\n\n<p>Tambi\u00e9n tengo el gusto de tocar en la marimba \u201cUni\u00f3n Sanluque\u00f1a\u201d yo tocando el bajo y contrabajo. Y pr\u00f3ximamente en anuncios.<\/p>\n\n\n\n<p>As\u00ed que puedo decir, si continuo vigente y el pr\u00f3ximo a\u00f1o cumplir\u00e9 50 a\u00f1os de trayectoria.<\/p>\n\n\n\n<p><strong>\u00bfC\u00f3mo le gustar\u00eda que recuerden su trabajo? <\/strong>Bueno, como todo artista vanidoso, primero que me recuerden y que no se olviden de m\u00ed. Luego que todo lo que hice fue con pasi\u00f3n, entrega, disciplina y con profesionalismo, me he topado con exalumnos y p\u00fablico de teatro de antes que me dicen que a\u00fan recuerdan mis clases, mis canciones y los montajes que hac\u00edamos.<\/p>\n\n\n\n<figure class=\"wp-block-gallery has-nested-images columns-default is-cropped wp-block-gallery-5 is-layout-flex wp-block-gallery-is-layout-flex\">\n<figure class=\"wp-block-image size-large\"><a href=\"https:\/\/heidysandovalruiz.com\/wp-content\/uploads\/2022\/05\/6-2.jpg\"><img loading=\"lazy\" decoding=\"async\" width=\"718\" height=\"288\" data-id=\"7665\" src=\"https:\/\/heidysandovalruiz.com\/wp-content\/uploads\/2022\/05\/6-2.jpg\" alt=\"\" class=\"wp-image-7665\" srcset=\"https:\/\/heidysandovalruiz.com\/wp-content\/uploads\/2022\/05\/6-2.jpg 718w, https:\/\/heidysandovalruiz.com\/wp-content\/uploads\/2022\/05\/6-2-300x120.jpg 300w\" sizes=\"auto, (max-width: 718px) 100vw, 718px\" \/><\/a><\/figure>\n<\/figure>\n\n\n\n<p><strong>\u00bfPuede dejar un comentario para quienes lean la entrevista? <\/strong>Bueno un saludo para toda la gente que se toma el tiempo para leer esta entrevista y que apoyan y se interesan por sus artistas, por los artistas de su pa\u00eds. Gracias a Heidy por su apoyo a los artistas nacionales, que crear y mantener este tipo de espacios es una tarea ardua y quijotesca. Un saludo para los compa\u00f1eros que compartimos estos recuerdos y vivimos una etapa importante en el teatro guatemalteco y para las nuevas generaciones que no desfallezcan en este arte que gracias a ellos podemos mantener vivo el teatro en Guatemala.<\/p>\n\n\n\n<figure class=\"wp-block-gallery has-nested-images columns-default is-cropped wp-block-gallery-6 is-layout-flex wp-block-gallery-is-layout-flex\">\n<figure class=\"wp-block-image size-large\"><a href=\"https:\/\/heidysandovalruiz.com\/wp-content\/uploads\/2022\/05\/7-2.jpg\"><img loading=\"lazy\" decoding=\"async\" width=\"703\" height=\"273\" data-id=\"7667\" src=\"https:\/\/heidysandovalruiz.com\/wp-content\/uploads\/2022\/05\/7-2.jpg\" alt=\"\" class=\"wp-image-7667\" srcset=\"https:\/\/heidysandovalruiz.com\/wp-content\/uploads\/2022\/05\/7-2.jpg 703w, https:\/\/heidysandovalruiz.com\/wp-content\/uploads\/2022\/05\/7-2-300x117.jpg 300w\" sizes=\"auto, (max-width: 703px) 100vw, 703px\" \/><\/a><\/figure>\n<\/figure>\n\n\n\n<figure class=\"wp-block-gallery has-nested-images columns-default is-cropped wp-block-gallery-7 is-layout-flex wp-block-gallery-is-layout-flex\">\n<figure class=\"wp-block-image size-large\"><a href=\"https:\/\/heidysandovalruiz.com\/wp-content\/uploads\/2022\/05\/8-1.jpg\"><img loading=\"lazy\" decoding=\"async\" width=\"691\" height=\"288\" data-id=\"7668\" src=\"https:\/\/heidysandovalruiz.com\/wp-content\/uploads\/2022\/05\/8-1.jpg\" alt=\"\" class=\"wp-image-7668\" srcset=\"https:\/\/heidysandovalruiz.com\/wp-content\/uploads\/2022\/05\/8-1.jpg 691w, https:\/\/heidysandovalruiz.com\/wp-content\/uploads\/2022\/05\/8-1-300x125.jpg 300w\" sizes=\"auto, (max-width: 691px) 100vw, 691px\" \/><\/a><\/figure>\n<\/figure>\n\n\n\n<figure class=\"wp-block-gallery has-nested-images columns-default is-cropped wp-block-gallery-8 is-layout-flex wp-block-gallery-is-layout-flex\">\n<figure class=\"wp-block-image size-large\"><a href=\"https:\/\/heidysandovalruiz.com\/wp-content\/uploads\/2022\/05\/10-1.jpg\"><img loading=\"lazy\" decoding=\"async\" width=\"697\" height=\"273\" data-id=\"7673\" src=\"https:\/\/heidysandovalruiz.com\/wp-content\/uploads\/2022\/05\/10-1.jpg\" alt=\"\" class=\"wp-image-7673\" srcset=\"https:\/\/heidysandovalruiz.com\/wp-content\/uploads\/2022\/05\/10-1.jpg 697w, https:\/\/heidysandovalruiz.com\/wp-content\/uploads\/2022\/05\/10-1-300x118.jpg 300w\" sizes=\"auto, (max-width: 697px) 100vw, 697px\" \/><\/a><\/figure>\n<\/figure>\n\n\n\n<figure class=\"wp-block-gallery has-nested-images columns-default is-cropped wp-block-gallery-9 is-layout-flex wp-block-gallery-is-layout-flex\">\n<figure class=\"wp-block-image size-large\"><a href=\"https:\/\/heidysandovalruiz.com\/wp-content\/uploads\/2022\/05\/9-2.jpg\"><img loading=\"lazy\" decoding=\"async\" width=\"712\" height=\"288\" data-id=\"7675\" src=\"https:\/\/heidysandovalruiz.com\/wp-content\/uploads\/2022\/05\/9-2.jpg\" alt=\"\" class=\"wp-image-7675\" srcset=\"https:\/\/heidysandovalruiz.com\/wp-content\/uploads\/2022\/05\/9-2.jpg 712w, https:\/\/heidysandovalruiz.com\/wp-content\/uploads\/2022\/05\/9-2-300x121.jpg 300w\" sizes=\"auto, (max-width: 712px) 100vw, 712px\" \/><\/a><\/figure>\n<\/figure>\n\n\n\n<figure class=\"wp-block-gallery has-nested-images columns-default is-cropped wp-block-gallery-10 is-layout-flex wp-block-gallery-is-layout-flex\">\n<figure class=\"wp-block-image size-large\"><a href=\"https:\/\/heidysandovalruiz.com\/wp-content\/uploads\/2022\/05\/12-2.jpg\"><img loading=\"lazy\" decoding=\"async\" width=\"676\" height=\"270\" data-id=\"7677\" src=\"https:\/\/heidysandovalruiz.com\/wp-content\/uploads\/2022\/05\/12-2.jpg\" alt=\"\" class=\"wp-image-7677\" srcset=\"https:\/\/heidysandovalruiz.com\/wp-content\/uploads\/2022\/05\/12-2.jpg 676w, https:\/\/heidysandovalruiz.com\/wp-content\/uploads\/2022\/05\/12-2-300x120.jpg 300w\" sizes=\"auto, (max-width: 676px) 100vw, 676px\" \/><\/a><\/figure>\n<\/figure>\n\n\n\n<figure class=\"wp-block-gallery has-nested-images columns-default is-cropped wp-block-gallery-11 is-layout-flex wp-block-gallery-is-layout-flex\">\n<figure class=\"wp-block-image size-large\"><a href=\"https:\/\/heidysandovalruiz.com\/wp-content\/uploads\/2022\/05\/11-1.jpg\"><img loading=\"lazy\" decoding=\"async\" width=\"429\" height=\"601\" data-id=\"7678\" src=\"https:\/\/heidysandovalruiz.com\/wp-content\/uploads\/2022\/05\/11-1.jpg\" alt=\"\" class=\"wp-image-7678\" srcset=\"https:\/\/heidysandovalruiz.com\/wp-content\/uploads\/2022\/05\/11-1.jpg 429w, https:\/\/heidysandovalruiz.com\/wp-content\/uploads\/2022\/05\/11-1-214x300.jpg 214w\" sizes=\"auto, (max-width: 429px) 100vw, 429px\" \/><\/a><\/figure>\n<\/figure>\n","protected":false},"excerpt":{"rendered":"<div class=\"mh-excerpt\"><p>En las \u201cEntrevistas de Heidy\u201d, como ustedes saben su objetivo es contar historias, esas historias maravillosas que son contadas por quienes las viven, &nbsp;en algunos <a class=\"mh-excerpt-more\" href=\"https:\/\/heidysandovalruiz.com\/?p=7659\" title=\"Reyes P\u00e9rez en \u00abLas entrevistas de Heidy\u00bb\">[&#8230;]<\/a><\/p>\n<\/div>","protected":false},"author":4,"featured_media":7679,"comment_status":"closed","ping_status":"closed","sticky":false,"template":"","format":"standard","meta":{"footnotes":""},"categories":[5],"tags":[],"class_list":["post-7659","post","type-post","status-publish","format-standard","has-post-thumbnail","hentry","category-entrevistas"],"_links":{"self":[{"href":"https:\/\/heidysandovalruiz.com\/index.php?rest_route=\/wp\/v2\/posts\/7659","targetHints":{"allow":["GET"]}}],"collection":[{"href":"https:\/\/heidysandovalruiz.com\/index.php?rest_route=\/wp\/v2\/posts"}],"about":[{"href":"https:\/\/heidysandovalruiz.com\/index.php?rest_route=\/wp\/v2\/types\/post"}],"author":[{"embeddable":true,"href":"https:\/\/heidysandovalruiz.com\/index.php?rest_route=\/wp\/v2\/users\/4"}],"replies":[{"embeddable":true,"href":"https:\/\/heidysandovalruiz.com\/index.php?rest_route=%2Fwp%2Fv2%2Fcomments&post=7659"}],"version-history":[{"count":3,"href":"https:\/\/heidysandovalruiz.com\/index.php?rest_route=\/wp\/v2\/posts\/7659\/revisions"}],"predecessor-version":[{"id":7682,"href":"https:\/\/heidysandovalruiz.com\/index.php?rest_route=\/wp\/v2\/posts\/7659\/revisions\/7682"}],"wp:featuredmedia":[{"embeddable":true,"href":"https:\/\/heidysandovalruiz.com\/index.php?rest_route=\/wp\/v2\/media\/7679"}],"wp:attachment":[{"href":"https:\/\/heidysandovalruiz.com\/index.php?rest_route=%2Fwp%2Fv2%2Fmedia&parent=7659"}],"wp:term":[{"taxonomy":"category","embeddable":true,"href":"https:\/\/heidysandovalruiz.com\/index.php?rest_route=%2Fwp%2Fv2%2Fcategories&post=7659"},{"taxonomy":"post_tag","embeddable":true,"href":"https:\/\/heidysandovalruiz.com\/index.php?rest_route=%2Fwp%2Fv2%2Ftags&post=7659"}],"curies":[{"name":"wp","href":"https:\/\/api.w.org\/{rel}","templated":true}]}}