{"id":7913,"date":"2023-02-26T04:36:54","date_gmt":"2023-02-26T04:36:54","guid":{"rendered":"https:\/\/heidysandovalruiz.com\/?p=7913"},"modified":"2023-02-27T05:12:02","modified_gmt":"2023-02-27T05:12:02","slug":"rolando-cordon-en-las-entrevistas-de-heidy-mis-anecdotas","status":"publish","type":"post","link":"https:\/\/heidysandovalruiz.com\/?p=7913","title":{"rendered":"Rolando Cord\u00f3n en \u00abLas entrevistas de Heidy\u00bb: Mis vivencias"},"content":{"rendered":"\n<p>Para las <strong>\u201cEntrevistas de Heidy\u201d<\/strong> es un gusto compartir las historias de muchos guatemaltecos que han realizado con pasi\u00f3n lo que se han propuesto. Este espacio tiene como finalidad contar las vivencias y an\u00e9cdotas para que se conozcan.<\/p>\n\n\n\n<p>En esta ocasi\u00f3n presento nuevamente a <strong>Rolando Enrique Cord\u00f3n M\u00e9ndez,<\/strong> un buen amigo de nuestro espacio y quien por cierto en entrevistas anteriores nos ha contado sus vivencias en diferentes campos en los que ha incursionado.<\/p>\n\n\n\n<p>Sin embargo, \u00e9l nos sigue sorprendiendo con esas vivencias que quiere contar y que nosotros queremos dejar plasmadas en \u201cLas entrevistas de Heidy\u201d.<\/p>\n\n\n\n<p>Bienvenido Rolan a este espacio que tiene el gusto de que en esta oportunidad nos platicar\u00e1s de otros aspectos de tu vida. (por fis aqu\u00ed saludas)<\/p>\n\n\n\n<p>Hemos conocido de tu trayectoria en Guatemala, como locutor, bombero, artista de cine, radio y televisi\u00f3n, poeta y huelguero, pero hoy vamos a conocer otras vivencias que de alguna manera marcaron tu vida. Bienvenido nuevamente a tu casa Rolan.<\/p>\n\n\n\n<p>Saludos y gracias Heidy por esta nueva oportunidad que me das de saludar a los amigos y comentar algunas experiencias de mi vida, como bombero, locutor actor y activista, todo es unido por mi vida como tal, visitado M\u00e9xico muchas veces desde que sal\u00ed al exilio por primera vez.1964, recuerdo que un a\u00f1o antes hab\u00edan reinagurado el Teatro Blanquita, que hab\u00eda sido demolido a\u00f1os antes, este teatro se llam\u00f3 teatro carpa, y despu\u00e9s en homenaje a la hija de su due\u00f1a Margot Sue. lo bautizaron como Blanquita, teatro con mucha historia.<\/p>\n\n\n\n<p><strong>T\u00fa eres una cajita de Pandoras y tienes mucho que contar, por ejemplo, \u00bfQu\u00e9 recuerdos tienes del Teatro Blanquita? <\/strong>este teatro fue cuna de grandes artistas que han destacado en el ambiente teatral cine, lucha y canto por ejemplo P\u00e9rez Prado, Pedro Infante, Mar\u00eda Victoria, Resortes, Maco Mu\u00f1iz Los Panchos, Lucha Villa, todos los tr\u00edos y mariachis de M\u00e9xico, hay un dicho&nbsp; que dice que para ser artista tiene que haber actuado en el Blanquita, yo no act\u00fae ah\u00ed sin embargo, conoc\u00ed a muchos artistas destacados, como Maco Mu\u00f1iz, el caballo Rojas, Pompin Iglesias, Carlos Lico, Manolo Mu\u00f1oz, Enrique Guzm\u00e1n Carmen Salinas y tantos otros como Eugenia Le\u00f3n, Cesar Costa y a los grandes de M\u00e9xico, a algunos tuve la oportunidad de presentarlos en Cuernavaca en el antiguo&nbsp; platinium en Tapachula y en Guatemala en el cine Tikal y Cali.<\/p>\n\n\n\n<p><strong>\u00bfTuviste alguna amistad estrecha con artistas, locutores o luchadores de la \u00e9poca de oro en M\u00e9xico?<\/strong> Aunque no hubo una amistad estrecha, si hubo una comunicaci\u00f3n directa con Marco Antonio Mu\u00f1iz, el Coky Mu\u00f1iz, Lucha Villa, quien vivi\u00f3 en El Salvador donde se cas\u00f3 y tuvo una hija, familia a la cual visit\u00e9 algunas veces en M\u00e9xico y El Salvador hay algunas an\u00e9cdotas con ella y con los dem\u00e1s cantantes igual que con maco, el maestro armando manzanero a otros que tuve el gusto de conocer a Capulina, Los Polivoces, el gran Napole\u00f3n Jos\u00e9 Jos\u00e9, quienes vinieron a Guatemala y se presentaron en Radio Festival.<\/p>\n\n\n\n<p>Con Rafael Lanuza, visitamos la casa de citas de la bandida en donde tambi\u00e9n se presentaban artistas como Jos\u00e9 Alfredo Jim\u00e9nez, Maco Mu\u00f1iz, Agust\u00edn Lara, Pedro Vargas y tr\u00edos como Los Tres Ases y Los Tres Reyes ah\u00ed se film\u00f3 la pel\u00edcula &nbsp;La Bandida, con Mar\u00eda F\u00e9lix y .Maco Mu\u00f1iz.&nbsp; Do\u00f1a Grace tan famosa en M\u00e9xico como do\u00f1a Elo\u00edsa Vel\u00e1squez \u201cla locha\u201d en Guatemala, por su gran ayuda humanitaria tanto a sus pupilas como a la gente del pueblo.<\/p>\n\n\n\n<figure class=\"wp-block-gallery has-nested-images columns-default is-cropped wp-block-gallery-1 is-layout-flex wp-block-gallery-is-layout-flex\">\n<figure class=\"wp-block-image size-large\"><a href=\"https:\/\/heidysandovalruiz.com\/wp-content\/uploads\/2023\/02\/422353_429102500474639_67526030_n.jpg\"><img loading=\"lazy\" decoding=\"async\" width=\"288\" height=\"216\" data-id=\"7930\" src=\"https:\/\/heidysandovalruiz.com\/wp-content\/uploads\/2023\/02\/422353_429102500474639_67526030_n.jpg\" alt=\"\" class=\"wp-image-7930\"\/><\/a><figcaption class=\"wp-element-caption\">Con Blue Demons<\/figcaption><\/figure>\n\n\n\n<figure class=\"wp-block-image size-large\"><a href=\"https:\/\/heidysandovalruiz.com\/wp-content\/uploads\/2023\/02\/120600934_3711951675523022_5556380394641803288_n.jpg\"><img loading=\"lazy\" decoding=\"async\" width=\"219\" height=\"216\" data-id=\"7929\" src=\"https:\/\/heidysandovalruiz.com\/wp-content\/uploads\/2023\/02\/120600934_3711951675523022_5556380394641803288_n.jpg\" alt=\"\" class=\"wp-image-7929\"\/><\/a><figcaption class=\"wp-element-caption\">Con Vicente Fern\u00e1ndez<\/figcaption><\/figure>\n<\/figure>\n\n\n\n<p><strong>En la XEW \u00bfC\u00f3mo hiciste para agenci\u00e1rtelas y llegar a conocer a tantas personalidades de la \u00e9poca? T<\/strong>uve la oportunidad de estudiar algunos cursos en la academia de teatro y cine y radio de don Andr\u00e9s Soler y tambi\u00e9n conoc\u00ed a grandes del teatro cine y radio como el maestro Seky Sano maestro de Pedro Infante y Jorge Negrete, aunque no trabaj\u00e9 en la XEW, tuve el gusto de hacer algunos cap\u00edtulos de radio novelas para recibir mis diplomas, conste que ya llevaba alguna experiencia del radio teatro infantil, la novela guatemalteca y el Tribunal de la Alegr\u00eda en TGW la Voz de Guatemala. Vienen a mi memoria programas como la \u201cHora Colgate\u201d, \u201dMomentos \u00cdntimos\u201d, \u201cLa hora Guillet\u201d, \u201cLa hora del aficionado\u201d&nbsp; y el programa \u201cAzul\u201d ,inspiraci\u00f3n para m\u00ed, para la declamaci\u00f3n de poemas, este programa creo a\u00fan tiene su tiempo.<\/p>\n\n\n\n<p>La radio fue el pilar de Televisa con el se\u00f1or Emilio Ascarraga novelas como \u201cEl ojo de vidrio\u201d, \u201dEl monge loco\u201d, \u201dTamak\u00fan\u201d que se transmit\u00edan en vivo desde los estudios oro y plata.<\/p>\n\n\n\n<p><strong>\u00bfAlguna vez fuiste presentador de eventos en M\u00e9xico o cualquier otro pa\u00eds que no fuera Guatemala? <\/strong>Es importante te mencionarte mi carrera como presentador y animador, pues muchas veces hay personas que son buenas como locutores de cabina no as\u00ed como presentadores y animadores. Como animador me he presentado en los festivales de salsa celebrados en el teatro al aire libre con mi buen amigo Ren\u00e9 Funes en los a\u00f1os 80s presentando a grupos como Rana, FM de Zacapa, Oscar de Le\u00f3n, Los Negros del Batacha, Rolando Ortega, Hermanos Rosario, Chaquet\u00f3n y su Combo.<\/p>\n\n\n\n<p>En Tapachula, Cuernavaca M\u00e9xico y otros estados tuve la oportunidad de presentar a Maco Mu\u00f1iz, Eugenia Le\u00f3n, Mariachi Vargas, Enrique Guzm\u00e1n, Napole\u00f3n, Alberto V\u00e1squez, Cesar Costa y c\u00f3micos como el flaco Iba\u00f1ez, y otros que por tiempo se hace muy largo mencionar.<\/p>\n\n\n\n<p>Asimismo, anim\u00e9 conciertos de marimba y presentaciones con Rebeca Morales \u201cRebesalsa\u201d en el Teatro de C\u00e1mara y Gran Teatro Nacional.<\/p>\n\n\n\n<p>Tambi\u00e9n tuve el orgullo de presentar a la Billos Caracas Boys y Felipe Pirela, en esta orquesta cantaron Memo Morales, Jos\u00e9 Luis Rodr\u00edguez \u201cel puma\u201d, la orquesta a\u00fan sigue vigente.&nbsp; Hay tantas historias y an\u00e9cdotas de todo lo vivido.<\/p>\n\n\n\n<p><strong>Has sido de sangre aventurera \u00bfQuieres contarnos de tus tiempos de combatiente? <\/strong>En el h\u00e1bito estudiar y huelguero se puede unir con la \u00e9poca de combatiente, despu\u00e9s de pasar por el fuego estoy en la Universidad de San Carlos, ante tanta masacre, comienza mi vida como poeta rebelde, gano varios festivales de poes\u00eda tanto en la USAC como en la Universidad .de la Habana.&nbsp; Mi rebeld\u00eda me hace ser miembro de la JPT en donde participo como combatiente urbano.me hace salir nuevamente a M\u00e9xico y Cuba, vida dif\u00edcil como asilado y tengo que recurrir a mis dones de locutor y actor habiendo participado en varios programas y pel\u00edculas tanto en M\u00e9xico como en Guatemala.<\/p>\n\n\n\n<p><strong>\u00bfParticipaste en pel\u00edculas mexicanas? Y si es as\u00ed de que g\u00e9nero \u00bfacci\u00f3n. aventuras, ciencia ficci\u00f3n o comedia? <\/strong>Pel\u00edculas con grandes luchadores como El Santo, Hurac\u00e1n Ram\u00edrez,&nbsp; Mil M\u00e1scaras, Blue Demon y otras pel\u00edculas en Guatemala.&nbsp; Fuera de la lucha \u201cEl silencio de Neto\u201d, \u201cDonde acaban los caminos\u201d en donde no salgo por lo largo de la pel\u00edcula, \u201cLa vida del Hermano Pedro, \u201cLos campeones justicieros\u201d,&nbsp; \u201cSemana Santa en Acapulco\u201d con Lucha Villa y otras con Capulina y otros grandes maestros.<\/p>\n\n\n\n<figure class=\"wp-block-gallery has-nested-images columns-default is-cropped wp-block-gallery-2 is-layout-flex wp-block-gallery-is-layout-flex\">\n<figure class=\"wp-block-image size-large\"><a href=\"https:\/\/heidysandovalruiz.com\/wp-content\/uploads\/2023\/02\/300568956_5754090191309150_8220215950476049007_n.jpg\"><img decoding=\"async\" data-id=\"7917\" src=\"https:\/\/heidysandovalruiz.com\/wp-content\/uploads\/2023\/02\/300568956_5754090191309150_8220215950476049007_n.jpg\" alt=\"\" class=\"wp-image-7917\"\/><\/a><\/figure>\n<\/figure>\n\n\n\n<p>Programas de radio como \u201cP\u00e9talos grises\u201d, \u201cBoleros inolvidables\u201d, \u201cEspeciales del domingo\u201d,&nbsp; \u201cM\u00fasica y poes\u00eda en la noche a la ca\u00edda del sol\u201d. Como huelguero del mont\u00f3n de a\u00f1os que acumulo he participado en m\u00e1s de sesenta huelgas incluyendo las famosas veladas estudiantiles ganando una chabela de oro y una Rogelia Cruz, con el grupo los Mezquinos D\u00edaz de nuestro tiempo.<\/p>\n\n\n\n<p><strong>\u00bfY qu\u00e9 nos cuentas de tu vida en el aspecto general? <\/strong>De parte de los bomberos. Particip\u00e9 como rescatista topo y salvavidas&nbsp; me he salvado gracias a Dios, de tres atentados, 2 terremotos 2 guerras, y una operaci\u00f3n a coraz\u00f3n abierto. Hubo tiempo de todo compaginando tiempo y horas de trabajo que me dieron de comer y mantener a mi bella familia. Sigo aqu\u00ed a mis casi 80 a\u00f1os y me duele darme cuenta como se han ido muchos amigos a los cuales extra\u00f1o tanto como compa\u00f1eros de estudio, bomberos, universitarios, combatientes locutores y artistas. Actualmente son pocos los amigos que tengo pero los que se fueron siempre los recuerdo con cari\u00f1o siempre he dicho compa\u00f1eros muchos amigos pocos conocidos un mont\u00f3n.<\/p>\n\n\n\n<p><strong>\u00bfAlguna bonita aventura que te toc\u00f3 vivir en Guatemala y en M\u00e9xico?<\/strong> Entre las grandes aventuras que he tenido a nivel art\u00edstica, fue la gira en la que tuve la oportunidad de acompa\u00f1ar por invitaci\u00f3n a algunos estados de M\u00e9xico con la Sonora Santanera, Los Hermanos Busto, Silvestre Mercado y los Hermanos Colorado. Hubo una Santanera y hoy existen m\u00e1s de 8 con el mismo estilo un ambiente agradable alegre y con pago por presentaci\u00f3n, ellos vinieron a Guatemala varias veces y dos de ellas la trajimos los muchachos de Econ\u00f3micas de la USAC. Otra grata experiencia fue una peque\u00f1a gira por algunos municipios de Guatemala fue con C\u00e9sar G\u00e1lvez \u201cChecha y su India Maya\u201d, .he sido alegre duro y rom\u00e1ntico y andaba tambi\u00e9n metido en muchas fiestas y lugares en donde conoc\u00ed y me conocieron muchas personas. fiestas como las de los institutos nacionales, de Guatel, el IGSS, la interbancaria, fiesta de la ALG o los locutores, sin miedo de andar en la calle y salir de los salones o de los club nocturnos a altas horas de la noche y recorrer las calles sin tanto peligro.<\/p>\n\n\n\n<figure class=\"wp-block-gallery has-nested-images columns-default is-cropped wp-block-gallery-3 is-layout-flex wp-block-gallery-is-layout-flex\">\n<figure class=\"wp-block-image size-large\"><a href=\"https:\/\/heidysandovalruiz.com\/wp-content\/uploads\/2023\/02\/94073903_3387692124592341_6289608292184358912_n.jpg\"><img loading=\"lazy\" decoding=\"async\" width=\"300\" height=\"225\" data-id=\"7931\" src=\"https:\/\/heidysandovalruiz.com\/wp-content\/uploads\/2023\/02\/94073903_3387692124592341_6289608292184358912_n.jpg\" alt=\"\" class=\"wp-image-7931\"\/><\/a><figcaption class=\"wp-element-caption\">Con Herberth Menesdes<\/figcaption><\/figure>\n\n\n\n<figure class=\"wp-block-image size-large\"><a href=\"https:\/\/heidysandovalruiz.com\/wp-content\/uploads\/2023\/02\/95598905_3276111875773673_6835382813122887680_n.jpg\"><img loading=\"lazy\" decoding=\"async\" width=\"324\" height=\"432\" data-id=\"7932\" src=\"https:\/\/heidysandovalruiz.com\/wp-content\/uploads\/2023\/02\/95598905_3276111875773673_6835382813122887680_n.jpg\" alt=\"\" class=\"wp-image-7932\" srcset=\"https:\/\/heidysandovalruiz.com\/wp-content\/uploads\/2023\/02\/95598905_3276111875773673_6835382813122887680_n.jpg 324w, https:\/\/heidysandovalruiz.com\/wp-content\/uploads\/2023\/02\/95598905_3276111875773673_6835382813122887680_n-225x300.jpg 225w\" sizes=\"auto, (max-width: 324px) 100vw, 324px\" \/><\/a><figcaption class=\"wp-element-caption\">Con Juan de Dios Quezada<\/figcaption><\/figure>\n<\/figure>\n\n\n\n<p><strong>Pero tambi\u00e9n fuiste parrandero \u00bfQu\u00e9 lugares te gustaba visitar? \u00bfY de artistas con quienes tuviste estrecha amistad?<\/strong> Me gustaban lugares como el Bochorno, El Bodeg\u00f3n, La Carroza Roja,&nbsp; El Candil, Bar El Refugio, La Cueva de los Capitanes, el Mau Mau, El Comal (hab\u00edan varios).<\/p>\n\n\n\n<p>Claro que tuve amistad con &nbsp;tantos buenos amigos unos ya no est\u00e1n y otros a\u00fan viven y nos vemos de vez en cuando, como Carlo Emilio Karim May, Blanca Lidia, Lynda Sard\u00e1, Daniel Chinchilla Elizabeth de Guatemala, Rebesalsa y otros que est\u00e1n en el extranjero como Alvaro Torres y Daniel Salazar entre otros.<\/p>\n\n\n\n<p><strong>\u00bfPuedes recordar algunas radios de la \u00e9poca y con qui\u00e9nes compartiste micr\u00f3fono?<\/strong> Por supuesto, algunas radios de la \u00e9poca de los 60s y locutores con los cuales compart\u00ed micr\u00f3fono y experiencia son Radio la Voz de las Am\u00e9ricas, Radio Nacional TGW, 1210 Universal, Club 1000, Reloj Cadena Maya y otras como Nuevo Mundo, Radio Mundial y otras. Compart\u00ed cabina con locutores como Oscar Carranza, Roberto y Gloria Bocaletti, Carlos Bock Milla Otto Ren\u00e9 Mancilla, Tonito Almorza, Marco Antonio Reyes y mis grandes amigos y maestros Adolfo M\u00e9ndez Zepeda, Carlitos Rivas y tantos m\u00e1s que hace falta tiempo y espacio.<\/p>\n\n\n\n<p><strong>Mira \u00bfY qu\u00e9 nos puedes platicar de los moteles de la \u00e9poca? Esto en cuanto a la relaci\u00f3n con acontecimientos que se viv\u00edan en ese entonces. <\/strong>Vienen a la mente algunos templos del amor y la pasi\u00f3n llamados moteles, recuerdo que uno de los primeros de la \u00e9poca de los 60s fue uno llamado Camel en la zona 12 que a\u00fan existe, despu\u00e9s aparecieron otros por la Calzada Roosevelt pero este Camel ten\u00eda la caracter\u00edstica que en las puertas ten\u00eda un sem\u00e1foro que significaba luz roja ocupado, amarilla y verde libre, muchas veces esper\u00e1bamos el color amarillo y preparar motores para poder entrar y costaba tres quetzales unas tres horas. Despu\u00e9s apareci\u00f3 otro en la Roosevelt Las mil y una noche, con sus habitaciones decoradas de diferentes estilos, estaba entre otros el sal\u00f3n de los espejos, la cueva, templo romano y otros nombres. Estaban tambi\u00e9n los moteles en la zona de la Roosevelt, El Acapulco El Americano, La Pantera Rosa, El Refugio y otros por la carretera a Amatitl\u00e1n y Carretera a El Salvador. Aparte de ser templos del amor, a los muchachos combatientes nos sirvieron de refugio y escondite de la temible polic\u00eda judicial. Hay mucho que contar y an\u00e9cdotas de estos lugares. Recuerdo que una vez fuimos a una fiesta con una chica de aquel entonces y al salir pasamos a descansar un rato a Las Mil y una noche, los dos llevamos ropa blanca, y estaba lloviendo, se hab\u00eda vencido el tiempo y tuvimos que salir r\u00e1pido las calles no estaban asfaltadas y mi carro un VW se qued\u00f3 atascado y no hab\u00eda quien nos auxiliara, as\u00ed que tuvimos bajo la lluvia que empujarlo entre los dos nos llenamos de lodo y te puedes imaginar las fachas que tuve que entregar .jaja. Hay m\u00e1s pero otro d\u00eda se las contar\u00e9\u2026<\/p>\n\n\n\n<p><strong>Rolan un tema del que muchos no hablan pero es inevitable, es la muerte \u00bfC\u00f3mo quieres que se te recuerde? Y \u00bfQu\u00e9 opini\u00f3n te merece ese tema?<\/strong> un Maestro, buen esposo y buen padre de familia con aciertos y errores, sin riquezas materiales pero conforme de lo que hecho en mi vida. Una familia repito preciosa que me ha apoyado en todo. He viajado, he gozado yo puedo decir <strong>NO ME HE OLVIDADO DE VIVIR,<\/strong> no he hecho mal a nadie puedo morir tranquilo y en paz. Te dejo una frase que significa mucho para m\u00ed \u201camo a Guatemala al barrio en do de nac\u00ed y a los pocos amigos que tengo\u201d.<\/p>\n\n\n\n<figure class=\"wp-block-gallery has-nested-images columns-default is-cropped wp-block-gallery-4 is-layout-flex wp-block-gallery-is-layout-flex\">\n<figure class=\"wp-block-image size-large\"><a href=\"https:\/\/heidysandovalruiz.com\/wp-content\/uploads\/2023\/02\/132417499_3943000329084821_1443099568796351100_n.jpg\"><img decoding=\"async\" data-id=\"7921\" src=\"https:\/\/heidysandovalruiz.com\/wp-content\/uploads\/2023\/02\/132417499_3943000329084821_1443099568796351100_n.jpg\" alt=\"\" class=\"wp-image-7921\"\/><\/a><figcaption class=\"wp-element-caption\">Con su inseparable Viole<\/figcaption><\/figure>\n<\/figure>\n\n\n\n<p><strong>\u00bfQu\u00e9 nos puedes compartir en este d\u00eda que arribas a tus 80 a\u00f1os<\/strong>? Como dice la canci\u00f3n bonito recordar este 15 de marzo que cumplo mis 80 a\u00f1os y no me puedo quejar he vivido entre, peligros, aventuras amores una vida sana alegre y feliz entre chistes, seriedad &nbsp;y alegr\u00edas,<\/p>\n\n\n\n<p>Muchos dicen que el pasado ya pas\u00f3 yo considero que hay que recordar el pasado, con su m\u00fasica, sus recuerdos buenos y malos, como locutor me recuerdo de tantas cosas lindas de ese pasado maravilloso, ya voy llegando a la \u00faltima estaci\u00f3n&nbsp; de la vida que no s\u00e9 cuando pero que est\u00e1 cerca y por eso trato de ser lo m\u00e1s feliz que puedo. Fui gran bailador y me recuerdo de esos bailes que te coment\u00e9, ahora por la dificultad de transporte me es dif\u00edcil hacerlo pero conservo el esp\u00edritu alegre parrandero y chistoso que siempre he sido recuerdo las buenas marimbas orquestas, tr\u00edos y cantantes de la \u00e9poca pasada y presente.<\/p>\n\n\n\n<p>Leer tus haza\u00f1as es fant\u00e1stico porque aunque muchos han vivido momentos similares, no les gusta publicarlo y que bueno que tu si lo hagas porque se queda ac\u00e1 plasmada la historia tuya en diversos aspectos.&nbsp; Te agradezco el tiempo que nos das para poder reproducir tu historia.&nbsp; Que tengas un maravillo a\u00f1o 2023!!! Con esos 80 a\u00f1os a los que hoy arribas y que festejar\u00e1s al lado de Viole tu esposa, hijos y dem\u00e1s familia.<\/p>\n","protected":false},"excerpt":{"rendered":"<div class=\"mh-excerpt\"><p>Para las \u201cEntrevistas de Heidy\u201d es un gusto compartir las historias de muchos guatemaltecos que han realizado con pasi\u00f3n lo que se han propuesto. Este <a class=\"mh-excerpt-more\" href=\"https:\/\/heidysandovalruiz.com\/?p=7913\" title=\"Rolando Cord\u00f3n en \u00abLas entrevistas de Heidy\u00bb: Mis vivencias\">[&#8230;]<\/a><\/p>\n<\/div>","protected":false},"author":4,"featured_media":7923,"comment_status":"closed","ping_status":"closed","sticky":false,"template":"","format":"standard","meta":{"footnotes":""},"categories":[5],"tags":[],"class_list":["post-7913","post","type-post","status-publish","format-standard","has-post-thumbnail","hentry","category-entrevistas"],"_links":{"self":[{"href":"https:\/\/heidysandovalruiz.com\/index.php?rest_route=\/wp\/v2\/posts\/7913","targetHints":{"allow":["GET"]}}],"collection":[{"href":"https:\/\/heidysandovalruiz.com\/index.php?rest_route=\/wp\/v2\/posts"}],"about":[{"href":"https:\/\/heidysandovalruiz.com\/index.php?rest_route=\/wp\/v2\/types\/post"}],"author":[{"embeddable":true,"href":"https:\/\/heidysandovalruiz.com\/index.php?rest_route=\/wp\/v2\/users\/4"}],"replies":[{"embeddable":true,"href":"https:\/\/heidysandovalruiz.com\/index.php?rest_route=%2Fwp%2Fv2%2Fcomments&post=7913"}],"version-history":[{"count":3,"href":"https:\/\/heidysandovalruiz.com\/index.php?rest_route=\/wp\/v2\/posts\/7913\/revisions"}],"predecessor-version":[{"id":7936,"href":"https:\/\/heidysandovalruiz.com\/index.php?rest_route=\/wp\/v2\/posts\/7913\/revisions\/7936"}],"wp:featuredmedia":[{"embeddable":true,"href":"https:\/\/heidysandovalruiz.com\/index.php?rest_route=\/wp\/v2\/media\/7923"}],"wp:attachment":[{"href":"https:\/\/heidysandovalruiz.com\/index.php?rest_route=%2Fwp%2Fv2%2Fmedia&parent=7913"}],"wp:term":[{"taxonomy":"category","embeddable":true,"href":"https:\/\/heidysandovalruiz.com\/index.php?rest_route=%2Fwp%2Fv2%2Fcategories&post=7913"},{"taxonomy":"post_tag","embeddable":true,"href":"https:\/\/heidysandovalruiz.com\/index.php?rest_route=%2Fwp%2Fv2%2Ftags&post=7913"}],"curies":[{"name":"wp","href":"https:\/\/api.w.org\/{rel}","templated":true}]}}