{"id":795,"date":"2014-01-13T16:58:03","date_gmt":"2014-01-13T16:58:03","guid":{"rendered":"http:\/\/heidysandovalruiz.com\/?p=795"},"modified":"2014-01-18T01:49:37","modified_gmt":"2014-01-18T01:49:37","slug":"manana-nuestro-sitio-web-a-sus-ordenes","status":"publish","type":"post","link":"https:\/\/heidysandovalruiz.com\/?p=795","title":{"rendered":"Nuestro sitio web a sus \u00f3rdenes"},"content":{"rendered":"<p style=\"text-align: justify;\"><span style=\"color: #003300;\">Bueno mis estimad@s amig@s, ma\u00f1ana iniciamos la \u00abSegunda Temporada de Las Entrevistas de Heidy\u00bb, realmente me siento muy contenta y emocionada porque hemos logrado llegar a diversos lugares que ni idea. Eso nos motiva a seguir adelante con\u00a0Gustavo\u00a0<a href=\"https:\/\/www.facebook.com\/gustavo.ordonez.583\" data-hovercard=\"\/ajax\/hovercard\/user.php?id=1127071169&amp;extragetparams=%7B%22directed_target_id%22%3A0%7D\"><span style=\"color: #003300;\">Gustavo Ordo\u00f1ez<\/span><\/a>\u00a0para continuar en el camino de entrevistas y reportajes. Para el martes 14 d\u00eda de nuestro regreso, para iniciar esta temporada tenemos a\u00a0<a href=\"https:\/\/www.facebook.com\/diegopequeguatemala\" data-hovercard=\"\/ajax\/hovercard\/user.php?id=100006853303897&amp;extragetparams=%7B%22directed_target_id%22%3A0%7D\"><span style=\"color: #003300;\">Diego Gomez El Peque<\/span><\/a>\u00a0quien ha compartido con nosotros datos interesantes de su actividad period\u00edstica y de su entorno familiar y para este jueves 16 nuestro invitado es un locutor con gran carisma\u00a0<a href=\"https:\/\/www.facebook.com\/byron.radioestrella\" data-hovercard=\"\/ajax\/hovercard\/user.php?id=100000649668385&amp;extragetparams=%7B%22directed_target_id%22%3A0%7D\"><span style=\"color: #003300;\">Byron Valdizon<\/span><\/a>. <\/span><\/p>\n<p style=\"text-align: justify;\"><span style=\"color: #003300;\">Desde ma\u00f1ana podr\u00e1n buscar en nuestro Sitio Web, el blog y la Fan Page de Los invitados de Heidy las entrevistas. \u00a0Lo que yo le pido a mis amig@s de FB y a sus amig@s es compartir nuestro trabajo el cual lo hacemos con todo cari\u00f1o para que se enteren que hacen y como se inician nuestros invitados en u profesi\u00f3n u oficio. Gracias por compartir nuestra informaci\u00f3n!!!!<\/span><\/p>\n","protected":false},"excerpt":{"rendered":"<div class=\"mh-excerpt\"><p>Bueno mis estimad@s amig@s, ma\u00f1ana iniciamos la \u00abSegunda Temporada de Las Entrevistas de Heidy\u00bb, realmente me siento muy contenta y emocionada porque hemos logrado llegar <a class=\"mh-excerpt-more\" href=\"https:\/\/heidysandovalruiz.com\/?p=795\" title=\"Nuestro sitio web a sus \u00f3rdenes\">[&#8230;]<\/a><\/p>\n<\/div>","protected":false},"author":4,"featured_media":796,"comment_status":"closed","ping_status":"closed","sticky":false,"template":"","format":"standard","meta":{"footnotes":""},"categories":[5],"tags":[],"class_list":["post-795","post","type-post","status-publish","format-standard","has-post-thumbnail","hentry","category-entrevistas"],"_links":{"self":[{"href":"https:\/\/heidysandovalruiz.com\/index.php?rest_route=\/wp\/v2\/posts\/795","targetHints":{"allow":["GET"]}}],"collection":[{"href":"https:\/\/heidysandovalruiz.com\/index.php?rest_route=\/wp\/v2\/posts"}],"about":[{"href":"https:\/\/heidysandovalruiz.com\/index.php?rest_route=\/wp\/v2\/types\/post"}],"author":[{"embeddable":true,"href":"https:\/\/heidysandovalruiz.com\/index.php?rest_route=\/wp\/v2\/users\/4"}],"replies":[{"embeddable":true,"href":"https:\/\/heidysandovalruiz.com\/index.php?rest_route=%2Fwp%2Fv2%2Fcomments&post=795"}],"version-history":[{"count":2,"href":"https:\/\/heidysandovalruiz.com\/index.php?rest_route=\/wp\/v2\/posts\/795\/revisions"}],"predecessor-version":[{"id":858,"href":"https:\/\/heidysandovalruiz.com\/index.php?rest_route=\/wp\/v2\/posts\/795\/revisions\/858"}],"wp:featuredmedia":[{"embeddable":true,"href":"https:\/\/heidysandovalruiz.com\/index.php?rest_route=\/wp\/v2\/media\/796"}],"wp:attachment":[{"href":"https:\/\/heidysandovalruiz.com\/index.php?rest_route=%2Fwp%2Fv2%2Fmedia&parent=795"}],"wp:term":[{"taxonomy":"category","embeddable":true,"href":"https:\/\/heidysandovalruiz.com\/index.php?rest_route=%2Fwp%2Fv2%2Fcategories&post=795"},{"taxonomy":"post_tag","embeddable":true,"href":"https:\/\/heidysandovalruiz.com\/index.php?rest_route=%2Fwp%2Fv2%2Ftags&post=795"}],"curies":[{"name":"wp","href":"https:\/\/api.w.org\/{rel}","templated":true}]}}