{"id":8317,"date":"2025-01-10T05:33:55","date_gmt":"2025-01-10T05:33:55","guid":{"rendered":"https:\/\/heidysandovalruiz.com\/?p=8317"},"modified":"2025-01-10T05:33:57","modified_gmt":"2025-01-10T05:33:57","slug":"fernando-perez-en-las-entrevistas-de-heidy","status":"publish","type":"post","link":"https:\/\/heidysandovalruiz.com\/?p=8317","title":{"rendered":"Fernando P\u00e9rez en \u00abLas entrevistas de Heidy\u00bb"},"content":{"rendered":"\n<p>Comparto con ustedes la entrevista realizada a un m\u00fasico excepcional, profesional, trabajador y muy carism\u00e1tico, un percusionista que inici\u00f3 sus estudios en la m\u00fasica all\u00e1 por el a\u00f1o 1981\u2026\u00e9l es&nbsp;<strong>Fernando P\u00e9rez<\/strong>, quien acept\u00f3 compartir con nosotros un cargamento de recuerdos, an\u00e9cdotas y muchos m\u00e1s.<\/p>\n\n\n\n<p>Particip\u00f3 en el Concierto  homenaje a Jos\u00e9 Alfredo Jim\u00e9nez, junto al mariachi 2000 de Cutberto P\u00e9rez. Para este concierto fue invitado como Fernando P\u00e9rez y Lat\u00edn Jazz Band para acompa\u00f1ar a diferentes cantantes del \u00e1mbito nacional.<\/p>\n\n\n\n<p>Les invito a conocer lo que nuestro invitado ha realizado a lo largo de su carrera.<\/p>\n\n\n\n<p><\/p>\n\n\n<p><iframe loading=\"lazy\" title=\"YouTube video player\" src=\"https:\/\/www.youtube.com\/embed\/xrkBzHw6Sp0?si=ERCXM6l0JkwKwhLe\" width=\"560\" height=\"315\" frameborder=\"0\" allowfullscreen=\"allowfullscreen\"><\/iframe><\/p>\n\n\n<figure class=\"wp-block-gallery has-nested-images columns-default is-cropped wp-block-gallery-1 is-layout-flex wp-block-gallery-is-layout-flex\">\n<figure class=\"wp-block-image size-large\"><a href=\"https:\/\/heidysandovalruiz.com\/wp-content\/uploads\/2025\/01\/1-1.jpg\"><img loading=\"lazy\" decoding=\"async\" width=\"482\" height=\"640\" data-id=\"8325\" src=\"https:\/\/heidysandovalruiz.com\/wp-content\/uploads\/2025\/01\/1-1.jpg\" alt=\"\" class=\"wp-image-8325\" srcset=\"https:\/\/heidysandovalruiz.com\/wp-content\/uploads\/2025\/01\/1-1.jpg 482w, https:\/\/heidysandovalruiz.com\/wp-content\/uploads\/2025\/01\/1-1-226x300.jpg 226w\" sizes=\"auto, (max-width: 482px) 100vw, 482px\" \/><\/a><\/figure>\n\n\n\n<figure class=\"wp-block-image size-large\"><a href=\"https:\/\/heidysandovalruiz.com\/wp-content\/uploads\/2025\/01\/3-1.jpg\"><img loading=\"lazy\" decoding=\"async\" width=\"301\" height=\"400\" data-id=\"8324\" src=\"https:\/\/heidysandovalruiz.com\/wp-content\/uploads\/2025\/01\/3-1.jpg\" alt=\"\" class=\"wp-image-8324\" srcset=\"https:\/\/heidysandovalruiz.com\/wp-content\/uploads\/2025\/01\/3-1.jpg 301w, https:\/\/heidysandovalruiz.com\/wp-content\/uploads\/2025\/01\/3-1-226x300.jpg 226w\" sizes=\"auto, (max-width: 301px) 100vw, 301px\" \/><\/a><\/figure>\n<\/figure>\n","protected":false},"excerpt":{"rendered":"<div class=\"mh-excerpt\"><p>Comparto con ustedes la entrevista realizada a un m\u00fasico excepcional, profesional, trabajador y muy carism\u00e1tico, un percusionista que inici\u00f3 sus estudios en la m\u00fasica all\u00e1 <a class=\"mh-excerpt-more\" href=\"https:\/\/heidysandovalruiz.com\/?p=8317\" title=\"Fernando P\u00e9rez en \u00abLas entrevistas de Heidy\u00bb\">[&#8230;]<\/a><\/p>\n<\/div>","protected":false},"author":4,"featured_media":8321,"comment_status":"closed","ping_status":"closed","sticky":false,"template":"","format":"standard","meta":{"footnotes":""},"categories":[5],"tags":[],"class_list":["post-8317","post","type-post","status-publish","format-standard","has-post-thumbnail","hentry","category-entrevistas"],"_links":{"self":[{"href":"https:\/\/heidysandovalruiz.com\/index.php?rest_route=\/wp\/v2\/posts\/8317","targetHints":{"allow":["GET"]}}],"collection":[{"href":"https:\/\/heidysandovalruiz.com\/index.php?rest_route=\/wp\/v2\/posts"}],"about":[{"href":"https:\/\/heidysandovalruiz.com\/index.php?rest_route=\/wp\/v2\/types\/post"}],"author":[{"embeddable":true,"href":"https:\/\/heidysandovalruiz.com\/index.php?rest_route=\/wp\/v2\/users\/4"}],"replies":[{"embeddable":true,"href":"https:\/\/heidysandovalruiz.com\/index.php?rest_route=%2Fwp%2Fv2%2Fcomments&post=8317"}],"version-history":[{"count":1,"href":"https:\/\/heidysandovalruiz.com\/index.php?rest_route=\/wp\/v2\/posts\/8317\/revisions"}],"predecessor-version":[{"id":8326,"href":"https:\/\/heidysandovalruiz.com\/index.php?rest_route=\/wp\/v2\/posts\/8317\/revisions\/8326"}],"wp:featuredmedia":[{"embeddable":true,"href":"https:\/\/heidysandovalruiz.com\/index.php?rest_route=\/wp\/v2\/media\/8321"}],"wp:attachment":[{"href":"https:\/\/heidysandovalruiz.com\/index.php?rest_route=%2Fwp%2Fv2%2Fmedia&parent=8317"}],"wp:term":[{"taxonomy":"category","embeddable":true,"href":"https:\/\/heidysandovalruiz.com\/index.php?rest_route=%2Fwp%2Fv2%2Fcategories&post=8317"},{"taxonomy":"post_tag","embeddable":true,"href":"https:\/\/heidysandovalruiz.com\/index.php?rest_route=%2Fwp%2Fv2%2Ftags&post=8317"}],"curies":[{"name":"wp","href":"https:\/\/api.w.org\/{rel}","templated":true}]}}