{"id":84,"date":"2013-07-04T20:33:11","date_gmt":"2013-07-04T20:33:11","guid":{"rendered":"http:\/\/heidysandovalruiz.com\/?p=84"},"modified":"2015-04-12T01:27:24","modified_gmt":"2015-04-12T01:27:24","slug":"la-cara-amiga-de-flora-maria-mendez","status":"publish","type":"post","link":"https:\/\/heidysandovalruiz.com\/?p=84","title":{"rendered":"La cara amiga de \u00abFlora Mar\u00eda M\u00e9ndez\u00bb"},"content":{"rendered":"<p style=\"text-align: justify;\"><span style=\"color: #0854f6;\">Hoy en la \u201dCara amiga de nuestros artistas\u201d, presentamos a una complet\u00edsima figura de las tablas ella es <strong>Flora Mar\u00eda M\u00e9ndez<\/strong>, quien posee una Licenciatura en arte, adem\u00e1s de ser actriz de teatro y cine, es directora de teatro, y por si fuera poco actualmente imparte clases en la Escuela de Arte de la USAC.\u00a0 Les invito a que conozcamos algo de esta artista que tambi\u00e9n promueve nuevos valores.<\/span><\/p>\n<p><span style=\"color: #0854f6;\"><strong>C\u00f3mo incursionas en el teatro y a qu\u00e9 edad?\u00a0<\/strong> Me inici\u00e9 en el teatro a los 18 a\u00f1os en la compa\u00f1\u00eda de teatro Kodaly con Alma Monsanto, haciendo teatro musical. Ah\u00ed conoc\u00ed a muchas personas, hice amigos y ellos me llevaron a otros montajes con el grupo Diez Jr. con Ricardo Mart\u00ednez y Escenario 7-79 con Manuel Lisandro Ch\u00e1vez. As\u00ed me fui quedando y aqu\u00ed estoy<\/span>\u00a0<span style=\"color: #0000ff;\">a\u00fan.<\/span><\/p>\n<p style=\"text-align: justify;\"><span style=\"color: #0854f6;\"><strong>En el teatro hay varios g\u00e9neros drama, comedia, mon\u00f3logo entre otros, por cual te inclinas?<\/strong>\u00a0 Me gustan todos los g\u00e9neros, todos tienen retos y sus particularidades, y bien ejecutados tienen la misma satisfacci\u00f3n del trabajo bien hecho. Al final, para m\u00ed lo que importa no es tanto lo que hac\u00e9s, sino c\u00f3mo lo hac\u00e9s y disfrutarlo.<\/span><\/p>\n<p style=\"text-align: justify;\"><span style=\"color: #0854f6;\"><strong>Que te gusta transmitirle a los estudiantes de teatro?<\/strong> Soy muy f\u00edsica, me gusta que aprendan a usar su cuerpo, a entenderlo y a comunicar con \u00e9l. Trato de estimular su creatividad para que encuentren su propia voz, su propio estilo, su manera de hacer las cosas a partir de las herramientas que adquieren. Que sean propositivos, que asuman su papel de creadores con responsabilidad. Que rompan sus barreras y no se pongan l\u00edmites. Me alegra saber que nos divertimos aprendiendo y eso hace que su gusto por la actuaci\u00f3n crezca y su libertad creativa vuele.<\/span><\/p>\n<p style=\"text-align: justify;\"><span style=\"color: #0854f6;\"><strong>Qu\u00e9 obras has producido y coordinado?<\/strong> Antes de empezar a producir y dirigir mis propios proyectos, hice trabajo de producci\u00f3n para muchos directores y grupos. Pero a partir del 2005 me tir\u00e9 al agua. Con La Lumbre comunidad teatral, que es el grupo al que pertenezco, hemos producido bajo mi direcci\u00f3n 3 obras de mi autor\u00eda: <b>El tesoro de Anita<\/b> y <b>El d\u00eda que el sol despreci\u00f3 a la Luna<\/b>, para ni\u00f1@s y <b>Las Mazorca<\/b>, para todo p\u00fablico, y los cl\u00e1sicos <b>Hamlet<\/b> de Shakespeare, y <b>Las Preciosas Rid\u00edculas<\/b> de Moliere, que se estrenar\u00e1 pr\u00f3ximamente.<a href=\"https:\/\/heidysandovalruiz.com\/wp-content\/uploads\/2013\/07\/1270000_10201180291162591_1141042200_o.jpg\"><img loading=\"lazy\" decoding=\"async\" class=\"wp-image-2607 alignright\" alt=\"1270000_10201180291162591_1141042200_o\" src=\"https:\/\/heidysandovalruiz.com\/wp-content\/uploads\/2013\/07\/1270000_10201180291162591_1141042200_o-300x232.jpg\" width=\"210\" height=\"162\" srcset=\"https:\/\/heidysandovalruiz.com\/wp-content\/uploads\/2013\/07\/1270000_10201180291162591_1141042200_o-300x232.jpg 300w, https:\/\/heidysandovalruiz.com\/wp-content\/uploads\/2013\/07\/1270000_10201180291162591_1141042200_o-1024x795.jpg 1024w, https:\/\/heidysandovalruiz.com\/wp-content\/uploads\/2013\/07\/1270000_10201180291162591_1141042200_o.jpg 1567w\" sizes=\"auto, (max-width: 210px) 100vw, 210px\" \/><\/a><\/span><\/p>\n<p style=\"text-align: justify;\"><span style=\"color: #0854f6;\"><strong>Qu\u00e9 actividades has realizado con los estudiantes<\/strong>: Con los y las estudiantes hemos realizado varios montajes, lo m\u00e1s reciente ser\u00eda en la ESA de la USAC donde podemos mencionar <b>El entrem\u00e9s de los cinco pescaditos y el r\u00edo revuelto<\/b> de Galich, \u00a0E<b>r\u00e1se una vez, y otra y otra <\/b>Creaci\u00f3n colectiva, en la ENAD <b>Flores de Papel <\/b>creaci\u00f3n colectiva y una versi\u00f3n libre de <b>La casa de Bernarda Alba <\/b>de Garc\u00eda Lorca, con el Taller Permanente de Actuaci\u00f3n <b>El caf\u00e9 e Indiferencia <\/b>Creaci\u00f3n colectiva y <b>La Tacita de Plata <\/b>a partir de una idea de Silvia del Aguila. Y un mont\u00f3n m\u00e1s de ejercicios y trabajos de final de curso.<\/span><\/p>\n<p style=\"text-align: justify;\"><span style=\"color: #0854f6;\"><strong>En qu\u00e9 obras has participado?<\/strong> Uy, muchas, no las he contado pero te puedo mencionar algunos montajes en los que he participado como actriz, los primeros tres fueron <b>La novicia rebelde<\/b> con Kodaly, <b>El Cofre encantado<\/b> con Diez Jr. y <b>Zipacn\u00e1 toma tu lanza<\/b> con Escenario 7-79, luego <b>El Show de cretina<\/b> y <b>As\u00ed que se vaya<\/b> con Candilejas, <b>La tortuga y la liebre<\/b> y <b>La casa de Bernarda Alba<\/b> con Centauro, <b>El Escondido<\/b> con Mario Monteforte Toledo, <b>Pantomima Nacional<\/b> con Douglas Gonz\u00e1lez Dub\u00f3n,\u00a0 <b>Soluna<\/b> con Teatro de los Confines, <b>Dos huitecos sueltos en New York<\/b> y <b>El omni no es un platillo volador.<\/b><\/span><\/p>\n<p style=\"text-align: justify;\"><span style=\"color: #0854f6;\"><b>Otras obras en las que has participado que recuerdes: <\/b>con Los Comediantes.com, <b>Tartufo<\/b> con Rayuela, <b>Fuenteovejuna<\/b> con Grupo Teatral Bamb\u00fa de Honduras, <b>Mi querido suegro<\/b> con Aquelarre teatro contempor\u00e1neo y las de La Lumbre: <b>El tesoro de Anita, Las Mazorca, El d\u00eda que el sol despreci\u00f3 a la luna<\/b> y <b>Hamlet<\/b>. He tenido el gusto de trabajar con los directores y directoras m\u00e1s conocidos del pa\u00eds como Guillermo Ram\u00edrez, Angelo Medina, Ricardo Mart\u00ednez, Fernando Ju\u00e1rez, Guillermo Monsanto, Mercedes Fuentes. En cine lo m\u00e1s reciente y que mucho p\u00fablico ha visto es <b>Toque de Queda<\/b> con Casa Comal y <b>Antolog\u00eda Mario Monteforte Toledo <\/b>con Luis Carlos Coronado, aunque he participado en muchos cortometrajes y varias pel\u00edculas.<\/span><\/p>\n<p style=\"text-align: justify;\"><span style=\"color: #0854f6;\"><strong>Qu\u00e9 requisitos se deben llenar para ser parte del Taller Permanente de Actuaci\u00f3n TPA?<\/strong> En realidad no muchos, ser mayor de 15 a\u00f1os, no hay l\u00edmite para el otro lado, y tener muchas ganas de actuar.\u00a0 Tambi\u00e9n es importante tener una buena condici\u00f3n f\u00edsica o mejor dicho estar en la disposici\u00f3n de adquirir una buena condici\u00f3n f\u00edsica. Y claro, tener el tiempo los s\u00e1bados por la tarde para ir a divertirse y aprender.<a href=\"https:\/\/heidysandovalruiz.com\/wp-content\/uploads\/2013\/11\/05052013346.jpg\"><img loading=\"lazy\" decoding=\"async\" class=\"size-medium wp-image-122 alignleft\" alt=\"05052013346\" src=\"https:\/\/heidysandovalruiz.com\/wp-content\/uploads\/2013\/11\/05052013346-168x300.jpg\" width=\"168\" height=\"300\" \/><\/a><\/span><\/p>\n<p style=\"text-align: justify;\"><span style=\"color: #0854f6;\"><strong>Cu\u00e1les son tus proyectos a corto plazo?<\/strong> Estoy ensayando <b>Mamma M\u00eda,<\/b> el musical, con lo que vuelvo a mis ra\u00edces, aunque yo siempre incluyo m\u00fasica, canto y movimiento en mis montajes, esta propuesta es eminentemente teatro musical. Se estrena el 3 de agosto en el teatro Lux. Con La Lumbre comunidad teatral estamos preparando <b>Las Preciosas Rid\u00edculas<\/b> de Moliere para iniciar el 22 de agosto en el Teatro de C\u00e1mara del Centro Cultural Miguel \u00c1ngel Asturias, esa es una propuesta super loca, muy pl\u00e1stica, bonita y para re\u00edrse mucho, sabemos que el p\u00fablico se divertir\u00e1 tanto como lo estamos haciendo nosotros con el montaje. <\/span><\/p>\n<p style=\"text-align: justify;\"><span style=\"color: #0854f6;\">Tambi\u00e9n estamos trabajando <b>La noche de los casacabeles<\/b> de Mario Monteforte Toledo con el Taller Permanente de Actuaci\u00f3n para el encuentro de estudiantes de teatro de este a\u00f1o. Como maestra, pues seguir con el TPA, la Enad y la ESA haciendo sudar a los y las estudiantes. En cine estamos esperando el estreno de la pel\u00edcula <b>Grano de L\u00e1grimas<\/b> dirigida por don Julio D\u00e1vila que probablemente vea la pantalla tambi\u00e9n en agosto.<\/span><\/p>\n<p style=\"text-align: justify;\"><span style=\"color: #3366ff;\">Les invitamos para que se unan al grupo de \u00ab<b>Artistas de Guatemala para el Mundo<\/b>\u00bb en este link<\/span><b>\u00a0<\/b><a href=\"http:\/\/on.fb.me\/1sn2wSf\"><b>http:\/\/on.fb.me\/1sn2wSf<\/b><\/a>,\u00a0<span style=\"color: #3366ff;\">el cual tiene como prop\u00f3sito compartir videos, fotos, an\u00e9cdotas y todo lo de nuestros artistas en las diferentes d\u00e9cadas.<\/span><\/p>\n<p><span style=\"color: #3366ff;\"><b>\u00a0<\/b><\/span><\/p>\n<p><span style=\"color: #3366ff;\"><b>Las entrevistas las pueden leer en los siguientes links:<\/b><\/span><\/p>\n<p><a title=\"La Cara amiga de &quot;Fernando Scheel&quot;\" href=\"http:\/\/lasentrevistasdeheidy.blogspot.com\">http:\/\/lasentrevistasdeheidy.blogspot.com<\/a><\/p>\n<p><a title=\"Los invitados de Heidy\" href=\"https:\/\/www.facebook.com\/pages\/Los-invitados-de-Heidy\/892159284204965?ref=hl\">https:\/\/www.facebook.com\/pages\/Los-invitados-de-Heidy\/892159284204965?ref=hl<\/a><\/p>\n<p><strong><span style=\"color: #0854f6;\"><i>Entrevista realizada por Heidy Sandoval Ruiz<\/i><\/span><\/strong><\/p>\n","protected":false},"excerpt":{"rendered":"<div class=\"mh-excerpt\"><p>Hoy en la \u201dCara amiga de nuestros artistas\u201d, presentamos a una complet\u00edsima figura de las tablas ella es Flora Mar\u00eda M\u00e9ndez, quien posee una Licenciatura <a class=\"mh-excerpt-more\" href=\"https:\/\/heidysandovalruiz.com\/?p=84\" title=\"La cara amiga de \u00abFlora Mar\u00eda M\u00e9ndez\u00bb\">[&#8230;]<\/a><\/p>\n<\/div>","protected":false},"author":4,"featured_media":86,"comment_status":"closed","ping_status":"closed","sticky":false,"template":"","format":"standard","meta":{"footnotes":""},"categories":[16],"tags":[15],"class_list":["post-84","post","type-post","status-publish","format-standard","has-post-thumbnail","hentry","category-la-cara-amiga","tag-la-cara-amiga-de-flora-maria-mendez"],"_links":{"self":[{"href":"https:\/\/heidysandovalruiz.com\/index.php?rest_route=\/wp\/v2\/posts\/84","targetHints":{"allow":["GET"]}}],"collection":[{"href":"https:\/\/heidysandovalruiz.com\/index.php?rest_route=\/wp\/v2\/posts"}],"about":[{"href":"https:\/\/heidysandovalruiz.com\/index.php?rest_route=\/wp\/v2\/types\/post"}],"author":[{"embeddable":true,"href":"https:\/\/heidysandovalruiz.com\/index.php?rest_route=\/wp\/v2\/users\/4"}],"replies":[{"embeddable":true,"href":"https:\/\/heidysandovalruiz.com\/index.php?rest_route=%2Fwp%2Fv2%2Fcomments&post=84"}],"version-history":[{"count":8,"href":"https:\/\/heidysandovalruiz.com\/index.php?rest_route=\/wp\/v2\/posts\/84\/revisions"}],"predecessor-version":[{"id":2610,"href":"https:\/\/heidysandovalruiz.com\/index.php?rest_route=\/wp\/v2\/posts\/84\/revisions\/2610"}],"wp:featuredmedia":[{"embeddable":true,"href":"https:\/\/heidysandovalruiz.com\/index.php?rest_route=\/wp\/v2\/media\/86"}],"wp:attachment":[{"href":"https:\/\/heidysandovalruiz.com\/index.php?rest_route=%2Fwp%2Fv2%2Fmedia&parent=84"}],"wp:term":[{"taxonomy":"category","embeddable":true,"href":"https:\/\/heidysandovalruiz.com\/index.php?rest_route=%2Fwp%2Fv2%2Fcategories&post=84"},{"taxonomy":"post_tag","embeddable":true,"href":"https:\/\/heidysandovalruiz.com\/index.php?rest_route=%2Fwp%2Fv2%2Ftags&post=84"}],"curies":[{"name":"wp","href":"https:\/\/api.w.org\/{rel}","templated":true}]}}