{"id":8401,"date":"2026-03-27T04:27:44","date_gmt":"2026-03-27T04:27:44","guid":{"rendered":"https:\/\/heidysandovalruiz.com\/?p=8401"},"modified":"2026-03-27T04:42:53","modified_gmt":"2026-03-27T04:42:53","slug":"este-27-de-marzo-guatemala-se-rinde-ante-la-magia-del-teatro","status":"publish","type":"post","link":"https:\/\/heidysandovalruiz.com\/?p=8401","title":{"rendered":"Este 27 de marzo Guatemala se rinde ante la magia del teatro"},"content":{"rendered":"\n<h1 class=\"wp-block-heading\"><\/h1>\n\n\n\n<p>Cada 27 de marzo, las luces de los escenarios guatemaltecos brillan con una intensidad especial. En esta fecha, nos unimos a la celebraci\u00f3n del <strong>D\u00eda Mundial del Teatro<\/strong>, pero con un sentimiento profundamente chap\u00edn, honrando a los artistas, directores, t\u00e9cnicos y dramaturgos que han dado vida a nuestra identidad sobre las tablas.<\/p>\n\n\n\n<p><strong>Un Escenario de Historia y Cultura<\/strong><\/p>\n\n\n\n<p>El teatro en Guatemala no es solo entretenimiento; es un espejo de nuestra sociedad. Desde las representaciones prehisp\u00e1nicas del Rabinal Ach\u00ed, declarado Obra Maestra del Patrimonio Oral e Inmaterial de la Humanidad, hasta las vibrantes puestas en escena contempor\u00e1neas en el Centro Cultural Miguel \u00c1ngel Asturias, el teatro ha sido nuestra voz.<\/p>\n\n\n\n<p>Recordar esta fecha es tambi\u00e9n rendir homenaje a grandes figuras que cimentaron este arte en el pa\u00eds, como:<\/p>\n\n\n\n<p>Manuel Galich, cuya dramaturgia pol\u00edtica y social marc\u00f3 una \u00e9poca.<\/p>\n\n\n\n<p>Vicenta Laparra de la Cerda, pionera y apasionada de las letras.<\/p>\n\n\n\n<p>Hugo Carrillo, que con su \u00abSe\u00f1or Presidente\u00bb llev\u00f3 nuestra realidad al lenguaje universal de la escena.<\/p>\n\n\n\n<p>Mar\u00eda Teresa Mart\u00ednez fue una de las pioneras en el mundo de la actuaci\u00f3n en Guatemala.<\/p>\n\n\n\n<p>Rafael Pineda su trayectoria de m\u00e1s de 50 a\u00f1os incluye aproximadamente 100 montajes de teatro para adultos, ni\u00f1os y estudiantes.<\/p>\n\n\n\n<p>Prudem Castellanos fue un destacado declamador, poeta y actor espa\u00f1ol y quien hizo de Guatemala su segunda patria.<\/p>\n\n\n\n<p><strong>\u00bfPor qu\u00e9 celebramos este d\u00eda?<\/strong><\/p>\n\n\n\n<p>El teatro nos permite: Vivir mil vidas: Nos transporta a otras \u00e9pocas, realidades y emociones en cuesti\u00f3n de segundos.<\/p>\n\n\n\n<p>Reflexionar: Nos confronta con nuestras propias verdades y desaf\u00edos sociales.<\/p>\n\n\n\n<p>Unirnos: El teatro es un acto colectivo. Nada supera la energ\u00eda compartida entre el p\u00fablico y el actor cuando el tel\u00f3n se levanta.<\/p>\n\n\n\n<p>En este D\u00eda del Teatro, la mejor forma de celebrar es llenando las salas. Guatemala cuenta con una oferta diversa: desde el teatro popular y la comedia que nos hace re\u00edr de nosotros mismos, hasta dramas profundos que nos dejan pensando por d\u00edas.<\/p>\n\n\n\n<p>Que este 27 de marzo sirva para recordar que, mientras haya alguien dispuesto a contar una historia y alguien dispuesto a escucharla, el teatro en Guatemala seguir\u00e1 siendo un pilar inamovible de nuestra cultura.<\/p>\n\n\n\n<p>Un recuerdo especial a la memoria de <strong>Edgar Qui\u00f1\u00f3nez<\/strong> y su esposa <strong>Mayra Elizabeth M\u00e9ndez Morales <\/strong>\u201cla colocha\u201d quienes fallecieron a principios de este a\u00f1o.<\/p>\n\n\n\n<p>\u00a1Feliz D\u00eda del Teatro a todos los teatreros de Guatemala! \ud83c\udfad\ud83c\uddec\ud83c\uddf9<\/p>\n\n\n\n<p><strong>\u201cEl teatro es poes\u00eda que se sale del libro para hacerse humana\u201d.<\/strong>\u2014 Federico Garc\u00eda Lorca poeta y dramaturgo espa\u00f1ol.<\/p>\n\n\n\n<figure class=\"wp-block-image size-full\"><a href=\"https:\/\/heidysandovalruiz.com\/wp-content\/uploads\/2026\/03\/fdde84f5-0b26-48f4-8229-29e56fe43dbd-1.jpg\"><img loading=\"lazy\" decoding=\"async\" width=\"719\" height=\"852\" src=\"https:\/\/heidysandovalruiz.com\/wp-content\/uploads\/2026\/03\/fdde84f5-0b26-48f4-8229-29e56fe43dbd-1.jpg\" alt=\"\" class=\"wp-image-8407\" srcset=\"https:\/\/heidysandovalruiz.com\/wp-content\/uploads\/2026\/03\/fdde84f5-0b26-48f4-8229-29e56fe43dbd-1.jpg 719w, https:\/\/heidysandovalruiz.com\/wp-content\/uploads\/2026\/03\/fdde84f5-0b26-48f4-8229-29e56fe43dbd-1-253x300.jpg 253w\" sizes=\"auto, (max-width: 719px) 100vw, 719px\" \/><\/a><\/figure>\n\n\n\n<p><\/p>\n","protected":false},"excerpt":{"rendered":"<div class=\"mh-excerpt\"><p>Cada 27 de marzo, las luces de los escenarios guatemaltecos brillan con una intensidad especial. En esta fecha, nos unimos a la celebraci\u00f3n del D\u00eda <a class=\"mh-excerpt-more\" href=\"https:\/\/heidysandovalruiz.com\/?p=8401\" title=\"Este 27 de marzo Guatemala se rinde ante la magia del teatro\">[&#8230;]<\/a><\/p>\n<\/div>","protected":false},"author":4,"featured_media":8405,"comment_status":"closed","ping_status":"closed","sticky":false,"template":"","format":"standard","meta":{"footnotes":""},"categories":[5],"tags":[],"class_list":["post-8401","post","type-post","status-publish","format-standard","has-post-thumbnail","hentry","category-entrevistas"],"_links":{"self":[{"href":"https:\/\/heidysandovalruiz.com\/index.php?rest_route=\/wp\/v2\/posts\/8401","targetHints":{"allow":["GET"]}}],"collection":[{"href":"https:\/\/heidysandovalruiz.com\/index.php?rest_route=\/wp\/v2\/posts"}],"about":[{"href":"https:\/\/heidysandovalruiz.com\/index.php?rest_route=\/wp\/v2\/types\/post"}],"author":[{"embeddable":true,"href":"https:\/\/heidysandovalruiz.com\/index.php?rest_route=\/wp\/v2\/users\/4"}],"replies":[{"embeddable":true,"href":"https:\/\/heidysandovalruiz.com\/index.php?rest_route=%2Fwp%2Fv2%2Fcomments&post=8401"}],"version-history":[{"count":2,"href":"https:\/\/heidysandovalruiz.com\/index.php?rest_route=\/wp\/v2\/posts\/8401\/revisions"}],"predecessor-version":[{"id":8409,"href":"https:\/\/heidysandovalruiz.com\/index.php?rest_route=\/wp\/v2\/posts\/8401\/revisions\/8409"}],"wp:featuredmedia":[{"embeddable":true,"href":"https:\/\/heidysandovalruiz.com\/index.php?rest_route=\/wp\/v2\/media\/8405"}],"wp:attachment":[{"href":"https:\/\/heidysandovalruiz.com\/index.php?rest_route=%2Fwp%2Fv2%2Fmedia&parent=8401"}],"wp:term":[{"taxonomy":"category","embeddable":true,"href":"https:\/\/heidysandovalruiz.com\/index.php?rest_route=%2Fwp%2Fv2%2Fcategories&post=8401"},{"taxonomy":"post_tag","embeddable":true,"href":"https:\/\/heidysandovalruiz.com\/index.php?rest_route=%2Fwp%2Fv2%2Ftags&post=8401"}],"curies":[{"name":"wp","href":"https:\/\/api.w.org\/{rel}","templated":true}]}}