{"id":861,"date":"2014-01-26T17:30:57","date_gmt":"2014-01-26T17:30:57","guid":{"rendered":"http:\/\/heidysandovalruiz.com\/?p=861"},"modified":"2014-01-28T02:16:40","modified_gmt":"2014-01-28T02:16:40","slug":"la-cara-amiga-de-herbert-estuardo-meneses","status":"publish","type":"post","link":"https:\/\/heidysandovalruiz.com\/?p=861","title":{"rendered":"La cara amiga de \u00abHerbert Estuardo Meneses Coronado\u00bb"},"content":{"rendered":"<p style=\"text-align: justify;\"><span style=\"color: #003366;\">En la \u201c<b>Cara amiga de los invitados de Heidy<\/b>\u201d hoy presento a un hombre Jurista, Diplom\u00e1tico, cantante, futbolista, comentarista, asesor, periodista, locutor y puro rojo. \u00a0Se ha comprometido en cada una de las actividades que realiza como representante de Guatemala en varios pa\u00edses del istmo. Sin embargo, el gusto por el arte lo trae en las venas, pues Herbert Meneses y Marina Coronado sus padres, han sido destacados artistas de nuestra tierra. Hoy presento a\u00a0<b>Herbert Estuardo Meneses Coronado,\u00a0<\/b>quien compartir\u00e1 con nosotros momentos de su vida personal, diplom\u00e1tica y art\u00edstica.\u00a0 Doy la bienvenida a nuestro invitado, a este espacio donde se puede decir lo que se quiere y lo que en otros medios no se puede.<a href=\"https:\/\/heidysandovalruiz.com\/wp-content\/uploads\/2014\/01\/6.jpg\"><img loading=\"lazy\" decoding=\"async\" class=\"alignnone size-thumbnail wp-image-941\" alt=\"6\" src=\"https:\/\/heidysandovalruiz.com\/wp-content\/uploads\/2014\/01\/6.jpg\" width=\"1\" height=\"1\" \/><\/a><a href=\"https:\/\/heidysandovalruiz.com\/wp-content\/uploads\/2014\/01\/6.jpg\"><img loading=\"lazy\" decoding=\"async\" class=\"alignnone size-thumbnail wp-image-941\" alt=\"6\" src=\"https:\/\/heidysandovalruiz.com\/wp-content\/uploads\/2014\/01\/6.jpg\" width=\"1\" height=\"1\" \/><\/a><a href=\"https:\/\/heidysandovalruiz.com\/wp-content\/uploads\/2014\/01\/9.jpg\"><img loading=\"lazy\" decoding=\"async\" class=\"size-thumbnail wp-image-945 alignright\" alt=\"9\" src=\"https:\/\/heidysandovalruiz.com\/wp-content\/uploads\/2014\/01\/9-150x150.jpg\" width=\"150\" height=\"150\" \/><\/a><\/span><\/p>\n<p style=\"text-align: justify;\"><span style=\"color: #003366;\"><b>Lo primero que quiero preguntarte es que influencia tuvieron tus padres en tu inclinaci\u00f3n por el arte?\u00a0<\/b>Gen\u00e9ticamente hablando creo que mucha, porque el arte en general siempre ha sido algo muy importante en mi vida, ahora bien, en aspectos directos s\u00f3lo a trav\u00e9s de la admiraci\u00f3n que siento por ellos y el trabajo, que cada uno realiz\u00f3 en su momento.<\/span><\/p>\n<p style=\"text-align: justify;\"><span style=\"color: #003366;\"><strong>La etapa de la ni\u00f1ez sin duda alguna es inolvidable para cada ser humano, c\u00f3mo recuerdas la tuya?<\/strong>\u00a0Fue una ni\u00f1ez gracias a Dios muy linda, aunque en esa \u00e9poca nuestras condiciones econ\u00f3micas eran muy modestas, fui rico en el afecto y buenos ejemplos, que me dieron en el hogar que form\u00f3 mi madre, con mi padre de crianza, Rolando Noriega Jer\u00e9z; hombre tambi\u00e9n vinculado a los medios de comunicaci\u00f3n social. Mi barrio, que recuerdo inicialmente era el de la Palmita en la zona 5 de esta ciudad, ah\u00ed comenc\u00e9 a valorar la amistad que nace de los seres m\u00e1s humildes.<\/span><\/p>\n<p style=\"text-align: justify;\"><span style=\"color: #003366;\"><a href=\"https:\/\/heidysandovalruiz.com\/wp-content\/uploads\/2014\/01\/6.jpg\"><img loading=\"lazy\" decoding=\"async\" class=\"alignnone size-thumbnail wp-image-941\" alt=\"6\" src=\"https:\/\/heidysandovalruiz.com\/wp-content\/uploads\/2014\/01\/6.jpg\" width=\"1\" height=\"1\" \/><\/a>Despu\u00e9s nos trasladamos a donde actualmente vive mi madre, Marina<a href=\"https:\/\/heidysandovalruiz.com\/wp-content\/uploads\/2014\/01\/6.jpg\"><img loading=\"lazy\" decoding=\"async\" class=\"alignnone size-thumbnail wp-image-941\" alt=\"6\" src=\"https:\/\/heidysandovalruiz.com\/wp-content\/uploads\/2014\/01\/6.jpg\" width=\"1\" height=\"1\" \/><\/a><a href=\"https:\/\/heidysandovalruiz.com\/wp-content\/uploads\/2014\/01\/12.jpg\"><img loading=\"lazy\" decoding=\"async\" class=\"size-thumbnail wp-image-936 alignleft\" alt=\"1\" src=\"https:\/\/heidysandovalruiz.com\/wp-content\/uploads\/2014\/01\/12-150x150.jpg\" width=\"150\" height=\"150\" \/><\/a>Coronado, es decir, la colonia El Mirador en la zona 11 de esta ciudad. Aqu\u00ed crec\u00ed no s\u00f3lo como ni\u00f1o, adolescente y joven sino tambi\u00e9n como adulto. Fueron a\u00f1os maravillosos, llenos en su mayor\u00eda de gratos y felices momentos, salvo cuando nos toc\u00f3 que llorar el fallecimiento de alguno de nuestros queridos amigos. La mayor parte del tiempo la dedicamos a estudiar y a jugar, creo que a eso es lo que deben venir los ni\u00f1os al mundo.<\/span><\/p>\n<p style=\"text-align: justify;\"><span style=\"color: #003366;\"><b>D\u00f3nde estudiaste tu primaria, secundaria y bachillerato? Recuerdas a algunos maestros que te brindaron los conocimientos que te formaron?\u00a0<\/b>Inici\u00e9 mis estudios en el Liceo Franco Guatemalteco, que desapareci\u00f3, as\u00ed como los maestros, en buena parte despu\u00e9s siguieron en el colegio que hoy se conoce como Julio Verne. Despu\u00e9s ingres\u00e9 en tercero primaria al Liceo Guatemala donde me gradu\u00e9 de Bachiller en Ciencias y Letras.<\/span><\/p>\n<p style=\"text-align: justify;\"><span style=\"color: #003366;\">No me gustar\u00eda dejar de mencionar a ninguno de mis profesores, por falta de memoria y porque a todos tengo mucho que agradecerles, por sus ense\u00f1anzas y ejemplo.<\/span><\/p>\n<figure id=\"attachment_877\" aria-describedby=\"caption-attachment-877\" style=\"width: 150px\" class=\"wp-caption alignright\"><a href=\"https:\/\/heidysandovalruiz.com\/wp-content\/uploads\/2014\/01\/1545789_10152168426419791_519262981_n.jpg\"><img loading=\"lazy\" decoding=\"async\" class=\"size-thumbnail wp-image-877\" alt=\"Entrevista televisi\u00f3n rusa\" src=\"https:\/\/heidysandovalruiz.com\/wp-content\/uploads\/2014\/01\/1545789_10152168426419791_519262981_n-150x150.jpg\" width=\"150\" height=\"150\" \/><\/a><figcaption id=\"caption-attachment-877\" class=\"wp-caption-text\">Entrevista televisi\u00f3n rusa<\/figcaption><\/figure>\n<p style=\"text-align: justify;\"><span style=\"color: #003366;\"><b>Y qu\u00e9 nos puedes compartir de tus estudios universitarios?\u00a0<\/b>Inici\u00e9 mis estudios universitarios en la Universidad Rafael Land\u00edvar, en donde obtuve la licenciatura en Ciencias Jur\u00eddicas y Sociales, as\u00ed como los t\u00edtulos profesionales de abogado y notario. Posteriormente realic\u00e9 diversos estudios de especializaci\u00f3n, algunos de ellos los menciono, por la relevancia y utilidad que me han brindado: Maestr\u00eda en Administraci\u00f3n P\u00fablica (USAC-INAP); post grado en Relaciones Internacionales con especialidad en Pol\u00edtica Exterior del Brasil (Universidad de Brasilia); Alta Gerencia (INCAE, Costa Rica) y Doctorado en Ciencias Pol\u00edticas (Universidad de La Habana,Cuba).<\/span><\/p>\n<p style=\"text-align: justify;\"><span style=\"color: #003366;\"><b>Qu\u00e9 idiomas dominas?<\/b>\u00a0ingl\u00e9s y portugu\u00e9s, ahora estudio ruso<\/span><\/p>\n<p style=\"text-align: justify;\"><span style=\"color: #003366;\"><b>C\u00f3mo surge la inquietud de formarte en la carrera diplom\u00e1tica?<\/b>\u00a0De leer algunas biograf\u00edas de l\u00edderes pol\u00edticos, as\u00ed como de la oportunidad que me brind\u00f3 inicialmente el presidente Ramiro de Le\u00f3n Carpio (qepd) y los subsiguientes presidentes de la rep\u00fablica, que me han confiado tan alto honor de servir a mi patria.<\/span><\/p>\n<p style=\"text-align: justify;\"><span style=\"color: #003366;\"><b>De no haber tenido esta carrera, en qu\u00e9 campo te hubiera gustado desenvolverte?\u00a0<\/b>Como te coment\u00e9, antes de incorporarme a la carrera diplom\u00e1tica, ya era abogado y notario, por lo que creo que esa veta sigue vigente en m\u00ed.\u00a0 Por supuesto, que hay otros en los que me hubiera gustado desempe\u00f1arme uno de ellos ser\u00eda el periodismo y la docencia.<\/span><\/p>\n<p style=\"text-align: justify;\"><span style=\"color: #003366;\"><b>Ahora bien, en tu faceta de Embajador en qu\u00e9 pa\u00edses has representado a Guatemala?\u00a0<\/b>Nicaragua, Brasil, Cuba y Rusia.<\/span><\/p>\n<p style=\"text-align: justify;\"><span style=\"color: #003366;\"><b>De estos lugares cu\u00e1l es d\u00f3nde te has sentido m\u00e1s a gusto?<\/b>\u00a0Es una pregunta dif\u00edcil de contestar como cuando a uno le preguntan si uno quiere m\u00e1s o menos a un hijo, la respuesta en mi opini\u00f3n es que se les ama a todos por igual, pero hay algunas afinidades en unos y en otros, que algunas ocasiones te hacen coincidir en m\u00e1s o en menos; de manera que te respondo que en todos me he sentido bien, en todos he aprendido mucho y he venido dejando partes de mi coraz\u00f3n, pero indudablemente que cada uno te marca por diferentes razones.<\/span><\/p>\n<figure id=\"attachment_878\" aria-describedby=\"caption-attachment-878\" style=\"width: 150px\" class=\"wp-caption alignleft\"><a href=\"https:\/\/heidysandovalruiz.com\/wp-content\/uploads\/2014\/01\/1604585_10152168425254791_991390883_n.jpg\"><img loading=\"lazy\" decoding=\"async\" class=\"size-thumbnail wp-image-878\" alt=\"Presentaci\u00f3n de credenciales con el presidente Vladimir Putin.\" src=\"https:\/\/heidysandovalruiz.com\/wp-content\/uploads\/2014\/01\/1604585_10152168425254791_991390883_n-150x150.jpg\" width=\"150\" height=\"150\" \/><\/a><figcaption id=\"caption-attachment-878\" class=\"wp-caption-text\">Presentaci\u00f3n de credenciales con el presidente Vladimir Putin.<\/figcaption><\/figure>\n<p style=\"text-align: justify;\"><span style=\"color: #003366;\"><b>Cu\u00e1l es el clima que m\u00e1s te ha gustado y cu\u00e1l no de los pa\u00edses donde has vivido?\u00a0<\/b>Padezco de renitis y entonces es un poco dif\u00edcil acomodarme totalmente a los climas, que me han tocado en los diferentes destinos, incluso en mi amada Guatemala tengo padecimientos por diversas razones.\u00a0 He tenido que convivir con climas bastante variables incluso medio en broma me invent\u00e9 un t\u00e9rmino cuando me trasladaron de Cuba a Rusia y dije que se trataba de \u201cuna pasteurizaci\u00f3n diplom\u00e1tica\u201d.<\/span><\/p>\n<p style=\"text-align: justify;\"><span style=\"color: #003366;\"><b>En qu\u00e9 pa\u00eds te gustar\u00eda representar a Guatemala?\u00a0<\/b>Si de representar a mi Guatemala se trata, cualquiera ser\u00e1 bienvenido y lo har\u00e9 con mucho orgullo as\u00ed como alegr\u00eda.<\/span><\/p>\n<p style=\"text-align: justify;\"><span style=\"color: #003366;\"><b>De los pa\u00edses que has visitado que cocina te gusta m\u00e1s?<\/b>\u00a0Soy aficionado a la comida mexicana, china, italiana y espa\u00f1ola.<\/span><\/p>\n<p style=\"text-align: justify;\"><span style=\"color: #003366;\"><b>Has extra\u00f1ado la cocina t\u00edpica de Guatemala o tienes oportunidad de saborearla en los pa\u00edses donde has estado?\u00a0<\/b>S\u00ed la extra\u00f1o y mucho, pero procuro improvisar cada vez que puedo algo a\u00fan con muchas limitaciones, especialmente en pa\u00edses como Rusia, que son otras culturas gastron\u00f3micas las que convergen aqu\u00ed y entonces cuesta un poco conseguir algunos elementos as\u00ed como condimentos para preparar nuestros platos.<\/span><\/p>\n<p style=\"text-align: justify;\"><span style=\"color: #003366;\"><b>En tu faceta de artista, sabemos de muy buena fuente, que te gusta el canto y que has escrito varias canciones,\u00a0\u00a0 hay alg\u00fan material grabado y desde cuando empezaste con esta inquietud? E<\/b>mpec\u00e9 desde la adolescencia, con una guitarra, que me regal\u00f3 mi padre de crianza, Rolando Noriega, en un viaje que hicimos de M\u00e9xico a Guadalajara; era la \u00e9poca de los romances plat\u00f3nicos y entonces empec\u00e9 a buscar a los amigos que ten\u00edan similares gustos.\u00a0\u00a0<b>L<\/b>uego vinieron los enamoramientos y con ellos la inspiraci\u00f3n. Hice varias canciones, pero igual que algunas musas se fueron con ellas. \u00a0<\/span><\/p>\n<p style=\"text-align: justify;\"><span style=\"color: #003366;\">Radicado en Cuba me propuse rescatar algunas y otras que compuse por all\u00e1, las inscrib\u00ed en la Asociaci\u00f3n de Autores y Editores de Espa\u00f1a y en la Asociaci\u00f3n de Compositores de Cuba.\u00a0<\/span><\/p>\n<p style=\"text-align: justify;\">\n<p style=\"text-align: justify;\"><span style=\"color: #003366;\">Despu\u00e9s hicimos con el cantautor cubano, Sergio Gattorno un cd con melod\u00edas de nuestra propia inspiraci\u00f3n.\u00a0 Me cabe el orgullo, que una de mi autor\u00eda fue con la que Sergio abri\u00f3 el festival internacional del bolero que se llev\u00f3 a cabo hace dos a\u00f1os en la Habana, se llama \u201cQu\u00e9date siempre\u201d.<\/span><\/p>\n<p style=\"text-align: justify;\">\n<p style=\"text-align: justify;\"><span style=\"color: #003366;\">En estas fotograf\u00edas podemos observar que desde peque\u00f1o mostr\u00f3 aptitudes art\u00edsticas. \u00a0Gracias a Marina Coronado por el apoyo fot\u00f3grafico de algunas facetas de la ni\u00f1ez de nuestro destacado invitado.<\/span><\/p>\n<p style=\"text-align: justify;\"><span style=\"color: #003366;\"><div id='gallery-1' class='gallery galleryid-861 gallery-columns-3 gallery-size-thumbnail'><figure class='gallery-item'>\n\t\t\t<div class='gallery-icon portrait'>\n\t\t\t\t<a href='https:\/\/heidysandovalruiz.com\/?attachment_id=949'><img loading=\"lazy\" decoding=\"async\" width=\"150\" height=\"150\" src=\"https:\/\/heidysandovalruiz.com\/wp-content\/uploads\/2014\/01\/121-150x150.jpg\" class=\"attachment-thumbnail size-thumbnail no-lazy\" alt=\"Desde peque\u00f1o mostr\u00f3 inclinaciones art\u00edsticas.\" \/><\/a>\n\t\t\t<\/div><\/figure><figure class='gallery-item'>\n\t\t\t<div class='gallery-icon portrait'>\n\t\t\t\t<a href='https:\/\/heidysandovalruiz.com\/?attachment_id=947'><img loading=\"lazy\" decoding=\"async\" width=\"150\" height=\"150\" src=\"https:\/\/heidysandovalruiz.com\/wp-content\/uploads\/2014\/01\/13-150x150.jpg\" class=\"attachment-thumbnail size-thumbnail no-lazy\" alt=\"\" \/><\/a>\n\t\t\t<\/div><\/figure><figure class='gallery-item'>\n\t\t\t<div class='gallery-icon portrait'>\n\t\t\t\t<a href='https:\/\/heidysandovalruiz.com\/?attachment_id=948'><img loading=\"lazy\" decoding=\"async\" width=\"150\" height=\"150\" src=\"https:\/\/heidysandovalruiz.com\/wp-content\/uploads\/2014\/01\/111-150x150.jpg\" class=\"attachment-thumbnail size-thumbnail no-lazy\" alt=\"\" \/><\/a>\n\t\t\t<\/div><\/figure>\n\t\t<\/div>\n<\/p>\n<p><\/span><\/p>\n<p style=\"text-align: justify;\"><span style=\"color: #003366;\"><b>Entre tus composiciones hay alguna donde le cantes a tu Guatemala?\u00a0<\/b>No, estoy en deuda con mi amada patria.<\/span><\/p>\n<p><span style=\"color: #003366;\"><b>Qu\u00e9 instrumento musical ejecutas?<\/b>\u00a0La guitarra<\/span><\/p>\n<figure id=\"attachment_879\" aria-describedby=\"caption-attachment-879\" style=\"width: 150px\" class=\"wp-caption alignright\"><a href=\"https:\/\/heidysandovalruiz.com\/wp-content\/uploads\/2014\/01\/1560651_10152168427894791_262450611_n.jpg\"><img loading=\"lazy\" decoding=\"async\" class=\"size-thumbnail wp-image-879\" alt=\"El a\u00f1o pasado ganamos el primer lugar como mejor stand en la Feria Internacional de Turismo en Mosc\u00fa.\" src=\"https:\/\/heidysandovalruiz.com\/wp-content\/uploads\/2014\/01\/1560651_10152168427894791_262450611_n-150x150.jpg\" width=\"150\" height=\"150\" \/><\/a><figcaption id=\"caption-attachment-879\" class=\"wp-caption-text\">El a\u00f1o pasado ganamos el primer lugar como mejor stand en la Feria Internacional de Turismo en Mosc\u00fa.<\/figcaption><\/figure>\n<p style=\"text-align: justify;\"><span style=\"color: #003366;\"><b>De todas las canciones que te gustan (que no \u00a0sean de tu autor\u00eda) ha de haber alguna preferida, cu\u00e9ntanos cu\u00e1l y porqu\u00e9?\u00a0<\/b>Hay muchas como bien t\u00fa dices y de diferentes g\u00e9neros, as\u00ed que me la pones dif\u00edcil, pero, te respondo que Reloj de Roberto Cantoral, es una de las que m\u00e1s me gustan, por su letra, su arreglo y porque con ella se transmite a la persona amada todo lo que uno siente y que ese reloj no siga marcando la hora en que se va temporal o definitivamente.<\/span><\/p>\n<p style=\"text-align: justify;\"><span style=\"color: #003366;\"><b>Que autor nacional es tu preferido y si has interpretado canciones de \u00e9l?\u00a0<\/b>Amando Parrilla y Ricardo Arjona. De Ricardo s\u00ed de don Amando s\u00f3lo me siento a escuchar.<\/span><\/p>\n<p style=\"text-align: justify;\"><span style=\"color: #003366;\"><b>Como has apoyado \u00a0la promoci\u00f3n del arte guatemalteco en los diferentes pa\u00edses en qu\u00e9 has estado como Embajador?\u00a0<\/b>Confieso que en algunos ha sido menos complicado que en otros, pero gracias a la herencia de amigos de mis padres as\u00ed como mi paso al frente del Ministerio de Cultura, me pude vincular con artistas de nuestro pa\u00eds; a los que invitaba a donde estaba trabajando y ellos asist\u00edan.\u00a0 Creo mucho en la diplomacia cultural, porque es algo que une a los pueblos y en donde no hay perdedores, ya que todos ganamos.<\/span><\/p>\n<p style=\"text-align: justify;\"><span style=\"color: #003366;\"><b>La Ciudad de las Perpetuas Rosas es sin duda un lugar m\u00e1gico, te gusta visitar la ciudad colonial?\u00a0<\/b>Por supuesto, comer y dormir en la antigua es m\u00e1gico, como dice una gran amiga.<\/span><\/p>\n<p style=\"text-align: justify;\"><span style=\"color: #003366;\"><b>C\u00f3mo celebraste la Navidad en Rusia? A<\/b>qu\u00ed la navidad se celebra el 7 de enero, as\u00ed que nosotros nos juntamos con la Embajadora de El Salvador y su familia, para tener una cena de navidad y darnos el abrazo.<\/span><\/p>\n<p style=\"text-align: justify;\"><span style=\"color: #003366;\"><b>Alguna vez has hecho proyectos para dentro de unos veinte a\u00f1os?\u00a0<\/b>Si, varios. Me gusta so\u00f1ar despierto.<\/span><\/p>\n<p style=\"text-align: justify;\"><span style=\"color: #003366;\"><b>Tu madre ha sido una persona importante en tu vida, que le dices a ella que es amiga de \u201cLas entrevistas de Heidy\u201d?\u00a0<\/b>que su ejemplo ha sido mi inspiraci\u00f3n y que me siento muy orgulloso de ser su hijo.<\/span><\/p>\n<figure id=\"attachment_880\" aria-describedby=\"caption-attachment-880\" style=\"width: 150px\" class=\"wp-caption alignleft\"><a href=\"https:\/\/heidysandovalruiz.com\/wp-content\/uploads\/2014\/01\/1497549_10152168427039791_863319780_n.jpg\"><img loading=\"lazy\" decoding=\"async\" class=\"size-thumbnail wp-image-880\" alt=\"Conferencia en la Facultad de Relaciones Internacionales de Rusia.\" src=\"https:\/\/heidysandovalruiz.com\/wp-content\/uploads\/2014\/01\/1497549_10152168427039791_863319780_n-150x150.jpg\" width=\"150\" height=\"150\" \/><\/a><figcaption id=\"caption-attachment-880\" class=\"wp-caption-text\">Conferencia en la Facultad de Relaciones Internacionales de Rusia.<\/figcaption><\/figure>\n<p style=\"text-align: justify;\"><span style=\"color: #003366;\"><b>Un saludo para tus seguidores y para quienes lean esta entrevista?\u00a0<\/b>Gracias a ti y a tus seguidores, que espero no haberles aburrido, que les deseo un a\u00f1o 2014 lleno de salud, paz, armon\u00eda y bienestar. que cuentan con un amigo m\u00e1s y estoy para servirles.<\/span><\/p>\n<p style=\"text-align: justify;\"><span style=\"color: #003366;\"><b>C\u00f3mo te despedir\u00edas en ruso?<\/b>\u00a0Lo escribir\u00e9 en espa\u00f1ol, para que se pueda entender y pronunciar: dasvidania moy druks y dasvidania maya padrugas. quiere decir: adi\u00f3s mis amigos y adi\u00f3s mis amigas.<\/span><\/p>\n<p style=\"text-align: justify;\"><span style=\"color: #003366;\">Gracias por aceptar esta entrevista que nos ha dado la oportunidad de conocer m\u00e1s a fondo a un distinguido Embajador.<\/span><\/p>\n<p style=\"text-align: justify;\"><span style=\"color: #003366;\">Pueden visitar para ver m\u00e1s fotos\u00a0http:\/\/losinvitadosdeheidy.blogspot.com\/2014\/01\/la-cara-amiga-de-herbert-estuardo.html\u00a0<\/span><\/p>\n<p style=\"text-align: justify;\"><span style=\"color: #003366;\"><b>Entrevista realizada por Heidy Sandoval Ruiz<\/b><\/span><\/p>\n","protected":false},"excerpt":{"rendered":"<div class=\"mh-excerpt\"><p>En la \u201cCara amiga de los invitados de Heidy\u201d hoy presento a un hombre Jurista, Diplom\u00e1tico, cantante, futbolista, comentarista, asesor, periodista, locutor y puro rojo. <a class=\"mh-excerpt-more\" href=\"https:\/\/heidysandovalruiz.com\/?p=861\" title=\"La cara amiga de \u00abHerbert Estuardo Meneses Coronado\u00bb\">[&#8230;]<\/a><\/p>\n<\/div>","protected":false},"author":4,"featured_media":862,"comment_status":"closed","ping_status":"closed","sticky":false,"template":"","format":"standard","meta":{"footnotes":""},"categories":[16],"tags":[70],"class_list":["post-861","post","type-post","status-publish","format-standard","has-post-thumbnail","hentry","category-la-cara-amiga","tag-la-cara-amiga-de-herberth-estuardo-meneses"],"_links":{"self":[{"href":"https:\/\/heidysandovalruiz.com\/index.php?rest_route=\/wp\/v2\/posts\/861","targetHints":{"allow":["GET"]}}],"collection":[{"href":"https:\/\/heidysandovalruiz.com\/index.php?rest_route=\/wp\/v2\/posts"}],"about":[{"href":"https:\/\/heidysandovalruiz.com\/index.php?rest_route=\/wp\/v2\/types\/post"}],"author":[{"embeddable":true,"href":"https:\/\/heidysandovalruiz.com\/index.php?rest_route=\/wp\/v2\/users\/4"}],"replies":[{"embeddable":true,"href":"https:\/\/heidysandovalruiz.com\/index.php?rest_route=%2Fwp%2Fv2%2Fcomments&post=861"}],"version-history":[{"count":12,"href":"https:\/\/heidysandovalruiz.com\/index.php?rest_route=\/wp\/v2\/posts\/861\/revisions"}],"predecessor-version":[{"id":944,"href":"https:\/\/heidysandovalruiz.com\/index.php?rest_route=\/wp\/v2\/posts\/861\/revisions\/944"}],"wp:featuredmedia":[{"embeddable":true,"href":"https:\/\/heidysandovalruiz.com\/index.php?rest_route=\/wp\/v2\/media\/862"}],"wp:attachment":[{"href":"https:\/\/heidysandovalruiz.com\/index.php?rest_route=%2Fwp%2Fv2%2Fmedia&parent=861"}],"wp:term":[{"taxonomy":"category","embeddable":true,"href":"https:\/\/heidysandovalruiz.com\/index.php?rest_route=%2Fwp%2Fv2%2Fcategories&post=861"},{"taxonomy":"post_tag","embeddable":true,"href":"https:\/\/heidysandovalruiz.com\/index.php?rest_route=%2Fwp%2Fv2%2Ftags&post=861"}],"curies":[{"name":"wp","href":"https:\/\/api.w.org\/{rel}","templated":true}]}}