{"id":958,"date":"2014-01-28T17:50:36","date_gmt":"2014-01-28T17:50:36","guid":{"rendered":"http:\/\/heidysandovalruiz.com\/?p=958"},"modified":"2014-03-15T15:11:35","modified_gmt":"2014-03-15T15:11:35","slug":"la-cara-amiga-del-grupo-liverpool","status":"publish","type":"post","link":"https:\/\/heidysandovalruiz.com\/?p=958","title":{"rendered":"La cara amiga del \u00abGrupo Liverpool\u00bb"},"content":{"rendered":"<p style=\"text-align: justify;\"><span style=\"color: #000080;\">Hoy les invito a leer en \u201c<b>La cara amiga de los invitados de Heidy<\/b>\u201d, la entrevista realizada a uno de los grupos musicales que se ha mantenido durante 17 a\u00f1os en el gusto del p\u00fablico.\u00a0 Con su estilo llevan canciones en ingl\u00e9s y en espa\u00f1ol, todas muy bien seleccionadas para darle a sus seguidores un trabajo musical de calidad.\u00a0 Este grupo es <b>\u201cLiverpool<\/b>\u201d, el cual est\u00e1 integrado por Oscar Rodas, bater\u00eda, Marco de la Roca, guitarra y voz en espa\u00f1ol, Homero Ruiz voz en ingl\u00e9s, Mario Ruiz, teclados y Carlos Zamora, bajo. Ellos actualmente se presentan en Bobys Place.<\/span><\/p>\n<p style=\"text-align: justify;\"><span style=\"color: #000080;\">Recibimos a Marco De la Roca integrante del \u201c<b>Grupo Liverpool<\/b>\u201d en este espacio, donde se puede decir lo que se quiere y lo que en otros medios no se puede.<\/span><\/p>\n<p style=\"text-align: justify;\"><span style=\"color: #000080;\">Antes que nada perm\u00edtanme felicitarlos porque despu\u00e9s de 17 a\u00f1os de trabajo musical, contin\u00faan unidos realizando lo que les gusta \u201cm\u00fasica, m\u00fasica y m\u00e1s m\u00fasica\u201d<\/span><\/p>\n<p style=\"text-align: justify;\"><span style=\"color: #000080;\"><b>La primera pregunta l\u00f3gicamente es conocer c\u00f3mo se conocieron, si hay alg\u00fan parentesco entre ustedes o viv\u00edan en la misma zona?<\/b> De alguna manera nos conocimos y tuvimos alguna relaci\u00f3n cuando \u00e9ramos j\u00f3venes, cuando empezamos a hacer nuestro primeros tanes con la m\u00fasica, porque antes de Liverpool todos tocamos en diferentes grupos, adem\u00e1s en ese tiempo viv\u00edamos en zonas relativamente cercanas, zonas 3, 7 y 11. Con relaci\u00f3n al parentesco, el que existe es entre Homero y Mari\u00f1o<\/span><span style=\"color: #000080;\">, que son padre e hijo.<\/span><\/p>\n<p style=\"text-align: justify;\"><span style=\"color: #000080;\"><b>Hace ya casi dos d\u00e9cadas que han llevado su m\u00fasica<\/b><\/span><span style=\"color: #000080;\"><b>, pero\u00a0<\/b><\/span><span style=\"color: #000080;\"><b>recuerdan como fueron sus inicios, d\u00f3nde ensayaban?<\/b> Si, en nuestros inicios ensay\u00e1bamos en las casas de Oscar y Homero, posteriormente en\u00a0<\/span><span style=\"color: #000080;\">casa de un amigo, m\u00fasico tambi\u00e9n cuyo nombre es Oscar Rodr\u00edguez, quien gentilmente nos prestaba su casa para ello. Casi simult\u00e1neamente empezamos nuestra ca<\/span><span style=\"color: #000080;\">rrera art\u00edstica en el Bar-Restaurante \u201cTE<\/span><span style=\"color: #000080;\">QUILA\u201d, ubicado en la Calzada Roosevelt donde actualmente est\u00e1 un negocio de electrodom\u00e9sticos. En TEQUILA actuamos durante 10 meses aproximadamente,\u00a0<\/span><span style=\"color: #000080;\">fue all\u00ed donde nos consolidamos formalmente en octubre de 1996.<a href=\"https:\/\/heidysandovalruiz.com\/wp-content\/uploads\/2014\/01\/1464709_658303074191437_711607687_n.jpg\"><img loading=\"lazy\" decoding=\"async\" class=\"size-thumbnail wp-image-961 alignleft\" alt=\"1464709_658303074191437_711607687_n\" src=\"https:\/\/heidysandovalruiz.com\/wp-content\/uploads\/2014\/01\/1464709_658303074191437_711607687_n-150x150.jpg\" width=\"150\" height=\"150\" \/><\/a><\/span><\/p>\n<p style=\"text-align: justify;\"><span style=\"color: #000080;\"><b>Porqu\u00e9 se llama el grupo \u201cLiverpool\u201d, es por algo rela<\/b><\/span><b style=\"color: #000080;\">cionado con Los Beatles?<\/b><span style=\"color: #000080;\"> Efectivamente, el objetivo cuando se form\u00f3 el grupo, fue interpretar \u00fanicamente m\u00fa<\/span><span style=\"color: #000080;\">sica de los Beatles, tomando en cuenta que ning\u00fan grupo nacional lo hac\u00eda, fue entonces que surgi\u00f3 el nombre Liverpool, que fue el nombre que cre\u00edmos m\u00e1s relacionado y emblem\u00e1tico.<\/span><\/p>\n<p style=\"text-align: justify;\"><b style=\"color: #000080;\">Qu\u00e9 interpretaron en su primera presentaci\u00f3n m\u00fasica en ingl\u00e9s o espa\u00f1ol? <\/b><span style=\"color: #000080;\">Como te dec\u00eda el grupo naci\u00f3 con la intenci\u00f3n de interpretar \u00fanicamente m\u00fasica de los Beatles y fue as\u00ed como iniciamos originalmente con Liverpool en el Bar El Parlamento del Hotel Dorado Americana, de enero a septiembre de 1995, interpretando solamente m\u00fasica en ingl\u00e9s, sin embargo, aproximadamente en marzo de ese a\u00f1o, a petici\u00f3n del p\u00fablico introdujimos la m\u00fasica en espa\u00f1ol para interpretar en los dos idiomas, tal como lo hacemos actualmente.<\/span><\/p>\n<p style=\"text-align: justify;\"><b style=\"color: #000080;\">Qu\u00e9 es lo que a parte de la m\u00fasica los ha unido?<\/b><span style=\"color: #000080;\"> La amistad, desde que integramos el grupo inici\u00f3 una gran amistad, podr\u00eda decir que casi hermandad entre nosotros, lo cual ha hecho que sigamos los mismos integrantes a partir del mes de octubre de 1996.<\/span><\/p>\n<p style=\"text-align: justify;\"><span style=\"color: #000080;\"><b>Hay en el grupo un director o todos toman decisiones<\/b>? No existe un director espec\u00edficamente, cuando iniciamos con el grupo hicimos un pacto de caballeros podr\u00eda decirse, entre todos, donde en principio nos \u00edbamos a aceptar tal como somos cada uno, adem\u00e1s las decisiones se tomar\u00edan entre todos y eventualmente cuando no hubiera mayor\u00eda en el momento de tomarlas, con tres integrantes que estuvieran a favor ser\u00eda suficiente.<a href=\"https:\/\/heidysandovalruiz.com\/wp-content\/uploads\/2014\/01\/486652_660475793974165_2145130673_n.jpg\"><img loading=\"lazy\" decoding=\"async\" class=\"size-thumbnail wp-image-962 alignright\" alt=\"486652_660475793974165_2145130673_n\" src=\"https:\/\/heidysandovalruiz.com\/wp-content\/uploads\/2014\/01\/486652_660475793974165_2145130673_n-150x150.jpg\" width=\"150\" height=\"150\" \/><\/a><\/span><\/p>\n<p style=\"text-align: justify;\"><span style=\"color: #000080;\"><b>Cu\u00e1les presentaciones son las que m\u00e1s recuerdan?<\/b> La verdad es que hemos tenido muchas presentaciones y muy buenas experiencias que ser\u00eda dif\u00edcil ponderarlas, pero probablemente las m\u00e1s recordadas son cuando alternamos con artistas y grupos internacionales como: Leo Dan, Abracadabra, Lucho Mu\u00f1oz, Village People, Tavares entre otros.<\/span><\/p>\n<p style=\"text-align: justify;\"><span style=\"color: #000080;\"><b>Qu\u00e9 opinan de la m\u00fasica nacional<\/b>? A mi criterio, es algo muy especial que nunca se le ha dado el lugar ni la importancia que merece, en Guatemala, siempre ha existido un gran talento musical y valores excelentes, admiramos a todos los cantantes y grupos nacionales que han existido y existen actualmente.<\/span><\/p>\n<p style=\"text-align: justify;\"><span style=\"color: #000080;\"><b>Cu\u00e1ntos discos han grabado?<\/b> Nuestra discograf\u00eda cuenta con 4 CDs.<\/span><\/p>\n<p style=\"text-align: justify;\"><span style=\"color: #000080;\"><b>En sus presentaciones les solicitan m\u00e1s canciones en ingl\u00e9s o espa\u00f1ol?<\/b> Generalmente solicitan en ambos idiomas.<\/span><\/p>\n<p style=\"text-align: justify;\"><span style=\"color: #000080;\"><b>Qu\u00e9 color elijen preferentemente para uniformar al grupo?<\/b> No tenemos un color definido, pero tratamos de que sean colores oscuros para uniformarnos.<\/span><\/p>\n<p style=\"text-align: justify;\"><span style=\"color: #000080;\"><b>Si en alg\u00fan momento no est\u00e1n de acuerdo con alguna disposici\u00f3n, c\u00f3mo llegan a un acuerdo, por votaci\u00f3n?<\/b> En la mayor\u00eda de veces, respetamos la norma en cuanto a que, con tres de los cinco que estemos de acuerdo se toma la decisi\u00f3n, sin embargo en algunas oportunidades nos tenemos que reunir para analizar y consensuar lo m\u00e1s conveniente para el grupo.<\/span><\/p>\n<p style=\"text-align: justify;\"><span style=\"color: #000080;\"><b>Qui\u00e9n es el m\u00e1s t\u00edmido, el m\u00e1s enoj\u00f3n, el m\u00e1s, coqueto, el m\u00e1s serio y el m\u00e1s loco del grupo?<\/b> Eso es algo dif\u00edcil de contestarte porque cada uno tenemos nuestra manera de apreciar a los dem\u00e1s, pero si podr\u00eda decirte que el m\u00e1s serio y t\u00edmido es Carlos.<\/span><\/p>\n<p style=\"text-align: justify;\"><span style=\"color: #000080;\"><b><a href=\"https:\/\/heidysandovalruiz.com\/wp-content\/uploads\/2014\/01\/1483438_660473367307741_817991726_n.jpg\"><img loading=\"lazy\" decoding=\"async\" class=\"size-thumbnail wp-image-963 alignleft\" alt=\"1483438_660473367307741_817991726_n\" src=\"https:\/\/heidysandovalruiz.com\/wp-content\/uploads\/2014\/01\/1483438_660473367307741_817991726_n-150x150.jpg\" width=\"150\" height=\"150\" \/><\/a><\/b><\/span><span style=\"color: #000080;\"><b>Hay entre los integrantes profesionales universitarios?<\/b> Efectivamente, tu servidor (Marco De la Roca) soy Lic. en Administraci\u00f3n de Empresas, egresado de la Universidad de San Carlos de Guatemala.<\/span><\/p>\n<p style=\"text-align: justify;\"><b style=\"color: #000080;\">Independientemente de la m\u00fasica a qu\u00e9 se dedica cada uno de ustedes?<\/b><span style=\"color: #000080;\"> Homero y Mari\u00f1o a la m\u00fasica, Carlos a la Inform\u00e1tica, Oscar es propietario de un taller y yo en lo particular, ejerzo mi profesi\u00f3n en el Ministerio P\u00fablico desde hace varios a\u00f1os.<\/span><\/p>\n<p style=\"text-align: justify;\"><span style=\"color: #000080;\"><b>Hay alg\u00fan grupo nacional al que ustedes admiren?<\/b> Como dec\u00eda, todos tenemos nuestro punto de apreciaci\u00f3n diferente, yo en lo particular admiro la mayor\u00eda de grupos.<\/span><\/p>\n<p style=\"text-align: justify;\"><span style=\"color: #000080;\"><b>Con qu\u00e9 artistas guatemaltecos han compartido escenario?<\/b> Sergio Ivan De Le\u00f3n, Marjorie, Elizabeth de Guatemala, Sergio Rey, Unicornio, Los \u00c1ngeles Azules, Aldo Vi\u00f1erta, Los Duendes y muchos m\u00e1s que por el momento no recuerdo.<\/span><\/p>\n<p style=\"text-align: justify;\"><span style=\"color: #000080;\"><b>Para contrataciones donde se les localiza?<\/b> A trav\u00e9s de Facebook<b>:\u00a0 <\/b><a href=\"mailto:liverpoolguatemala@hotmail.com\"><span style=\"color: #000080;\"><b>liverpoolguatemala@hotmail.com<\/b><\/span><\/a><b>,\u00a0<\/b><\/span><span style=\"color: #000080;\">o en cualquiera de los tel\u00e9fonos siguientes: 59660391 &#8211; 47361077 \u2013 55127163 &#8211; 53007799 y 53489212.<\/span><\/p>\n<p style=\"text-align: justify;\"><span style=\"color: #000080;\">Gracias amigos de Liverpool por compartir con seguidores de las redes sociales, sus inquietudes y sus an\u00e9cdotas.<\/span><\/p>\n<p style=\"text-align: justify;\"><span style=\"color: #000080;\">Gracias a ti Heidy por esta oportunidad de compartir con amigos del FB\u00a0 y otros espacios parte de nuestra trayectoria, del trabajo que hemos realizado a los largo de estos a\u00f1os.<\/span><\/p>\n<p style=\"text-align: justify;\">\n<p style=\"text-align: justify;\"><span style=\"color: #000080;\"><strong>Les invitamos a darle me gusta a nuestras Fan Page<\/strong><\/span><\/p>\n<p><span style=\"color: #000080;\">\u00abGala de la Canci\u00f3n Guatemalteca\u00bb y \u00abLos invitados de Heidy\u00bb<\/span><\/p>\n<p><a title=\"Gala de la Canci\u00f3n Guatemalteca\" href=\"http:\/\/on.fb.me\/1kXE6cH\">http:\/\/on.fb.me\/1kXE6cH<\/a><\/p>\n<p><a title=\"Los invitados de Heidy\" href=\"http:\/\/on.fb.me\/1cnno1t\">http:\/\/on.fb.me\/1cnno1t<\/a><\/p>\n<p>&nbsp;<\/p>\n<p style=\"text-align: justify;\"><span style=\"color: #000080;\"><strong>Entrevista realizada por Heidy Sandoval Ruiz<\/strong><\/span><\/p>\n","protected":false},"excerpt":{"rendered":"<div class=\"mh-excerpt\"><p>Hoy les invito a leer en \u201cLa cara amiga de los invitados de Heidy\u201d, la entrevista realizada a uno de los grupos musicales que se <a class=\"mh-excerpt-more\" href=\"https:\/\/heidysandovalruiz.com\/?p=958\" title=\"La cara amiga del \u00abGrupo Liverpool\u00bb\">[&#8230;]<\/a><\/p>\n<\/div>","protected":false},"author":4,"featured_media":959,"comment_status":"closed","ping_status":"closed","sticky":false,"template":"","format":"standard","meta":{"footnotes":""},"categories":[16],"tags":[],"class_list":["post-958","post","type-post","status-publish","format-standard","has-post-thumbnail","hentry","category-la-cara-amiga"],"_links":{"self":[{"href":"https:\/\/heidysandovalruiz.com\/index.php?rest_route=\/wp\/v2\/posts\/958","targetHints":{"allow":["GET"]}}],"collection":[{"href":"https:\/\/heidysandovalruiz.com\/index.php?rest_route=\/wp\/v2\/posts"}],"about":[{"href":"https:\/\/heidysandovalruiz.com\/index.php?rest_route=\/wp\/v2\/types\/post"}],"author":[{"embeddable":true,"href":"https:\/\/heidysandovalruiz.com\/index.php?rest_route=\/wp\/v2\/users\/4"}],"replies":[{"embeddable":true,"href":"https:\/\/heidysandovalruiz.com\/index.php?rest_route=%2Fwp%2Fv2%2Fcomments&post=958"}],"version-history":[{"count":5,"href":"https:\/\/heidysandovalruiz.com\/index.php?rest_route=\/wp\/v2\/posts\/958\/revisions"}],"predecessor-version":[{"id":977,"href":"https:\/\/heidysandovalruiz.com\/index.php?rest_route=\/wp\/v2\/posts\/958\/revisions\/977"}],"wp:featuredmedia":[{"embeddable":true,"href":"https:\/\/heidysandovalruiz.com\/index.php?rest_route=\/wp\/v2\/media\/959"}],"wp:attachment":[{"href":"https:\/\/heidysandovalruiz.com\/index.php?rest_route=%2Fwp%2Fv2%2Fmedia&parent=958"}],"wp:term":[{"taxonomy":"category","embeddable":true,"href":"https:\/\/heidysandovalruiz.com\/index.php?rest_route=%2Fwp%2Fv2%2Fcategories&post=958"},{"taxonomy":"post_tag","embeddable":true,"href":"https:\/\/heidysandovalruiz.com\/index.php?rest_route=%2Fwp%2Fv2%2Ftags&post=958"}],"curies":[{"name":"wp","href":"https:\/\/api.w.org\/{rel}","templated":true}]}}